{"end_date": "2026-09-01", "name": "Discovery Historia PL", "info_url": "https://epg.pw/channels/174766/20260830.html", "country": "Russian Federation", "description": null, "error_message": "", "provider": "", "source_url": "https://epg.pw/api/epg.json?channel_id=174766&date=20260830&timezone=None", "epg_list": [{"desc": null, "start_date": "2026-08-30T00:00:00+00:00", "title": "Profesjonali\u015bci \u2013 Dymna"}, {"desc": null, "start_date": "2026-08-30T01:00:00+00:00", "title": "By\u0142o, nie by\u0142o | E05"}, {"desc": null, "start_date": "2026-08-30T02:00:00+00:00", "title": "Wko\u0142o Wis\u0142y | E05"}, {"desc": null, "start_date": "2026-08-30T02:30:00+00:00", "title": "Wko\u0142o Wis\u0142y | E06"}, {"desc": null, "start_date": "2026-08-30T03:00:00+00:00", "title": "Tropicielki rodzinnych historii | E02"}, {"desc": null, "start_date": "2026-08-30T04:00:00+00:00", "title": "\u0141owcy staroci | S14E21"}, {"desc": null, "start_date": "2026-08-30T05:00:00+00:00", "title": "\u0141owcy staroci | S14E22"}, {"desc": null, "start_date": "2026-08-30T06:00:00+00:00", "title": "Polscy szpiedzy \u2013 Tomasz Turowski | S02E08"}, {"desc": null, "start_date": "2026-08-30T07:00:00+00:00", "title": "Za kulisami mundialu \u2013 Arena Corinthians"}, {"desc": null, "start_date": "2026-08-30T08:00:00+00:00", "title": "Wy\u015bcigi po antyki \u2013 Francuskie \u0142\u00f3\u017cko / st\u00f3\u0142 z po\u0142owy XX wieku"}, {"desc": null, "start_date": "2026-08-30T09:00:00+00:00", "title": "Wy\u015bcigi po antyki \u2013 \u017byrandol / Interaktywna ciekawostka do pubu"}, {"desc": null, "start_date": "2026-08-30T10:00:00+00:00", "title": "Podziemne sekrety \u2013 Legenda o nazistowskim z\u0142ocie | S02"}, {"desc": null, "start_date": "2026-08-30T11:00:00+00:00", "title": "Skarby z szopy \u2013 Hertfordshire | S01E14"}, {"desc": null, "start_date": "2026-08-30T11:30:00+00:00", "title": "Skarby z szopy \u2013 Cotswolds | S01E15"}, {"desc": null, "start_date": "2026-08-30T12:00:00+00:00", "title": "Brudne skarby \u2013 Kto nie grilluje, ten bankrutuje"}, {"desc": null, "start_date": "2026-08-30T13:00:00+00:00", "title": "Zoom na architektur\u0119 \u2013 Tajemnice \u015bwi\u0105tyni w Denderze | S06"}, {"desc": null, "start_date": "2026-08-30T14:00:00+00:00", "title": "Zoom na architektur\u0119 \u2013 Zaginiony gr\u00f3b Aleksandra Wielkiego | S06E10"}, {"desc": null, "start_date": "2026-08-30T15:00:00+00:00", "title": "Zaginione miejsca \u2013 Tajemnice ameryka\u0144skich Maj\u00f3w"}, {"desc": null, "start_date": "2026-08-30T16:00:00+00:00", "title": "Tajemnice s\u0142ynnych budowli \u2013 Watykan | S01E03"}, {"desc": null, "start_date": "2026-08-30T17:00:00+00:00", "title": "Wrzesie\u0144 '39 \u2013 B\u00f3j o granice"}, {"desc": null, "start_date": "2026-08-30T17:30:00+00:00", "title": "Wrzesie\u0144 '39 \u2013 Odwr\u00f3t"}, {"desc": null, "start_date": "2026-08-30T18:00:00+00:00", "title": "Staro\u017cytno\u015b\u0107 rozszyfrowana \u2013 Pradawna wojna | S01E02"}, {"desc": null, "start_date": "2026-08-30T19:00:00+00:00", "title": "Staro\u017cytno\u015b\u0107 rozszyfrowana \u2013 Sekrety masakry Maj\u00f3w | S01E03"}, {"desc": null, "start_date": "2026-08-30T20:00:00+00:00", "title": "Akta ekspedycji \u2013 \u0141amacze szyfr\u00f3w"}, {"desc": null, "start_date": "2026-08-30T21:00:00+00:00", "title": "Spotkania z obcymi: fakty czy mity \u2013 Porwanie na pustyni"}, {"desc": null, "start_date": "2026-08-30T22:00:00+00:00", "title": "Spotkania z obcymi: fakty czy mity \u2013 Dow\u00f3d ze Strefy 51 | S01E05"}, {"desc": null, "start_date": "2026-08-30T23:00:00+00:00", "title": "Onision: Drapie\u017cca z YouTube'a \u2013 Banana Power"}, {"desc": null, "start_date": "2026-08-31T00:00:00+00:00", "title": "Profesjonali\u015bci \u2013 Krzysztof Kowalewski"}, {"desc": null, "start_date": "2026-08-31T01:00:00+00:00", "title": "By\u0142o, nie by\u0142o \u2013 Bitwa pod Oliw\u0105 | E06"}, {"desc": null, "start_date": "2026-08-31T02:00:00+00:00", "title": "Wko\u0142o Wis\u0142y | E07"}, {"desc": null, "start_date": "2026-08-31T02:30:00+00:00", "title": "Wko\u0142o Wis\u0142y | E08"}, {"desc": null, "start_date": "2026-08-31T03:00:00+00:00", "title": "Tropicielki rodzinnych historii | E03"}, {"desc": null, "start_date": "2026-08-31T04:00:00+00:00", "title": "\u015amier\u0107 Diany: dwa \u015bledztwa \u2013 Zderzenie | E01"}, {"desc": null, "start_date": "2026-08-31T05:00:00+00:00", "title": "\u015amier\u0107 Diany: dwa \u015bledztwa \u2013 To nie by\u0142 wypadek | E02"}, {"desc": null, "start_date": "2026-08-31T06:00:00+00:00", "title": "\u015amier\u0107 Diany: dwa \u015bledztwa \u2013 Spisek? | E03"}, {"desc": null, "start_date": "2026-08-31T07:00:00+00:00", "title": "\u015amier\u0107 Diany: dwa \u015bledztwa \u2013 Zamkni\u0119cie sprawy | E04"}, {"desc": null, "start_date": "2026-08-31T08:00:00+00:00", "title": "Ksi\u0119\u017cna Diana: Wypadek czy zamach? | E01"}, {"desc": null, "start_date": "2026-08-31T09:00:00+00:00", "title": "Ksi\u0119\u017cna Diana: Wypadek czy zamach? | E02"}, {"desc": null, "start_date": "2026-08-31T10:00:00+00:00", "title": "Ksi\u0119\u017cna Diana: Wypadek czy zamach? | E03"}, {"desc": null, "start_date": "2026-08-31T11:00:00+00:00", "title": "My, nar\u00f3d"}, {"desc": null, "start_date": "2026-08-31T12:30:00+00:00", "title": "Wolna mi\u0142o\u015b\u0107 w PRL \u2013 Cudowne lata, cz\u0119\u015b\u0107 1"}, {"desc": null, "start_date": "2026-08-31T13:00:00+00:00", "title": "\u0141owcy staroci \u2013 Na poddaszu | S06E03"}, {"desc": null, "start_date": "2026-08-31T14:00:00+00:00", "title": "Ksi\u0119\u017cna Diana: Wypadek czy zamach? | E01"}, {"desc": null, "start_date": "2026-08-31T15:00:00+00:00", "title": "Ksi\u0119\u017cna Diana: Wypadek czy zamach? | E02"}, {"desc": null, "start_date": "2026-08-31T16:00:00+00:00", "title": "Ksi\u0119\u017cna Diana: Wypadek czy zamach? | E03"}, {"desc": null, "start_date": "2026-08-31T17:00:00+00:00", "title": "Wolna mi\u0142o\u015b\u0107 w PRL \u2013 Cudowne lata, cz\u0119\u015b\u0107 2 | E02"}, {"desc": null, "start_date": "2026-08-31T17:30:00+00:00", "title": "Wolna mi\u0142o\u015b\u0107 w PRL \u2013 Amor i Wenus | E04"}, {"desc": null, "start_date": "2026-08-31T18:00:00+00:00", "title": "Wolna mi\u0142o\u015b\u0107 w PRL \u2013 Jak oni to robili? | E03"}, {"desc": null, "start_date": "2026-08-31T18:30:00+00:00", "title": "My, nar\u00f3d"}, {"desc": null, "start_date": "2026-08-31T20:00:00+00:00", "title": "\u015amier\u0107 Diany: dwa \u015bledztwa \u2013 Zderzenie | E01"}, {"desc": null, "start_date": "2026-08-31T21:00:00+00:00", "title": "\u015amier\u0107 Diany: dwa \u015bledztwa \u2013 To nie by\u0142 wypadek | E02"}, {"desc": null, "start_date": "2026-08-31T22:00:00+00:00", "title": "\u015amier\u0107 Diany: dwa \u015bledztwa \u2013 Spisek? | E03"}, {"desc": null, "start_date": "2026-08-31T23:00:00+00:00", "title": "\u015amier\u0107 Diany: dwa \u015bledztwa \u2013 Zamkni\u0119cie sprawy | E04"}, {"desc": null, "start_date": "2026-09-01T00:00:00+00:00", "title": "Wolna mi\u0142o\u015b\u0107 w PRL \u2013 Prze\u0142omowe | E05"}], "offset": "+00:00", "timezone": "UTC", "error_code": -1, "start_date": "2026-08-30", "icon": "https://epg.pw/media/images/epg/2024/06/08/20240608040005433618_28.png"}