{"end_date": "2026-09-02", "name": "Discovery Historia PL", "info_url": "https://epg.pw/channels/174766/20260831.html", "country": "Russian Federation", "description": null, "error_message": "", "provider": "", "source_url": "https://epg.pw/api/epg.json?channel_id=174766&date=20260831&timezone=None", "epg_list": [{"desc": null, "start_date": "2026-08-31T00:00:00+00:00", "title": "Profesjonali\u015bci \u2013 Krzysztof Kowalewski"}, {"desc": null, "start_date": "2026-08-31T01:00:00+00:00", "title": "By\u0142o, nie by\u0142o \u2013 Bitwa pod Oliw\u0105 | E06"}, {"desc": null, "start_date": "2026-08-31T02:00:00+00:00", "title": "Wko\u0142o Wis\u0142y | E07"}, {"desc": null, "start_date": "2026-08-31T02:30:00+00:00", "title": "Wko\u0142o Wis\u0142y | E08"}, {"desc": null, "start_date": "2026-08-31T03:00:00+00:00", "title": "Tropicielki rodzinnych historii | E03"}, {"desc": null, "start_date": "2026-08-31T04:00:00+00:00", "title": "\u015amier\u0107 Diany: dwa \u015bledztwa \u2013 Zderzenie | E01"}, {"desc": null, "start_date": "2026-08-31T05:00:00+00:00", "title": "\u015amier\u0107 Diany: dwa \u015bledztwa \u2013 To nie by\u0142 wypadek | E02"}, {"desc": null, "start_date": "2026-08-31T06:00:00+00:00", "title": "\u015amier\u0107 Diany: dwa \u015bledztwa \u2013 Spisek? | E03"}, {"desc": null, "start_date": "2026-08-31T07:00:00+00:00", "title": "\u015amier\u0107 Diany: dwa \u015bledztwa \u2013 Zamkni\u0119cie sprawy | E04"}, {"desc": null, "start_date": "2026-08-31T08:00:00+00:00", "title": "Ksi\u0119\u017cna Diana: Wypadek czy zamach? | E01"}, {"desc": null, "start_date": "2026-08-31T09:00:00+00:00", "title": "Ksi\u0119\u017cna Diana: Wypadek czy zamach? | E02"}, {"desc": null, "start_date": "2026-08-31T10:00:00+00:00", "title": "Ksi\u0119\u017cna Diana: Wypadek czy zamach? | E03"}, {"desc": null, "start_date": "2026-08-31T11:00:00+00:00", "title": "My, nar\u00f3d"}, {"desc": null, "start_date": "2026-08-31T12:30:00+00:00", "title": "Wolna mi\u0142o\u015b\u0107 w PRL \u2013 Cudowne lata, cz\u0119\u015b\u0107 1"}, {"desc": null, "start_date": "2026-08-31T13:00:00+00:00", "title": "\u0141owcy staroci \u2013 Na poddaszu | S06E03"}, {"desc": null, "start_date": "2026-08-31T14:00:00+00:00", "title": "Ksi\u0119\u017cna Diana: Wypadek czy zamach? | E01"}, {"desc": null, "start_date": "2026-08-31T15:00:00+00:00", "title": "Ksi\u0119\u017cna Diana: Wypadek czy zamach? | E02"}, {"desc": null, "start_date": "2026-08-31T16:00:00+00:00", "title": "Ksi\u0119\u017cna Diana: Wypadek czy zamach? | E03"}, {"desc": null, "start_date": "2026-08-31T17:00:00+00:00", "title": "Wolna mi\u0142o\u015b\u0107 w PRL \u2013 Cudowne lata, cz\u0119\u015b\u0107 2 | E02"}, {"desc": null, "start_date": "2026-08-31T17:30:00+00:00", "title": "Wolna mi\u0142o\u015b\u0107 w PRL \u2013 Amor i Wenus | E04"}, {"desc": null, "start_date": "2026-08-31T18:00:00+00:00", "title": "Wolna mi\u0142o\u015b\u0107 w PRL \u2013 Jak oni to robili? | E03"}, {"desc": null, "start_date": "2026-08-31T18:30:00+00:00", "title": "My, nar\u00f3d"}, {"desc": null, "start_date": "2026-08-31T20:00:00+00:00", "title": "\u015amier\u0107 Diany: dwa \u015bledztwa \u2013 Zderzenie | E01"}, {"desc": null, "start_date": "2026-08-31T21:00:00+00:00", "title": "\u015amier\u0107 Diany: dwa \u015bledztwa \u2013 To nie by\u0142 wypadek | E02"}, {"desc": null, "start_date": "2026-08-31T22:00:00+00:00", "title": "\u015amier\u0107 Diany: dwa \u015bledztwa \u2013 Spisek? | E03"}, {"desc": null, "start_date": "2026-08-31T23:00:00+00:00", "title": "\u015amier\u0107 Diany: dwa \u015bledztwa \u2013 Zamkni\u0119cie sprawy | E04"}, {"desc": null, "start_date": "2026-09-01T00:00:00+00:00", "title": "Wolna mi\u0142o\u015b\u0107 w PRL \u2013 Prze\u0142omowe | E05"}, {"desc": null, "start_date": "2026-09-01T00:30:00+00:00", "title": "Socjalistyczna Filmoteka Powiatowa \u2013 Technologia mycia cia\u0142a w warunkach budownictwa bez\u0142azienkowego"}, {"desc": null, "start_date": "2026-09-01T01:00:00+00:00", "title": "Bitwy \u017co\u0142nierza polskiego \u2013 Walki 1. Dywizji Pancernej na terenie Holandii w 1944"}, {"desc": null, "start_date": "2026-09-01T02:00:00+00:00", "title": "Retroreanimacja: Pojazdy bojowe | E02"}, {"desc": null, "start_date": "2026-09-01T03:00:00+00:00", "title": "\u0141owcy staroci \u2013 Rodzina | S11"}, {"desc": null, "start_date": "2026-09-01T04:00:00+00:00", "title": "Kwatery Hitlera | E01"}, {"desc": null, "start_date": "2026-09-01T05:00:00+00:00", "title": "Kwatery Hitlera | E02"}, {"desc": null, "start_date": "2026-09-01T06:00:00+00:00", "title": "Kwatery Hitlera | E03"}, {"desc": null, "start_date": "2026-09-01T07:00:00+00:00", "title": "Kwatery Hitlera | E04"}, {"desc": null, "start_date": "2026-09-01T08:00:00+00:00", "title": "Kwatery Hitlera | E05"}, {"desc": null, "start_date": "2026-09-01T09:00:00+00:00", "title": "Kwatery Hitlera | E06"}, {"desc": null, "start_date": "2026-09-01T10:00:00+00:00", "title": "Kwatery Hitlera | E07"}, {"desc": null, "start_date": "2026-09-01T11:00:00+00:00", "title": "Kwatery Hitlera | E08"}, {"desc": null, "start_date": "2026-09-01T12:00:00+00:00", "title": "Kwatery Hitlera | E09"}, {"desc": null, "start_date": "2026-09-01T13:00:00+00:00", "title": "Kwatery Hitlera | E10"}, {"desc": null, "start_date": "2026-09-01T14:00:00+00:00", "title": "Wy\u015bcigi po antyki \u2013 Kolejowy fotel / ciekawostki do baru"}, {"desc": null, "start_date": "2026-09-01T15:00:00+00:00", "title": "PrzeTw\u00f3rcy | S01E06"}, {"desc": null, "start_date": "2026-09-01T16:00:00+00:00", "title": "\u0141owcy staroci | S14E02"}, {"desc": null, "start_date": "2026-09-01T17:00:00+00:00", "title": "Bitwy \u017co\u0142nierza polskiego \u2013 Dywizjony bombowe | E02"}, {"desc": null, "start_date": "2026-09-01T18:00:00+00:00", "title": "Bitwy \u017co\u0142nierza polskiego \u2013 Tobruk 1941"}, {"desc": null, "start_date": "2026-09-01T19:00:00+00:00", "title": "Bitwy \u017co\u0142nierza polskiego \u2013 Bolonia | E04"}, {"desc": null, "start_date": "2026-09-01T20:00:00+00:00", "title": "Onision: Drapie\u017cca z YouTube'a \u2013 Zniszczy\u0142e\u015b mnie"}, {"desc": null, "start_date": "2026-09-01T21:00:00+00:00", "title": "Bitwy \u017co\u0142nierza polskiego \u2013 Monte Cassino"}, {"desc": null, "start_date": "2026-09-01T22:00:00+00:00", "title": "Bitwy \u017co\u0142nierza polskiego \u2013 Falaise 1944"}, {"desc": null, "start_date": "2026-09-01T23:00:00+00:00", "title": "Bitwy \u017co\u0142nierza polskiego \u2013 Walki 1. Dywizji Pancernej na terenie Holandii w 1944"}, {"desc": null, "start_date": "2026-09-02T00:00:00+00:00", "title": "Socjalistyczna Filmoteka Powiatowa \u2013 Podaj ceg\u0142\u0119"}], "offset": "+00:00", "timezone": "UTC", "error_code": -1, "start_date": "2026-08-31", "icon": "https://epg.pw/media/images/epg/2024/06/08/20240608040005433618_28.png"}