{"end_date": "2026-09-01", "name": "Motowizja PL", "info_url": "https://epg.pw/channels/184787/20260831.html", "country": "Russian Federation", "description": null, "error_message": "", "provider": "", "source_url": "https://epg.pw/api/epg.json?channel_id=184787&date=20260831&timezone=None", "epg_list": [{"desc": null, "start_date": "2026-08-31T00:00:00+00:00", "title": "Racing Files \u2013 Powr\u00f3t do pr\u0119dko\u015bci | E08"}, {"desc": null, "start_date": "2026-08-31T00:35:00+00:00", "title": "Kamperowizja | E36"}, {"desc": null, "start_date": "2026-08-31T00:55:00+00:00", "title": "Wy\u015bcigi samochodowe: European Le Mans Series w Stavelot"}, {"desc": null, "start_date": "2026-08-31T02:00:00+00:00", "title": "Monster Jam 2023 | E02"}, {"desc": null, "start_date": "2026-08-31T02:30:00+00:00", "title": "Na osi | E1201"}, {"desc": null, "start_date": "2026-08-31T03:00:00+00:00", "title": "Motowizjoner | E250"}, {"desc": null, "start_date": "2026-08-31T03:30:00+00:00", "title": "Motojazda \u2013 Gara\u017c Motowizji | E480"}, {"desc": null, "start_date": "2026-08-31T04:00:00+00:00", "title": "Moto\u015blad | E560"}, {"desc": null, "start_date": "2026-08-31T04:30:00+00:00", "title": "Inmotorsport.tv originals | E165"}, {"desc": null, "start_date": "2026-08-31T05:00:00+00:00", "title": "The Inside Line \u2013 Najszybsi z najszybszych | E401"}, {"desc": null, "start_date": "2026-08-31T05:30:00+00:00", "title": "FastZone 2026 | E19"}, {"desc": null, "start_date": "2026-08-31T06:00:00+00:00", "title": "Porsche Carrera Cup: Wy\u015bcig w Assen"}, {"desc": null, "start_date": "2026-08-31T06:30:00+00:00", "title": "Karting Raport | E10"}, {"desc": null, "start_date": "2026-08-31T07:00:00+00:00", "title": "Rajdowe Mistrzostwa \u015awiata: Rajd Paragwaju 2025"}, {"desc": null, "start_date": "2026-08-31T08:55:00+00:00", "title": "Rajdowe Mistrzostwa \u015awiata: Rajd Paragwaju 2025"}, {"desc": null, "start_date": "2026-08-31T10:00:00+00:00", "title": "Motoikony \u2013 Mariusz Podkalicki"}, {"desc": null, "start_date": "2026-08-31T11:00:00+00:00", "title": "Moto Archiwum Wojtka Majewskiego | E383"}, {"desc": null, "start_date": "2026-08-31T11:20:00+00:00", "title": "Wy\u015bcigi samochodowe: European Le Mans Series w Stavelot"}, {"desc": null, "start_date": "2026-08-31T12:25:00+00:00", "title": "NASCAR: Wy\u015bcig w Loudon"}, {"desc": null, "start_date": "2026-08-31T13:30:00+00:00", "title": "Moto\u015blad | E560"}, {"desc": null, "start_date": "2026-08-31T14:00:00+00:00", "title": "Motoikony \u2013 Mariusz Fico\u0144"}, {"desc": null, "start_date": "2026-08-31T15:00:00+00:00", "title": "Wy\u015bcigi samochodowe: European Le Mans Series w Stavelot"}, {"desc": null, "start_date": "2026-08-31T16:15:00+00:00", "title": "Indy NXT: Wy\u015bcig w West Allis"}, {"desc": null, "start_date": "2026-08-31T17:20:00+00:00", "title": "Rajdowe Mistrzostwa \u015awiata: Rajd Paragwaju"}, {"desc": null, "start_date": "2026-08-31T18:25:00+00:00", "title": "FastZone 2026 | E20"}, {"desc": null, "start_date": "2026-08-31T19:00:00+00:00", "title": "Motorsport Wizja Sezon 2026 | E09"}, {"desc": null, "start_date": "2026-08-31T19:30:00+00:00", "title": "Motojazda \u2013 Gara\u017c Motowizji | E481"}, {"desc": null, "start_date": "2026-08-31T20:00:00+00:00", "title": "Onboard | E150"}, {"desc": null, "start_date": "2026-08-31T20:15:00+00:00", "title": "Onboard | E149"}, {"desc": null, "start_date": "2026-08-31T20:30:00+00:00", "title": "Isle of Man \u2013 TT 2026 | E11"}, {"desc": null, "start_date": "2026-08-31T21:30:00+00:00", "title": "Na osi | E1201"}, {"desc": null, "start_date": "2026-08-31T22:00:00+00:00", "title": "Motoikony \u2013 Mariusz Fico\u0144"}, {"desc": null, "start_date": "2026-08-31T23:00:00+00:00", "title": "Wy\u015bcigi samochodowe: European Le Mans Series w Stavelot"}, {"desc": null, "start_date": "2026-09-01T00:15:00+00:00", "title": "Indy NXT: Wy\u015bcig w West Allis"}, {"desc": null, "start_date": "2026-09-01T01:20:00+00:00", "title": "Rajdowe Mistrzostwa \u015awiata: Rajd Paragwaju"}, {"desc": null, "start_date": "2026-09-01T02:25:00+00:00", "title": "FastZone 2026 | E20"}, {"desc": null, "start_date": "2026-09-01T03:00:00+00:00", "title": "Motoikony \u2013 Mariusz Fico\u0144"}, {"desc": null, "start_date": "2026-09-01T04:00:00+00:00", "title": "Moto Archiwum Wojtka Majewskiego | E383"}, {"desc": null, "start_date": "2026-09-01T04:20:00+00:00", "title": "Wy\u015bcigi samochodowe: European Le Mans Series w Stavelot"}, {"desc": null, "start_date": "2026-09-01T05:25:00+00:00", "title": "NASCAR: Wy\u015bcig w Loudon"}, {"desc": null, "start_date": "2026-09-01T06:30:00+00:00", "title": "Moto\u015blad | E560"}, {"desc": null, "start_date": "2026-09-01T07:00:00+00:00", "title": "Wy\u015bcigi samochodowe: European Le Mans Series w Stavelot"}, {"desc": null, "start_date": "2026-09-01T08:15:00+00:00", "title": "Indy NXT: Wy\u015bcig w West Allis"}, {"desc": null, "start_date": "2026-09-01T09:20:00+00:00", "title": "Rajdowe Mistrzostwa \u015awiata: Rajd Paragwaju"}, {"desc": null, "start_date": "2026-09-01T10:25:00+00:00", "title": "FastZone 2026 | E20"}, {"desc": null, "start_date": "2026-09-01T11:00:00+00:00", "title": "Motorsport Wizja Sezon 2026 | E09"}, {"desc": null, "start_date": "2026-09-01T11:30:00+00:00", "title": "Motojazda \u2013 Gara\u017c Motowizji | E481"}, {"desc": null, "start_date": "2026-09-01T12:00:00+00:00", "title": "Onboard | E150"}, {"desc": null, "start_date": "2026-09-01T12:15:00+00:00", "title": "Can-Am Rally Team Poland 2026 \u2013 Baja Stalowa Wola"}, {"desc": null, "start_date": "2026-09-01T12:30:00+00:00", "title": "Isle of Man \u2013 TT 2026 | E11"}, {"desc": null, "start_date": "2026-09-01T13:30:00+00:00", "title": "Na osi | E1201"}, {"desc": null, "start_date": "2026-09-01T14:00:00+00:00", "title": "Motoikony \u2013 Maciej Wis\u0142awski"}, {"desc": null, "start_date": "2026-09-01T15:00:00+00:00", "title": "Gara\u017c P-Rally | E03"}, {"desc": null, "start_date": "2026-09-01T15:35:00+00:00", "title": "Z archiwum WRC \u2013 WRC 2018 Wielka Brytania"}, {"desc": null, "start_date": "2026-09-01T16:45:00+00:00", "title": "Z archiwum WRC \u2013 WRC 2019 Walia"}, {"desc": null, "start_date": "2026-09-01T17:50:00+00:00", "title": "Dzwon | E70"}, {"desc": null, "start_date": "2026-09-01T18:00:00+00:00", "title": "Rolex Monterey Motorsports Reunion 2026"}, {"desc": null, "start_date": "2026-09-01T19:00:00+00:00", "title": "Je\u017cd\u017c\u0119 na pr\u0105d | E332"}, {"desc": null, "start_date": "2026-09-01T19:20:00+00:00", "title": "NASCAR: Wy\u015bcig w Daytona Beach"}, {"desc": null, "start_date": "2026-09-01T20:30:00+00:00", "title": "Goodwood Festival of Speed 2026 \u2013 Podsumowanie, cz\u0119\u015b\u0107 1"}, {"desc": null, "start_date": "2026-09-01T21:30:00+00:00", "title": "The Inside Line \u2013 Najszybsi z najszybszych | E401"}, {"desc": null, "start_date": "2026-09-01T22:00:00+00:00", "title": "Motoikony \u2013 Maciej Wis\u0142awski"}, {"desc": null, "start_date": "2026-09-01T23:00:00+00:00", "title": "Gara\u017c P-Rally | E03"}, {"desc": null, "start_date": "2026-09-01T23:35:00+00:00", "title": "Z archiwum WRC \u2013 WRC 2018 Wielka Brytania"}], "offset": "+00:00", "timezone": "UTC", "error_code": -1, "start_date": "2026-08-31", "icon": "https://epg.pw/media/images/epg/2024/06/08/20240608032303068813_88.png"}