{"end_date": "2026-09-04", "name": "Motowizja PL", "info_url": "https://epg.pw/channels/184787/20260903.html", "country": "Russian Federation", "description": null, "error_message": "", "provider": "", "source_url": "https://epg.pw/api/epg.json?channel_id=184787&date=20260903&timezone=None", "epg_list": [{"desc": null, "start_date": "2026-09-03T00:10:00+00:00", "title": "Rajdowe Samochodowe Mistrzostwa Europy: Rajd Ceredigion 2025"}, {"desc": null, "start_date": "2026-09-03T00:45:00+00:00", "title": "Dzwon | E61"}, {"desc": null, "start_date": "2026-09-03T00:55:00+00:00", "title": "Rallycross: Euro RX Francji"}, {"desc": null, "start_date": "2026-09-03T02:00:00+00:00", "title": "Isle of Man \u2013 TT 2026 | E11"}, {"desc": null, "start_date": "2026-09-03T03:00:00+00:00", "title": "Motoikony \u2013 Robert Burchard"}, {"desc": null, "start_date": "2026-09-03T04:00:00+00:00", "title": "Je\u017cd\u017c\u0119 na pr\u0105d | E332"}, {"desc": null, "start_date": "2026-09-03T04:20:00+00:00", "title": "NASCAR: Wy\u015bcig w Daytona Beach"}, {"desc": null, "start_date": "2026-09-03T05:30:00+00:00", "title": "Goodwood Festival of Speed 2026 \u2013 Podsumowanie, cz\u0119\u015b\u0107 1"}, {"desc": null, "start_date": "2026-09-03T06:30:00+00:00", "title": "The Inside Line \u2013 Najszybsi z najszybszych | E401"}, {"desc": null, "start_date": "2026-09-03T07:00:00+00:00", "title": "FastZone 2026 | E20"}, {"desc": null, "start_date": "2026-09-03T07:35:00+00:00", "title": "Rajdowe Samochodowe Mistrzostwa Europy: Rajd Ceredigion 2024"}, {"desc": null, "start_date": "2026-09-03T08:10:00+00:00", "title": "Rajdowe Samochodowe Mistrzostwa Europy: Rajd Ceredigion 2025"}, {"desc": null, "start_date": "2026-09-03T08:45:00+00:00", "title": "Dzwon | E61"}, {"desc": null, "start_date": "2026-09-03T08:55:00+00:00", "title": "Rallycross: Euro RX Francji"}, {"desc": null, "start_date": "2026-09-03T10:00:00+00:00", "title": "Isle of Man \u2013 TT 2026 | E11"}, {"desc": null, "start_date": "2026-09-03T11:00:00+00:00", "title": "Na osi | E1202"}, {"desc": null, "start_date": "2026-09-03T11:30:00+00:00", "title": "Motowizjoner | E251"}, {"desc": null, "start_date": "2026-09-03T12:00:00+00:00", "title": "Motojazda \u2013 Gara\u017c Motowizji | E481"}, {"desc": null, "start_date": "2026-09-03T12:30:00+00:00", "title": "Monster Jam 2023 | E03"}, {"desc": null, "start_date": "2026-09-03T13:00:00+00:00", "title": "Rolex Monterey Motorsports Reunion"}, {"desc": null, "start_date": "2026-09-03T14:00:00+00:00", "title": "Motoikony \u2013 Jacek R\u00f3\u017ca\u0144ski"}, {"desc": null, "start_date": "2026-09-03T15:00:00+00:00", "title": "Wy\u015bcigi samochodowe: FIA European Truck Racing Championship"}, {"desc": null, "start_date": "2026-09-03T15:35:00+00:00", "title": "Rallycross: Euro RX Francji"}, {"desc": null, "start_date": "2026-09-03T16:50:00+00:00", "title": "Rajdowe Samochodowe Mistrzostwa Europy: Rajd Ceredigion 2025"}, {"desc": null, "start_date": "2026-09-03T17:25:00+00:00", "title": "Go\u015b\u0107 Motowizji \u2013 Jakub Matulka"}, {"desc": null, "start_date": "2026-09-03T17:55:00+00:00", "title": "Gara\u017c P-Rally | E03"}, {"desc": null, "start_date": "2026-09-03T18:30:00+00:00", "title": "Motorsport Wizja Sezon 2026 | E10"}, {"desc": null, "start_date": "2026-09-03T19:00:00+00:00", "title": "Moto\u015blad | E561"}, {"desc": null, "start_date": "2026-09-03T19:30:00+00:00", "title": "Autoportret Ostrego | E229"}, {"desc": null, "start_date": "2026-09-03T20:00:00+00:00", "title": "The Inside Line \u2013 Najszybsi z najszybszych | E402"}, {"desc": null, "start_date": "2026-09-03T20:30:00+00:00", "title": "Wy\u015bcigi samochodowe: G\u00f3rskie Samochodowe Mistrzostwa Polski"}, {"desc": null, "start_date": "2026-09-03T21:00:00+00:00", "title": "GT World Challenge Europe: Wy\u015bcig w Nurburgu"}, {"desc": null, "start_date": "2026-09-03T22:00:00+00:00", "title": "Motoikony \u2013 Jacek R\u00f3\u017ca\u0144ski"}, {"desc": null, "start_date": "2026-09-03T23:00:00+00:00", "title": "Wy\u015bcigi samochodowe: FIA European Truck Racing Championship"}, {"desc": null, "start_date": "2026-09-03T23:35:00+00:00", "title": "Rallycross: Euro RX Francji"}, {"desc": null, "start_date": "2026-09-04T00:50:00+00:00", "title": "Rajdowe Samochodowe Mistrzostwa Europy: Rajd Ceredigion 2025"}, {"desc": null, "start_date": "2026-09-04T01:25:00+00:00", "title": "Go\u015b\u0107 Motowizji \u2013 Jakub Matulka"}, {"desc": null, "start_date": "2026-09-04T01:55:00+00:00", "title": "Gara\u017c P-Rally | E03"}, {"desc": null, "start_date": "2026-09-04T02:30:00+00:00", "title": "Motorsport Wizja Sezon 2026 | E10"}, {"desc": null, "start_date": "2026-09-04T03:00:00+00:00", "title": "Motoikony \u2013 Jacek R\u00f3\u017ca\u0144ski"}, {"desc": null, "start_date": "2026-09-04T04:00:00+00:00", "title": "Na osi | E1202"}, {"desc": null, "start_date": "2026-09-04T04:30:00+00:00", "title": "Motowizjoner | E251"}, {"desc": null, "start_date": "2026-09-04T05:00:00+00:00", "title": "Motojazda \u2013 Gara\u017c Motowizji | E481"}, {"desc": null, "start_date": "2026-09-04T05:30:00+00:00", "title": "Monster Jam 2023 | E03"}, {"desc": null, "start_date": "2026-09-04T06:00:00+00:00", "title": "Rolex Monterey Motorsports Reunion"}, {"desc": null, "start_date": "2026-09-04T07:00:00+00:00", "title": "Wy\u015bcigi samochodowe: FIA European Truck Racing Championship"}, {"desc": null, "start_date": "2026-09-04T07:35:00+00:00", "title": "Rallycross: Euro RX Francji"}, {"desc": null, "start_date": "2026-09-04T08:50:00+00:00", "title": "Rajdowe Samochodowe Mistrzostwa Europy: Rajd Ceredigion 2025"}, {"desc": null, "start_date": "2026-09-04T09:25:00+00:00", "title": "Go\u015b\u0107 Motowizji \u2013 Jakub Matulka"}, {"desc": null, "start_date": "2026-09-04T09:55:00+00:00", "title": "Gara\u017c P-Rally | E03"}, {"desc": null, "start_date": "2026-09-04T10:30:00+00:00", "title": "Motorsport Wizja Sezon 2026 | E10"}, {"desc": null, "start_date": "2026-09-04T11:00:00+00:00", "title": "Moto\u015blad | E561"}, {"desc": null, "start_date": "2026-09-04T11:30:00+00:00", "title": "Autoportret Ostrego | E229"}, {"desc": null, "start_date": "2026-09-04T12:00:00+00:00", "title": "The Inside Line \u2013 Najszybsi z najszybszych | E402"}, {"desc": null, "start_date": "2026-09-04T12:30:00+00:00", "title": "Wy\u015bcigi samochodowe: G\u00f3rskie Samochodowe Mistrzostwa Polski"}, {"desc": null, "start_date": "2026-09-04T13:00:00+00:00", "title": "GT World Challenge Europe: Wy\u015bcig w Nurburgu"}, {"desc": null, "start_date": "2026-09-04T14:00:00+00:00", "title": "Motoikony \u2013 Robert Mucha"}, {"desc": null, "start_date": "2026-09-04T15:00:00+00:00", "title": "Rajdowe Mistrzostwa \u015awiata: Rajd Paragwaju"}, {"desc": null, "start_date": "2026-09-04T16:10:00+00:00", "title": "Motoikony \u2013 Jerzy Mazur, cz\u0119\u015b\u0107 1"}, {"desc": null, "start_date": "2026-09-04T17:10:00+00:00", "title": "Moto Archiwum Wojtka Majewskiego | E384"}, {"desc": null, "start_date": "2026-09-04T17:30:00+00:00", "title": "Can-Am Rally Team Poland 2026 \u2013 Baja Stalowa Wola"}, {"desc": null, "start_date": "2026-09-04T17:45:00+00:00", "title": "Rajdowe Samochodowe Mistrzostwa Europy: Rajd Ceredigion"}, {"desc": null, "start_date": "2026-09-04T18:05:00+00:00", "title": "Rajdowe Samochodowe Mistrzostwa Europy: Rajd Ceredigion"}, {"desc": null, "start_date": "2026-09-04T18:35:00+00:00", "title": "Rajdowe Samochodowe Mistrzostwa Europy: Rajd Ceredigion"}, {"desc": null, "start_date": "2026-09-04T19:30:00+00:00", "title": "Onboard | E137"}, {"desc": null, "start_date": "2026-09-04T19:45:00+00:00", "title": "Rajdowe Samochodowe Mistrzostwa Europy: Rajd Ceredigion"}, {"desc": null, "start_date": "2026-09-04T20:30:00+00:00", "title": "Rajdowe Samochodowe Mistrzostwa Europy: Rajd Ceredigion"}, {"desc": null, "start_date": "2026-09-04T21:20:00+00:00", "title": "Onboard | E136"}, {"desc": null, "start_date": "2026-09-04T21:30:00+00:00", "title": "Moto\u015blad | E561"}, {"desc": null, "start_date": "2026-09-04T22:00:00+00:00", "title": "Motoikony \u2013 Robert Mucha"}, {"desc": null, "start_date": "2026-09-04T23:00:00+00:00", "title": "Rajdowe Mistrzostwa \u015awiata: Rajd Paragwaju"}], "offset": "+00:00", "timezone": "UTC", "error_code": -1, "start_date": "2026-09-03", "icon": "https://epg.pw/media/images/epg/2024/06/08/20240608032303068813_88.png"}