{"end_date": "2026-05-01", "name": "Canal Q", "info_url": "https://epg.pw/channels/379973/20260423.html", "country": "France", "description": null, "error_message": "", "provider": "", "source_url": "https://epg.pw/api/epg.json?channel_id=379973&date=20260423&timezone=None", "epg_list": [{"desc": null, "start_date": "2026-04-30T00:17:00+00:00", "title": "Ver\u00e3o a Dois Tempos"}, {"desc": null, "start_date": "2026-04-30T00:38:00+00:00", "title": "Car Online TV"}, {"desc": null, "start_date": "2026-04-30T00:58:00+00:00", "title": "Bitalk"}, {"desc": null, "start_date": "2026-04-30T01:49:00+00:00", "title": "Ferro Activo"}, {"desc": "No Palco \u00e9 um programa inteiramente dedicado aos m\u00fasicos portugueses, criadores de m\u00fasica original. Conhecer o Artista e os realizadores que \"d\u00e3o vida\" aos temas \u00e9 promover o talento nacional!", "start_date": "2026-04-30T02:05:00+00:00", "title": "No Palco"}, {"desc": null, "start_date": "2026-04-30T02:25:00+00:00", "title": "Car Online TV"}, {"desc": null, "start_date": "2026-04-30T02:49:00+00:00", "title": "C de Conversa"}, {"desc": null, "start_date": "2026-04-30T03:23:00+00:00", "title": "Nada de Especial"}, {"desc": null, "start_date": "2026-04-30T03:50:00+00:00", "title": "Mudan\u00e7a de Voz"}, {"desc": null, "start_date": "2026-04-30T04:00:00+00:00", "title": "Car Online TV"}, {"desc": "No Palco \u00e9 um programa inteiramente dedicado aos m\u00fasicos portugueses, criadores de m\u00fasica original. Conhecer o Artista e os realizadores que \"d\u00e3o vida\" aos temas \u00e9 promover o talento nacional!", "start_date": "2026-04-30T04:13:00+00:00", "title": "No Palco"}, {"desc": "Programa que conta com uma reputada cr\u00edtica de pornografia, uma jogadora inveterada de videojogos e muito desconstrutivismo musical e cinematogr\u00e1fico. Neste magazine enredam-se discos, filmes e estilos de vida.", "start_date": "2026-04-30T04:25:00+00:00", "title": "A Rede"}, {"desc": "No Palco \u00e9 um programa inteiramente dedicado aos m\u00fasicos portugueses, criadores de m\u00fasica original. Conhecer o Artista e os realizadores que \"d\u00e3o vida\" aos temas \u00e9 promover o talento nacional!", "start_date": "2026-04-30T05:00:00+00:00", "title": "No Palco"}, {"desc": null, "start_date": "2026-04-30T05:21:00+00:00", "title": "Bitalk"}, {"desc": null, "start_date": "2026-04-30T06:08:00+00:00", "title": "Car Online TV"}, {"desc": null, "start_date": "2026-04-30T06:28:00+00:00", "title": "Baseado numa hist\u00f3ria ver\u00eddica"}, {"desc": "No Palco \u00e9 um programa inteiramente dedicado aos m\u00fasicos portugueses, criadores de m\u00fasica original. Conhecer o Artista e os realizadores que \"d\u00e3o vida\" aos temas \u00e9 promover o talento nacional!", "start_date": "2026-04-30T07:32:00+00:00", "title": "No Palco"}, {"desc": null, "start_date": "2026-04-30T07:43:00+00:00", "title": "Car Online TV"}, {"desc": "Aconchegue-se no sof\u00e1 com Teresa Cameira e com as receitas mais simples, deliciosas e reconfortantes, perfeitas para aqueles dias em que n\u00e3o apetece complicar na cozinha. Este \u00e9 o Comida de sof\u00e1.", "start_date": "2026-04-30T08:09:00+00:00", "title": "Comida de Sof\u00e1"}, {"desc": null, "start_date": "2026-04-30T08:18:00+00:00", "title": "Bitalk"}, {"desc": null, "start_date": "2026-04-30T09:20:00+00:00", "title": "Baseado numa hist\u00f3ria ver\u00eddica"}, {"desc": "Uma nova r\u00e1dio chegou \u00e0 Brandoa. E \u00e9 deveras experimental. Com Nuno Markl, Francisco Martiniano Palma, Jo\u00e3o Pedro Barata e Jorge Vaz Gomes.", "start_date": "2026-04-30T10:18:00+00:00", "title": "R\u00e1dio Calipso"}, {"desc": "Aconchegue-se no sof\u00e1 com Teresa Cameira e com as receitas mais simples, deliciosas e reconfortantes, perfeitas para aqueles dias em que n\u00e3o apetece complicar na cozinha. Este \u00e9 o Comida de sof\u00e1.", "start_date": "2026-04-30T10:43:00+00:00", "title": "Comida de Sof\u00e1"}, {"desc": "Cabe\u00e7a de Cartaz da Aporfest d\u00e1 voz aos bastidores dos festivais em Portugal. Sofia Rebanda e Ricardo Bram\u00e3o exploram hist\u00f3rias e desafios de quem faz a m\u00fasica acontecer.", "start_date": "2026-04-30T10:49:00+00:00", "title": "Cabe\u00e7a de Cartaz"}, {"desc": null, "start_date": "2026-04-30T11:54:00+00:00", "title": "Car Online TV"}, {"desc": "No Palco \u00e9 um programa inteiramente dedicado aos m\u00fasicos portugueses, criadores de m\u00fasica original. Conhecer o Artista e os realizadores que \"d\u00e3o vida\" aos temas \u00e9 promover o talento nacional!", "start_date": "2026-04-30T12:11:00+00:00", "title": "No Palco"}, {"desc": null, "start_date": "2026-04-30T12:23:00+00:00", "title": "Car Online TV"}, {"desc": null, "start_date": "2026-04-30T12:35:00+00:00", "title": "Baseado numa hist\u00f3ria ver\u00eddica"}, {"desc": "No Palco \u00e9 um programa inteiramente dedicado aos m\u00fasicos portugueses, criadores de m\u00fasica original. Conhecer o Artista e os realizadores que \"d\u00e3o vida\" aos temas \u00e9 promover o talento nacional!", "start_date": "2026-04-30T13:43:00+00:00", "title": "No Palco"}, {"desc": null, "start_date": "2026-04-30T13:51:00+00:00", "title": "InMusic Portugal"}, {"desc": "O Magazine da Cam\u00f5es TV+ \u00e9 um espa\u00e7o dedicado \u00e0 cultura, m\u00fasica, tradi\u00e7\u00f5es, cinema e bem-estar. Com conte\u00fados originais sempre com a marca Portugal.", "start_date": "2026-04-30T14:26:00+00:00", "title": "Cam\u00f5es TV Magazine"}, {"desc": "O Magazine da Cam\u00f5es TV+ \u00e9 um espa\u00e7o dedicado \u00e0 cultura, m\u00fasica, tradi\u00e7\u00f5es, cinema e bem-estar. Com conte\u00fados originais sempre com a marca Portugal.", "start_date": "2026-04-30T15:29:00+00:00", "title": "Cam\u00f5es TV Magazine"}, {"desc": "QTalento onde a m\u00fasica, a literatura e as artes encontram-se.Conversas que mostram a alma da nossa cultura sempre com muito talento. A arte vive aqui.", "start_date": "2026-04-30T16:36:00+00:00", "title": "QTalento"}, {"desc": null, "start_date": "2026-04-30T16:45:00+00:00", "title": "Um Alien\u00edgena Perto de Si"}, {"desc": null, "start_date": "2026-04-30T16:53:00+00:00", "title": "Car Online TV"}, {"desc": null, "start_date": "2026-04-30T17:13:00+00:00", "title": "Felizes Para Sempre"}, {"desc": "O Magazine da Cam\u00f5es TV+ \u00e9 um espa\u00e7o dedicado \u00e0 cultura, m\u00fasica, tradi\u00e7\u00f5es, cinema e bem-estar. Com conte\u00fados originais sempre com a marca Portugal.", "start_date": "2026-04-30T17:40:00+00:00", "title": "Cam\u00f5es TV Magazine"}, {"desc": "Estaremos \u00e0 conversa com artistas, empres\u00e1rios e agentes culturais. Junte-se a n\u00f3s para descobrir os segredos do sucesso, insights sobre a ind\u00fastria musical e cultural, hist\u00f3rias de empreendedorismo.", "start_date": "2026-04-30T18:42:00+00:00", "title": "Compasso Simples"}, {"desc": "O Magazine da Cam\u00f5es TV+ \u00e9 um espa\u00e7o dedicado \u00e0 cultura, m\u00fasica, tradi\u00e7\u00f5es, cinema e bem-estar. Com conte\u00fados originais sempre com a marca Portugal.", "start_date": "2026-04-30T19:21:00+00:00", "title": "Cam\u00f5es TV Magazine"}, {"desc": null, "start_date": "2026-04-30T20:26:00+00:00", "title": "Bitalk"}, {"desc": "Aconchegue-se no sof\u00e1 com Teresa Cameira e com as receitas mais simples, deliciosas e reconfortantes, perfeitas para aqueles dias em que n\u00e3o apetece complicar na cozinha. Este \u00e9 o Comida de sof\u00e1.", "start_date": "2026-04-30T21:30:00+00:00", "title": "Comida de Sof\u00e1"}, {"desc": null, "start_date": "2026-04-30T21:41:00+00:00", "title": "Onde Nasce o Vinho"}, {"desc": "Aconchegue-se no sof\u00e1 com Teresa Cameira e com as receitas mais simples, deliciosas e reconfortantes, perfeitas para aqueles dias em que n\u00e3o apetece complicar na cozinha. Este \u00e9 o Comida de sof\u00e1.", "start_date": "2026-04-30T22:03:00+00:00", "title": "Comida de Sof\u00e1"}, {"desc": "Aconchegue-se no sof\u00e1 com Teresa Cameira e com as receitas mais simples, deliciosas e reconfortantes, perfeitas para aqueles dias em que n\u00e3o apetece complicar na cozinha. Este \u00e9 o Comida de sof\u00e1.", "start_date": "2026-04-30T22:08:00+00:00", "title": "Comida de Sof\u00e1"}, {"desc": "Um projecto da Abra\u00e7o, Sexo Com Sentido, com apresenta\u00e7\u00e3o de Beatriz Gosta (Marta Bateira) e v\u00e1rias participa\u00e7\u00f5es especiais: Ant\u00f3nio Raminhos, S\u00f3nia Tavares, Raquel Tillo, Jo\u00e3o Ca\u00e7ador, Toy, T\u00e2nia Gra\u00e7a, Pedro Crispim e outros. Conversas descontra\u00eddas sobre sexualidade, VIH, Hepatites e ISTs. Prazer e informa\u00e7\u00e3o sem tabus!", "start_date": "2026-04-30T22:34:00+00:00", "title": "Sexo com Sentido"}, {"desc": "O Tasqueiro percorre Portugal \u00e0 mesa, entre tascas e produtores, revelando a alma da gastronomia portuguesa com sabor e autenticidade, ao lado de quem gosta de comer bem e \u00e0 portuguesa.", "start_date": "2026-04-30T23:03:00+00:00", "title": "Guia dos Campe\u00f5es"}, {"desc": null, "start_date": "2026-04-30T23:24:00+00:00", "title": "Onde Nasce o Vinho"}, {"desc": "Aconchegue-se no sof\u00e1 com Teresa Cameira e com as receitas mais simples, deliciosas e reconfortantes, perfeitas para aqueles dias em que n\u00e3o apetece complicar na cozinha. Este \u00e9 o Comida de sof\u00e1.", "start_date": "2026-04-30T23:55:00+00:00", "title": "Comida de Sof\u00e1"}, {"desc": null, "start_date": "2026-05-01T00:01:00+00:00", "title": "SpotLights"}, {"desc": null, "start_date": "2026-05-01T01:22:00+00:00", "title": "Red Bull FrancaMente"}, {"desc": null, "start_date": "2026-05-01T01:53:00+00:00", "title": "Ver\u00e3o a Dois Tempos"}, {"desc": "O Tasqueiro percorre Portugal \u00e0 mesa, entre tascas e produtores, revelando a alma da gastronomia portuguesa com sabor e autenticidade, ao lado de quem gosta de comer bem e \u00e0 portuguesa.", "start_date": "2026-05-01T02:33:00+00:00", "title": "Guia dos Campe\u00f5es"}, {"desc": null, "start_date": "2026-05-01T02:53:00+00:00", "title": "Caf\u00e9 Duplo"}, {"desc": null, "start_date": "2026-05-01T02:58:00+00:00", "title": "Bitalk"}, {"desc": null, "start_date": "2026-05-01T03:47:00+00:00", "title": "Felizes Para Sempre"}, {"desc": "Programa que conta com uma reputada cr\u00edtica de pornografia, uma jogadora inveterada de videojogos e muito desconstrutivismo musical e cinematogr\u00e1fico. Neste magazine enredam-se discos, filmes e estilos de vida.", "start_date": "2026-05-01T04:21:00+00:00", "title": "A Rede"}, {"desc": "No Palco \u00e9 um programa inteiramente dedicado aos m\u00fasicos portugueses, criadores de m\u00fasica original. Conhecer o Artista e os realizadores que \"d\u00e3o vida\" aos temas \u00e9 promover o talento nacional!", "start_date": "2026-05-01T05:00:00+00:00", "title": "No Palco"}, {"desc": null, "start_date": "2026-05-01T05:30:00+00:00", "title": "Felizes Para Sempre"}, {"desc": null, "start_date": "2026-05-01T05:51:00+00:00", "title": "Bitalk"}, {"desc": null, "start_date": "2026-05-01T06:58:00+00:00", "title": "Car Online TV"}, {"desc": "Programa que conta com uma reputada cr\u00edtica de pornografia, uma jogadora inveterada de videojogos e muito desconstrutivismo musical e cinematogr\u00e1fico. Neste magazine enredam-se discos, filmes e estilos de vida.", "start_date": "2026-05-01T07:16:00+00:00", "title": "A Rede"}, {"desc": "Aconchegue-se no sof\u00e1 com Teresa Cameira e com as receitas mais simples, deliciosas e reconfortantes, perfeitas para aqueles dias em que n\u00e3o apetece complicar na cozinha. Este \u00e9 o Comida de sof\u00e1.", "start_date": "2026-05-01T08:03:00+00:00", "title": "Comida de Sof\u00e1"}, {"desc": null, "start_date": "2026-05-01T08:11:00+00:00", "title": "Bitalk"}, {"desc": null, "start_date": "2026-05-01T09:12:00+00:00", "title": "Baseado numa hist\u00f3ria ver\u00eddica"}, {"desc": "Uma nova r\u00e1dio chegou \u00e0 Brandoa. E \u00e9 deveras experimental. Com Nuno Markl, Francisco Martiniano Palma, Jo\u00e3o Pedro Barata e Jorge Vaz Gomes.", "start_date": "2026-05-01T10:21:00+00:00", "title": "R\u00e1dio Calipso"}, {"desc": "O Magazine da Cam\u00f5es TV+ \u00e9 um espa\u00e7o dedicado \u00e0 cultura, m\u00fasica, tradi\u00e7\u00f5es, cinema e bem-estar. Com conte\u00fados originais sempre com a marca Portugal.", "start_date": "2026-05-01T10:52:00+00:00", "title": "Cam\u00f5es TV Magazine"}, {"desc": null, "start_date": "2026-05-01T12:09:00+00:00", "title": "Bitalk"}, {"desc": null, "start_date": "2026-05-01T12:58:00+00:00", "title": "Felizes Para Sempre"}, {"desc": null, "start_date": "2026-05-01T13:17:00+00:00", "title": "Car Online TV"}, {"desc": "No Palco \u00e9 um programa inteiramente dedicado aos m\u00fasicos portugueses, criadores de m\u00fasica original. Conhecer o Artista e os realizadores que \"d\u00e3o vida\" aos temas \u00e9 promover o talento nacional!", "start_date": "2026-05-01T13:39:00+00:00", "title": "No Palco"}, {"desc": "Estaremos \u00e0 conversa com artistas, empres\u00e1rios e agentes culturais. Junte-se a n\u00f3s para descobrir os segredos do sucesso, insights sobre a ind\u00fastria musical e cultural, hist\u00f3rias de empreendedorismo.", "start_date": "2026-05-01T13:54:00+00:00", "title": "Compasso Simples"}, {"desc": null, "start_date": "2026-05-01T14:37:00+00:00", "title": "SpotLights"}, {"desc": null, "start_date": "2026-05-01T15:35:00+00:00", "title": "Car Online TV"}, {"desc": null, "start_date": "2026-05-01T15:53:00+00:00", "title": "Felizes Para Sempre"}, {"desc": null, "start_date": "2026-05-01T16:13:00+00:00", "title": "InMusic Portugal"}, {"desc": "No Palco \u00e9 um programa inteiramente dedicado aos m\u00fasicos portugueses, criadores de m\u00fasica original. Conhecer o Artista e os realizadores que \"d\u00e3o vida\" aos temas \u00e9 promover o talento nacional!", "start_date": "2026-05-01T17:03:00+00:00", "title": "No Palco"}, {"desc": "Cabe\u00e7a de Cartaz da Aporfest d\u00e1 voz aos bastidores dos festivais em Portugal. Sofia Rebanda e Ricardo Bram\u00e3o exploram hist\u00f3rias e desafios de quem faz a m\u00fasica acontecer.", "start_date": "2026-05-01T17:13:00+00:00", "title": "Cabe\u00e7a de Cartaz"}, {"desc": "O Magazine da Cam\u00f5es TV+ \u00e9 um espa\u00e7o dedicado \u00e0 cultura, m\u00fasica, tradi\u00e7\u00f5es, cinema e bem-estar. Com conte\u00fados originais sempre com a marca Portugal.", "start_date": "2026-05-01T18:16:00+00:00", "title": "Cam\u00f5es TV Magazine"}, {"desc": "\"Querem Drama?\" Ent\u00e3o tomem l\u00e1! Conversas n\u00e3o assim t\u00e3o profundas, com artistas variados e de variedades. Sempre com o fio condutor do Teatro, um passeio desavergonhado por mem\u00f3rias catitas, leituras e autores, e claro, com um cheirinho a drama.", "start_date": "2026-05-01T19:33:00+00:00", "title": "Querem Drama?"}, {"desc": null, "start_date": "2026-05-01T20:08:00+00:00", "title": "Car Online TV"}, {"desc": null, "start_date": "2026-05-01T20:26:00+00:00", "title": "InMusic Portugal"}, {"desc": null, "start_date": "2026-05-01T21:00:00+00:00", "title": "InMusic Portugal"}, {"desc": "No Palco \u00e9 um programa inteiramente dedicado aos m\u00fasicos portugueses, criadores de m\u00fasica original. Conhecer o Artista e os realizadores que \"d\u00e3o vida\" aos temas \u00e9 promover o talento nacional!", "start_date": "2026-05-01T21:40:00+00:00", "title": "No Palco"}, {"desc": "No Palco \u00e9 um programa inteiramente dedicado aos m\u00fasicos portugueses, criadores de m\u00fasica original. Conhecer o Artista e os realizadores que \"d\u00e3o vida\" aos temas \u00e9 promover o talento nacional!", "start_date": "2026-05-01T21:49:00+00:00", "title": "No Palco"}, {"desc": null, "start_date": "2026-05-01T21:57:00+00:00", "title": "Bitalk"}, {"desc": null, "start_date": "2026-05-01T23:10:00+00:00", "title": "Onde Nasce o Vinho"}, {"desc": null, "start_date": "2026-05-01T23:55:00+00:00", "title": "Pr\u00e9mios Curtas"}], "offset": "+00:00", "timezone": "UTC", "error_code": -1, "start_date": "2026-04-30", "icon": ""}