{"end_date": "2026-04-28", "name": "Canal Q", "info_url": "https://epg.pw/channels/379973/20260427.html", "country": "France", "description": null, "error_message": "", "provider": "", "source_url": "https://epg.pw/api/epg.json?channel_id=379973&date=20260427&timezone=None", "epg_list": [{"desc": null, "start_date": "2026-04-27T00:14:00+00:00", "title": "Pr\u00e9mios Curtas"}, {"desc": null, "start_date": "2026-04-27T00:54:00+00:00", "title": "Bitalk"}, {"desc": "Cabe\u00e7a de Cartaz da Aporfest d\u00e1 voz aos bastidores dos festivais em Portugal. Sofia Rebanda e Ricardo Bram\u00e3o exploram hist\u00f3rias e desafios de quem faz a m\u00fasica acontecer.", "start_date": "2026-04-27T01:52:00+00:00", "title": "Cabe\u00e7a de Cartaz"}, {"desc": "O Magazine da Cam\u00f5es TV+ \u00e9 um espa\u00e7o dedicado \u00e0 cultura, m\u00fasica, tradi\u00e7\u00f5es, cinema e bem-estar. Com conte\u00fados originais sempre com a marca Portugal.", "start_date": "2026-04-27T02:42:00+00:00", "title": "Cam\u00f5es TV Magazine"}, {"desc": null, "start_date": "2026-04-27T03:44:00+00:00", "title": "Ver\u00e3o a Dois Tempos"}, {"desc": null, "start_date": "2026-04-27T03:53:00+00:00", "title": "Pr\u00e9mios Curtas"}, {"desc": "Programa que conta com uma reputada cr\u00edtica de pornografia, uma jogadora inveterada de videojogos e muito desconstrutivismo musical e cinematogr\u00e1fico. Neste magazine enredam-se discos, filmes e estilos de vida.", "start_date": "2026-04-27T04:20:00+00:00", "title": "A Rede"}, {"desc": "No Palco \u00e9 um programa inteiramente dedicado aos m\u00fasicos portugueses, criadores de m\u00fasica original. Conhecer o Artista e os realizadores que \"d\u00e3o vida\" aos temas \u00e9 promover o talento nacional!", "start_date": "2026-04-27T04:51:00+00:00", "title": "No Palco"}, {"desc": "QTalento onde a m\u00fasica, a literatura e as artes encontram-se.Conversas que mostram a alma da nossa cultura sempre com muito talento. A arte vive aqui.", "start_date": "2026-04-27T05:00:00+00:00", "title": "QTalento"}, {"desc": "A intelig\u00eancia artificial vai tomar conta do Canal Q. Acompanhe reportagens exclusivas que abordam os temas mais importantes dos nossos tempos de uma perspectiva nunca antes vista. (SEJAM SUBMISSOS).", "start_date": "2026-04-27T05:23:00+00:00", "title": "Not\u00edcias Inteligentes"}, {"desc": null, "start_date": "2026-04-27T05:27:00+00:00", "title": "Bitalk"}, {"desc": null, "start_date": "2026-04-27T06:17:00+00:00", "title": "Car Online TV"}, {"desc": null, "start_date": "2026-04-27T06:34:00+00:00", "title": "Baseado numa hist\u00f3ria ver\u00eddica"}, {"desc": "No Palco \u00e9 um programa inteiramente dedicado aos m\u00fasicos portugueses, criadores de m\u00fasica original. Conhecer o Artista e os realizadores que \"d\u00e3o vida\" aos temas \u00e9 promover o talento nacional!", "start_date": "2026-04-27T07:25:00+00:00", "title": "No Palco"}, {"desc": "QTalento onde a m\u00fasica, a literatura e as artes encontram-se.Conversas que mostram a alma da nossa cultura sempre com muito talento. A arte vive aqui.", "start_date": "2026-04-27T07:33:00+00:00", "title": "QTalento"}, {"desc": "Aconchegue-se no sof\u00e1 com Teresa Cameira e com as receitas mais simples, deliciosas e reconfortantes, perfeitas para aqueles dias em que n\u00e3o apetece complicar na cozinha. Este \u00e9 o Comida de sof\u00e1.", "start_date": "2026-04-27T07:44:00+00:00", "title": "Comida de Sof\u00e1"}, {"desc": null, "start_date": "2026-04-27T07:55:00+00:00", "title": "Car Online TV"}, {"desc": null, "start_date": "2026-04-27T08:12:00+00:00", "title": "Um Alien\u00edgena Perto de Si"}, {"desc": "A intelig\u00eancia artificial vai tomar conta do Canal Q. Acompanhe reportagens exclusivas que abordam os temas mais importantes dos nossos tempos de uma perspectiva nunca antes vista. (SEJAM SUBMISSOS).", "start_date": "2026-04-27T08:21:00+00:00", "title": "Not\u00edcias Inteligentes"}, {"desc": null, "start_date": "2026-04-27T08:25:00+00:00", "title": "Bitalk"}, {"desc": "O Magazine da Cam\u00f5es TV+ \u00e9 um espa\u00e7o dedicado \u00e0 cultura, m\u00fasica, tradi\u00e7\u00f5es, cinema e bem-estar. Com conte\u00fados originais sempre com a marca Portugal.", "start_date": "2026-04-27T09:20:00+00:00", "title": "Cam\u00f5es TV Magazine"}, {"desc": "Uma nova r\u00e1dio chegou \u00e0 Brandoa. E \u00e9 deveras experimental. Com Nuno Markl, Francisco Martiniano Palma, Jo\u00e3o Pedro Barata e Jorge Vaz Gomes.", "start_date": "2026-04-27T10:36:00+00:00", "title": "R\u00e1dio Calipso"}, {"desc": "Aconchegue-se no sof\u00e1 com Teresa Cameira e com as receitas mais simples, deliciosas e reconfortantes, perfeitas para aqueles dias em que n\u00e3o apetece complicar na cozinha. Este \u00e9 o Comida de sof\u00e1.", "start_date": "2026-04-27T10:58:00+00:00", "title": "Comida de Sof\u00e1"}, {"desc": "QTalento onde a m\u00fasica, a literatura e as artes encontram-se.Conversas que mostram a alma da nossa cultura sempre com muito talento. A arte vive aqui.", "start_date": "2026-04-27T11:09:00+00:00", "title": "QTalento"}, {"desc": "A intelig\u00eancia artificial vai tomar conta do Canal Q. Acompanhe reportagens exclusivas que abordam os temas mais importantes dos nossos tempos de uma perspectiva nunca antes vista. (SEJAM SUBMISSOS).", "start_date": "2026-04-27T11:19:00+00:00", "title": "Not\u00edcias Inteligentes"}, {"desc": null, "start_date": "2026-04-27T11:38:00+00:00", "title": "Felizes Para Sempre"}, {"desc": null, "start_date": "2026-04-27T12:01:00+00:00", "title": "Bitalk"}, {"desc": "No Palco \u00e9 um programa inteiramente dedicado aos m\u00fasicos portugueses, criadores de m\u00fasica original. Conhecer o Artista e os realizadores que \"d\u00e3o vida\" aos temas \u00e9 promover o talento nacional!", "start_date": "2026-04-27T12:50:00+00:00", "title": "No Palco"}, {"desc": "Cabe\u00e7a de Cartaz da Aporfest d\u00e1 voz aos bastidores dos festivais em Portugal. Sofia Rebanda e Ricardo Bram\u00e3o exploram hist\u00f3rias e desafios de quem faz a m\u00fasica acontecer.", "start_date": "2026-04-27T13:10:00+00:00", "title": "Cabe\u00e7a de Cartaz"}, {"desc": "Uma nova r\u00e1dio chegou \u00e0 Brandoa. E \u00e9 deveras experimental. Com Nuno Markl, Francisco Martiniano Palma, Jo\u00e3o Pedro Barata e Jorge Vaz Gomes.", "start_date": "2026-04-27T14:11:00+00:00", "title": "R\u00e1dio Calipso"}, {"desc": "O Magazine da Cam\u00f5es TV+ \u00e9 um espa\u00e7o dedicado \u00e0 cultura, m\u00fasica, tradi\u00e7\u00f5es, cinema e bem-estar. Com conte\u00fados originais sempre com a marca Portugal.", "start_date": "2026-04-27T14:44:00+00:00", "title": "Cam\u00f5es TV Magazine"}, {"desc": null, "start_date": "2026-04-27T15:49:00+00:00", "title": "Bitalk"}, {"desc": "QTalento onde a m\u00fasica, a literatura e as artes encontram-se.Conversas que mostram a alma da nossa cultura sempre com muito talento. A arte vive aqui.", "start_date": "2026-04-27T16:35:00+00:00", "title": "QTalento"}, {"desc": null, "start_date": "2026-04-27T16:46:00+00:00", "title": "Um Alien\u00edgena Perto de Si"}, {"desc": null, "start_date": "2026-04-27T16:54:00+00:00", "title": "Felizes Para Sempre"}, {"desc": null, "start_date": "2026-04-27T17:27:00+00:00", "title": "Car Online TV"}, {"desc": "O Magazine da Cam\u00f5es TV+ \u00e9 um espa\u00e7o dedicado \u00e0 cultura, m\u00fasica, tradi\u00e7\u00f5es, cinema e bem-estar. Com conte\u00fados originais sempre com a marca Portugal.", "start_date": "2026-04-27T17:40:00+00:00", "title": "Cam\u00f5es TV Magazine"}, {"desc": "Estaremos \u00e0 conversa com artistas, empres\u00e1rios e agentes culturais. Junte-se a n\u00f3s para descobrir os segredos do sucesso, insights sobre a ind\u00fastria musical e cultural, hist\u00f3rias de empreendedorismo.", "start_date": "2026-04-27T18:42:00+00:00", "title": "Compasso Simples"}, {"desc": "No Palco \u00e9 um programa inteiramente dedicado aos m\u00fasicos portugueses, criadores de m\u00fasica original. Conhecer o Artista e os realizadores que \"d\u00e3o vida\" aos temas \u00e9 promover o talento nacional!", "start_date": "2026-04-27T19:17:00+00:00", "title": "No Palco"}, {"desc": null, "start_date": "2026-04-27T19:28:00+00:00", "title": "Bitalk"}, {"desc": "QTalento onde a m\u00fasica, a literatura e as artes encontram-se.Conversas que mostram a alma da nossa cultura sempre com muito talento. A arte vive aqui.", "start_date": "2026-04-27T20:18:00+00:00", "title": "QTalento"}, {"desc": null, "start_date": "2026-04-27T20:30:00+00:00", "title": "Car Online TV"}, {"desc": null, "start_date": "2026-04-27T20:48:00+00:00", "title": "Car Online TV"}, {"desc": null, "start_date": "2026-04-27T21:05:00+00:00", "title": "Car Online TV"}, {"desc": null, "start_date": "2026-04-27T21:17:00+00:00", "title": "Car Online TV"}, {"desc": null, "start_date": "2026-04-27T21:42:00+00:00", "title": "C de Conversa"}, {"desc": null, "start_date": "2026-04-27T22:38:00+00:00", "title": "Pr\u00e9mios Curtas"}, {"desc": "Cabe\u00e7a de Cartaz da Aporfest d\u00e1 voz aos bastidores dos festivais em Portugal. Sofia Rebanda e Ricardo Bram\u00e3o exploram hist\u00f3rias e desafios de quem faz a m\u00fasica acontecer.", "start_date": "2026-04-27T23:13:00+00:00", "title": "Cabe\u00e7a de Cartaz"}, {"desc": "O Magazine da Cam\u00f5es TV+ \u00e9 um espa\u00e7o dedicado \u00e0 cultura, m\u00fasica, tradi\u00e7\u00f5es, cinema e bem-estar. Com conte\u00fados originais sempre com a marca Portugal.", "start_date": "2026-04-28T00:04:00+00:00", "title": "Cam\u00f5es TV Magazine"}, {"desc": null, "start_date": "2026-04-28T01:07:00+00:00", "title": "Onde Nasce o Vinho"}, {"desc": null, "start_date": "2026-04-28T01:48:00+00:00", "title": "Caf\u00e9 Duplo"}, {"desc": null, "start_date": "2026-04-28T02:05:00+00:00", "title": "Bitalk"}, {"desc": null, "start_date": "2026-04-28T03:03:00+00:00", "title": "Nada de Especial"}, {"desc": "Programa que conta com uma reputada cr\u00edtica de pornografia, uma jogadora inveterada de videojogos e muito desconstrutivismo musical e cinematogr\u00e1fico. Neste magazine enredam-se discos, filmes e estilos de vida.", "start_date": "2026-04-28T03:29:00+00:00", "title": "A Rede"}, {"desc": "No Palco \u00e9 um programa inteiramente dedicado aos m\u00fasicos portugueses, criadores de m\u00fasica original. Conhecer o Artista e os realizadores que \"d\u00e3o vida\" aos temas \u00e9 promover o talento nacional!", "start_date": "2026-04-28T04:17:00+00:00", "title": "No Palco"}, {"desc": null, "start_date": "2026-04-28T04:27:00+00:00", "title": "Car Online TV"}, {"desc": null, "start_date": "2026-04-28T05:00:00+00:00", "title": "Um Alien\u00edgena Perto de Si"}, {"desc": null, "start_date": "2026-04-28T05:06:00+00:00", "title": "Bitalk"}, {"desc": null, "start_date": "2026-04-28T06:02:00+00:00", "title": "Car Online TV"}, {"desc": "Programa que conta com uma reputada cr\u00edtica de pornografia, uma jogadora inveterada de videojogos e muito desconstrutivismo musical e cinematogr\u00e1fico. Neste magazine enredam-se discos, filmes e estilos de vida.", "start_date": "2026-04-28T06:20:00+00:00", "title": "A Rede"}, {"desc": "No Palco \u00e9 um programa inteiramente dedicado aos m\u00fasicos portugueses, criadores de m\u00fasica original. Conhecer o Artista e os realizadores que \"d\u00e3o vida\" aos temas \u00e9 promover o talento nacional!", "start_date": "2026-04-28T06:53:00+00:00", "title": "No Palco"}, {"desc": "A intelig\u00eancia artificial vai tomar conta do Canal Q. Acompanhe reportagens exclusivas que abordam os temas mais importantes dos nossos tempos de uma perspectiva nunca antes vista. (SEJAM SUBMISSOS).", "start_date": "2026-04-28T07:04:00+00:00", "title": "Not\u00edcias Inteligentes"}, {"desc": null, "start_date": "2026-04-28T07:07:00+00:00", "title": "Um Alien\u00edgena Perto de Si"}, {"desc": "Rui Maria P\u00eago acredita que a fama e o prest\u00edgio s\u00e3o heredit\u00e1rios. Este document\u00e1rio, que o pr\u00f3prio encomenda e financia, mostra o filho de J\u00falia Pinheiro \u00e0 luta pelo que \u00e9 seu por direito: um lugar de destaque, nem que seja \u00e0s custas da sua fam\u00edlia.", "start_date": "2026-04-28T07:15:00+00:00", "title": "Filho da M\u00e3e"}, {"desc": "Aconchegue-se no sof\u00e1 com Teresa Cameira e com as receitas mais simples, deliciosas e reconfortantes, perfeitas para aqueles dias em que n\u00e3o apetece complicar na cozinha. Este \u00e9 o Comida de sof\u00e1.", "start_date": "2026-04-28T07:30:00+00:00", "title": "Comida de Sof\u00e1"}, {"desc": "Estaremos \u00e0 conversa com artistas, empres\u00e1rios e agentes culturais. Junte-se a n\u00f3s para descobrir os segredos do sucesso, insights sobre a ind\u00fastria musical e cultural, hist\u00f3rias de empreendedorismo.", "start_date": "2026-04-28T07:55:00+00:00", "title": "Compasso Simples"}, {"desc": null, "start_date": "2026-04-28T08:33:00+00:00", "title": "Bitalk"}, {"desc": null, "start_date": "2026-04-28T09:21:00+00:00", "title": "Baseado numa hist\u00f3ria ver\u00eddica"}, {"desc": "Uma nova r\u00e1dio chegou \u00e0 Brandoa. E \u00e9 deveras experimental. Com Nuno Markl, Francisco Martiniano Palma, Jo\u00e3o Pedro Barata e Jorge Vaz Gomes.", "start_date": "2026-04-28T10:25:00+00:00", "title": "R\u00e1dio Calipso"}, {"desc": "Aconchegue-se no sof\u00e1 com Teresa Cameira e com as receitas mais simples, deliciosas e reconfortantes, perfeitas para aqueles dias em que n\u00e3o apetece complicar na cozinha. Este \u00e9 o Comida de sof\u00e1.", "start_date": "2026-04-28T11:00:00+00:00", "title": "Comida de Sof\u00e1"}, {"desc": null, "start_date": "2026-04-28T11:07:00+00:00", "title": "Car Online TV"}, {"desc": "QTalento onde a m\u00fasica, a literatura e as artes encontram-se.Conversas que mostram a alma da nossa cultura sempre com muito talento. A arte vive aqui.", "start_date": "2026-04-28T11:27:00+00:00", "title": "QTalento"}, {"desc": "A intelig\u00eancia artificial vai tomar conta do Canal Q. Acompanhe reportagens exclusivas que abordam os temas mais importantes dos nossos tempos de uma perspectiva nunca antes vista. (SEJAM SUBMISSOS).", "start_date": "2026-04-28T11:49:00+00:00", "title": "Not\u00edcias Inteligentes"}, {"desc": null, "start_date": "2026-04-28T11:54:00+00:00", "title": "Car Online TV"}, {"desc": "O Magazine da Cam\u00f5es TV+ \u00e9 um espa\u00e7o dedicado \u00e0 cultura, m\u00fasica, tradi\u00e7\u00f5es, cinema e bem-estar. Com conte\u00fados originais sempre com a marca Portugal.", "start_date": "2026-04-28T12:21:00+00:00", "title": "Cam\u00f5es TV Magazine"}, {"desc": null, "start_date": "2026-04-28T13:45:00+00:00", "title": "Felizes Para Sempre"}, {"desc": "No Palco \u00e9 um programa inteiramente dedicado aos m\u00fasicos portugueses, criadores de m\u00fasica original. Conhecer o Artista e os realizadores que \"d\u00e3o vida\" aos temas \u00e9 promover o talento nacional!", "start_date": "2026-04-28T14:26:00+00:00", "title": "No Palco"}, {"desc": "A intelig\u00eancia artificial vai tomar conta do Canal Q. Acompanhe reportagens exclusivas que abordam os temas mais importantes dos nossos tempos de uma perspectiva nunca antes vista. (SEJAM SUBMISSOS).", "start_date": "2026-04-28T14:36:00+00:00", "title": "Not\u00edcias Inteligentes"}, {"desc": null, "start_date": "2026-04-28T14:40:00+00:00", "title": "Car Online TV"}, {"desc": null, "start_date": "2026-04-28T14:54:00+00:00", "title": "Car Online TV"}, {"desc": null, "start_date": "2026-04-28T15:08:00+00:00", "title": "Car Online TV"}, {"desc": null, "start_date": "2026-04-28T15:30:00+00:00", "title": "Baseado numa hist\u00f3ria ver\u00eddica"}, {"desc": null, "start_date": "2026-04-28T16:34:00+00:00", "title": "Felizes Para Sempre"}, {"desc": null, "start_date": "2026-04-28T16:57:00+00:00", "title": "Baseado numa hist\u00f3ria ver\u00eddica"}, {"desc": null, "start_date": "2026-04-28T17:50:00+00:00", "title": "Um Alien\u00edgena Perto de Si"}, {"desc": null, "start_date": "2026-04-28T17:59:00+00:00", "title": "SpotLights"}, {"desc": "O Magazine da Cam\u00f5es TV+ \u00e9 um espa\u00e7o dedicado \u00e0 cultura, m\u00fasica, tradi\u00e7\u00f5es, cinema e bem-estar. Com conte\u00fados originais sempre com a marca Portugal.", "start_date": "2026-04-28T18:54:00+00:00", "title": "Cam\u00f5es TV Magazine"}, {"desc": "No Palco \u00e9 um programa inteiramente dedicado aos m\u00fasicos portugueses, criadores de m\u00fasica original. Conhecer o Artista e os realizadores que \"d\u00e3o vida\" aos temas \u00e9 promover o talento nacional!", "start_date": "2026-04-28T19:58:00+00:00", "title": "No Palco"}, {"desc": null, "start_date": "2026-04-28T20:08:00+00:00", "title": "Um Alien\u00edgena Perto de Si"}, {"desc": null, "start_date": "2026-04-28T20:15:00+00:00", "title": "Car Online TV"}, {"desc": null, "start_date": "2026-04-28T20:34:00+00:00", "title": "Lendas Vivas"}, {"desc": null, "start_date": "2026-04-28T20:58:00+00:00", "title": "Bitalk"}, {"desc": null, "start_date": "2026-04-28T21:50:00+00:00", "title": "Car Online TV"}, {"desc": null, "start_date": "2026-04-28T22:10:00+00:00", "title": "Bitalk"}, {"desc": null, "start_date": "2026-04-28T23:03:00+00:00", "title": "Ver\u00e3o a Dois Tempos"}, {"desc": "O Tasqueiro percorre Portugal \u00e0 mesa, entre tascas e produtores, revelando a alma da gastronomia portuguesa com sabor e autenticidade, ao lado de quem gosta de comer bem e \u00e0 portuguesa.", "start_date": "2026-04-28T23:19:00+00:00", "title": "Guia dos Campe\u00f5es"}, {"desc": null, "start_date": "2026-04-28T23:41:00+00:00", "title": "Onde Nasce o Vinho"}], "offset": "+00:00", "timezone": "UTC", "error_code": -1, "start_date": "2026-04-27", "icon": ""}