{"end_date": "2026-05-04", "name": "Canal Q", "info_url": "https://epg.pw/channels/379973/20260503.html", "country": "France", "description": null, "error_message": "", "provider": "", "source_url": "https://epg.pw/api/epg.json?channel_id=379973&date=20260503&timezone=None", "epg_list": [{"desc": "No Palco \u00e9 um programa inteiramente dedicado aos m\u00fasicos portugueses, criadores de m\u00fasica original. Conhecer o Artista e os realizadores que \"d\u00e3o vida\" aos temas \u00e9 promover o talento nacional!", "start_date": "2026-05-03T00:11:00+00:00", "title": "No Palco"}, {"desc": null, "start_date": "2026-05-03T00:18:00+00:00", "title": "Pr\u00e9mios Curtas"}, {"desc": null, "start_date": "2026-05-03T00:39:00+00:00", "title": "Caf\u00e9 Duplo"}, {"desc": null, "start_date": "2026-05-03T00:43:00+00:00", "title": "C de Conversa"}, {"desc": null, "start_date": "2026-05-03T01:29:00+00:00", "title": "Onde Nasce o Vinho"}, {"desc": "O Tasqueiro percorre Portugal \u00e0 mesa, entre tascas e produtores, revelando a alma da gastronomia portuguesa com sabor e autenticidade, ao lado de quem gosta de comer bem e \u00e0 portuguesa.", "start_date": "2026-05-03T01:50:00+00:00", "title": "Guia dos Campe\u00f5es"}, {"desc": "Cabe\u00e7a de Cartaz da Aporfest d\u00e1 voz aos bastidores dos festivais em Portugal. Sofia Rebanda e Ricardo Bram\u00e3o exploram hist\u00f3rias e desafios de quem faz a m\u00fasica acontecer.", "start_date": "2026-05-03T02:10:00+00:00", "title": "Cabe\u00e7a de Cartaz"}, {"desc": null, "start_date": "2026-05-03T03:01:00+00:00", "title": "Bitalk"}, {"desc": "No Palco \u00e9 um programa inteiramente dedicado aos m\u00fasicos portugueses, criadores de m\u00fasica original. Conhecer o Artista e os realizadores que \"d\u00e3o vida\" aos temas \u00e9 promover o talento nacional!", "start_date": "2026-05-03T03:52:00+00:00", "title": "No Palco"}, {"desc": null, "start_date": "2026-05-03T04:16:00+00:00", "title": "Um Alien\u00edgena Perto de Si"}, {"desc": "Programa de amor e humor negro que retrata as v\u00e1rias cenas do quotidiano a n\u00edvel sentimental.", "start_date": "2026-05-03T04:22:00+00:00", "title": "Estocada Final"}, {"desc": "Programa que conta com uma reputada cr\u00edtica de pornografia, uma jogadora inveterada de videojogos e muito desconstrutivismo musical e cinematogr\u00e1fico. Neste magazine enredam-se discos, filmes e estilos de vida.", "start_date": "2026-05-03T04:27:00+00:00", "title": "A Rede"}, {"desc": "Rui Maria P\u00eago acredita que a fama e o prest\u00edgio s\u00e3o heredit\u00e1rios. Este document\u00e1rio, que o pr\u00f3prio encomenda e financia, mostra o filho de J\u00falia Pinheiro \u00e0 luta pelo que \u00e9 seu por direito: um lugar de destaque, nem que seja \u00e0s custas da sua fam\u00edlia.", "start_date": "2026-05-03T05:00:00+00:00", "title": "Filho da M\u00e3e"}, {"desc": "No Palco \u00e9 um programa inteiramente dedicado aos m\u00fasicos portugueses, criadores de m\u00fasica original. Conhecer o Artista e os realizadores que \"d\u00e3o vida\" aos temas \u00e9 promover o talento nacional!", "start_date": "2026-05-03T05:23:00+00:00", "title": "No Palco"}, {"desc": "A intelig\u00eancia artificial vai tomar conta do Canal Q. Acompanhe reportagens exclusivas que abordam os temas mais importantes dos nossos tempos de uma perspectiva nunca antes vista. (SEJAM SUBMISSOS).", "start_date": "2026-05-03T05:33:00+00:00", "title": "Not\u00edcias Inteligentes"}, {"desc": null, "start_date": "2026-05-03T05:52:00+00:00", "title": "Bitalk"}, {"desc": null, "start_date": "2026-05-03T06:43:00+00:00", "title": "Car Online TV"}, {"desc": "Programa que conta com uma reputada cr\u00edtica de pornografia, uma jogadora inveterada de videojogos e muito desconstrutivismo musical e cinematogr\u00e1fico. Neste magazine enredam-se discos, filmes e estilos de vida.", "start_date": "2026-05-03T07:14:00+00:00", "title": "A Rede"}, {"desc": "QTalento onde a m\u00fasica, a literatura e as artes encontram-se.Conversas que mostram a alma da nossa cultura sempre com muito talento. A arte vive aqui.", "start_date": "2026-05-03T08:02:00+00:00", "title": "QTalento"}, {"desc": null, "start_date": "2026-05-03T08:21:00+00:00", "title": "Felizes Para Sempre"}, {"desc": "No Palco \u00e9 um programa inteiramente dedicado aos m\u00fasicos portugueses, criadores de m\u00fasica original. Conhecer o Artista e os realizadores que \"d\u00e3o vida\" aos temas \u00e9 promover o talento nacional!", "start_date": "2026-05-03T08:59:00+00:00", "title": "No Palco"}, {"desc": null, "start_date": "2026-05-03T09:08:00+00:00", "title": "Arena da Mentira"}, {"desc": null, "start_date": "2026-05-03T09:52:00+00:00", "title": "Car Online TV"}, {"desc": "Estaremos \u00e0 conversa com artistas, empres\u00e1rios e agentes culturais. Junte-se a n\u00f3s para descobrir os segredos do sucesso, insights sobre a ind\u00fastria musical e cultural, hist\u00f3rias de empreendedorismo.", "start_date": "2026-05-03T10:10:00+00:00", "title": "Compasso Simples"}, {"desc": "Rui Maria P\u00eago acredita que a fama e o prest\u00edgio s\u00e3o heredit\u00e1rios. Este document\u00e1rio, que o pr\u00f3prio encomenda e financia, mostra o filho de J\u00falia Pinheiro \u00e0 luta pelo que \u00e9 seu por direito: um lugar de destaque, nem que seja \u00e0s custas da sua fam\u00edlia.", "start_date": "2026-05-03T10:41:00+00:00", "title": "Filho da M\u00e3e"}, {"desc": "O Magazine da Cam\u00f5es TV+ \u00e9 um espa\u00e7o dedicado \u00e0 cultura, m\u00fasica, tradi\u00e7\u00f5es, cinema e bem-estar. Com conte\u00fados originais sempre com a marca Portugal.", "start_date": "2026-05-03T11:02:00+00:00", "title": "Cam\u00f5es TV Magazine"}, {"desc": null, "start_date": "2026-05-03T12:08:00+00:00", "title": "Felizes Para Sempre"}, {"desc": "Estaremos \u00e0 conversa com artistas, empres\u00e1rios e agentes culturais. Junte-se a n\u00f3s para descobrir os segredos do sucesso, insights sobre a ind\u00fastria musical e cultural, hist\u00f3rias de empreendedorismo.", "start_date": "2026-05-03T12:27:00+00:00", "title": "Compasso Simples"}, {"desc": "O Magazine da Cam\u00f5es TV+ \u00e9 um espa\u00e7o dedicado \u00e0 cultura, m\u00fasica, tradi\u00e7\u00f5es, cinema e bem-estar. Com conte\u00fados originais sempre com a marca Portugal.", "start_date": "2026-05-03T12:51:00+00:00", "title": "Cam\u00f5es TV Magazine"}, {"desc": null, "start_date": "2026-05-03T13:55:00+00:00", "title": "InMusic Portugal"}, {"desc": null, "start_date": "2026-05-03T14:31:00+00:00", "title": "Car Online TV"}, {"desc": null, "start_date": "2026-05-03T14:47:00+00:00", "title": "SpotLights"}, {"desc": "No Palco \u00e9 um programa inteiramente dedicado aos m\u00fasicos portugueses, criadores de m\u00fasica original. Conhecer o Artista e os realizadores que \"d\u00e3o vida\" aos temas \u00e9 promover o talento nacional!", "start_date": "2026-05-03T15:29:00+00:00", "title": "No Palco"}, {"desc": "Rui Maria P\u00eago acredita que a fama e o prest\u00edgio s\u00e3o heredit\u00e1rios. Este document\u00e1rio, que o pr\u00f3prio encomenda e financia, mostra o filho de J\u00falia Pinheiro \u00e0 luta pelo que \u00e9 seu por direito: um lugar de destaque, nem que seja \u00e0s custas da sua fam\u00edlia.", "start_date": "2026-05-03T15:39:00+00:00", "title": "Filho da M\u00e3e"}, {"desc": null, "start_date": "2026-05-03T15:56:00+00:00", "title": "Brandos Costumes"}, {"desc": null, "start_date": "2026-05-03T16:35:00+00:00", "title": "Bitalk"}, {"desc": "No Palco \u00e9 um programa inteiramente dedicado aos m\u00fasicos portugueses, criadores de m\u00fasica original. Conhecer o Artista e os realizadores que \"d\u00e3o vida\" aos temas \u00e9 promover o talento nacional!", "start_date": "2026-05-03T17:24:00+00:00", "title": "No Palco"}, {"desc": "No Palco \u00e9 um programa inteiramente dedicado aos m\u00fasicos portugueses, criadores de m\u00fasica original. Conhecer o Artista e os realizadores que \"d\u00e3o vida\" aos temas \u00e9 promover o talento nacional!", "start_date": "2026-05-03T17:33:00+00:00", "title": "No Palco"}, {"desc": "O Magazine da Cam\u00f5es TV+ \u00e9 um espa\u00e7o dedicado \u00e0 cultura, m\u00fasica, tradi\u00e7\u00f5es, cinema e bem-estar. Com conte\u00fados originais sempre com a marca Portugal.", "start_date": "2026-05-03T17:40:00+00:00", "title": "Cam\u00f5es TV Magazine"}, {"desc": null, "start_date": "2026-05-03T18:48:00+00:00", "title": "InMusic Portugal"}, {"desc": "O Magazine da Cam\u00f5es TV+ \u00e9 um espa\u00e7o dedicado \u00e0 cultura, m\u00fasica, tradi\u00e7\u00f5es, cinema e bem-estar. Com conte\u00fados originais sempre com a marca Portugal.", "start_date": "2026-05-03T19:15:00+00:00", "title": "Cam\u00f5es TV Magazine"}, {"desc": null, "start_date": "2026-05-03T20:31:00+00:00", "title": "Bitalk"}, {"desc": "Cabe\u00e7a de Cartaz da Aporfest d\u00e1 voz aos bastidores dos festivais em Portugal. Sofia Rebanda e Ricardo Bram\u00e3o exploram hist\u00f3rias e desafios de quem faz a m\u00fasica acontecer.", "start_date": "2026-05-03T21:30:00+00:00", "title": "Cabe\u00e7a de Cartaz"}, {"desc": "No Palco \u00e9 um programa inteiramente dedicado aos m\u00fasicos portugueses, criadores de m\u00fasica original. Conhecer o Artista e os realizadores que \"d\u00e3o vida\" aos temas \u00e9 promover o talento nacional!", "start_date": "2026-05-03T22:42:00+00:00", "title": "No Palco"}, {"desc": null, "start_date": "2026-05-03T23:06:00+00:00", "title": "Onde Nasce o Vinho"}, {"desc": null, "start_date": "2026-05-04T00:06:00+00:00", "title": "Pr\u00e9mios Curtas"}, {"desc": null, "start_date": "2026-05-04T00:38:00+00:00", "title": "Bitalk"}, {"desc": "Cabe\u00e7a de Cartaz da Aporfest d\u00e1 voz aos bastidores dos festivais em Portugal. Sofia Rebanda e Ricardo Bram\u00e3o exploram hist\u00f3rias e desafios de quem faz a m\u00fasica acontecer.", "start_date": "2026-05-04T01:35:00+00:00", "title": "Cabe\u00e7a de Cartaz"}, {"desc": "O Magazine da Cam\u00f5es TV+ \u00e9 um espa\u00e7o dedicado \u00e0 cultura, m\u00fasica, tradi\u00e7\u00f5es, cinema e bem-estar. Com conte\u00fados originais sempre com a marca Portugal.", "start_date": "2026-05-04T02:28:00+00:00", "title": "Cam\u00f5es TV Magazine"}, {"desc": null, "start_date": "2026-05-04T03:34:00+00:00", "title": "Ver\u00e3o a Dois Tempos"}, {"desc": null, "start_date": "2026-05-04T03:47:00+00:00", "title": "Pr\u00e9mios Curtas"}, {"desc": "Programa que conta com uma reputada cr\u00edtica de pornografia, uma jogadora inveterada de videojogos e muito desconstrutivismo musical e cinematogr\u00e1fico. Neste magazine enredam-se discos, filmes e estilos de vida.", "start_date": "2026-05-04T04:20:00+00:00", "title": "A Rede"}, {"desc": "No Palco \u00e9 um programa inteiramente dedicado aos m\u00fasicos portugueses, criadores de m\u00fasica original. Conhecer o Artista e os realizadores que \"d\u00e3o vida\" aos temas \u00e9 promover o talento nacional!", "start_date": "2026-05-04T04:51:00+00:00", "title": "No Palco"}, {"desc": "QTalento onde a m\u00fasica, a literatura e as artes encontram-se.Conversas que mostram a alma da nossa cultura sempre com muito talento. A arte vive aqui.", "start_date": "2026-05-04T05:00:00+00:00", "title": "QTalento"}, {"desc": "A intelig\u00eancia artificial vai tomar conta do Canal Q. Acompanhe reportagens exclusivas que abordam os temas mais importantes dos nossos tempos de uma perspectiva nunca antes vista. (SEJAM SUBMISSOS).", "start_date": "2026-05-04T05:23:00+00:00", "title": "Not\u00edcias Inteligentes"}, {"desc": null, "start_date": "2026-05-04T05:27:00+00:00", "title": "Bitalk"}, {"desc": null, "start_date": "2026-05-04T06:17:00+00:00", "title": "Car Online TV"}, {"desc": null, "start_date": "2026-05-04T06:34:00+00:00", "title": "Baseado numa hist\u00f3ria ver\u00eddica"}, {"desc": "No Palco \u00e9 um programa inteiramente dedicado aos m\u00fasicos portugueses, criadores de m\u00fasica original. Conhecer o Artista e os realizadores que \"d\u00e3o vida\" aos temas \u00e9 promover o talento nacional!", "start_date": "2026-05-04T07:29:00+00:00", "title": "No Palco"}, {"desc": "QTalento onde a m\u00fasica, a literatura e as artes encontram-se.Conversas que mostram a alma da nossa cultura sempre com muito talento. A arte vive aqui.", "start_date": "2026-05-04T07:37:00+00:00", "title": "QTalento"}, {"desc": "Aconchegue-se no sof\u00e1 com Teresa Cameira e com as receitas mais simples, deliciosas e reconfortantes, perfeitas para aqueles dias em que n\u00e3o apetece complicar na cozinha. Este \u00e9 o Comida de sof\u00e1.", "start_date": "2026-05-04T07:48:00+00:00", "title": "Comida de Sof\u00e1"}, {"desc": null, "start_date": "2026-05-04T07:59:00+00:00", "title": "Car Online TV"}, {"desc": null, "start_date": "2026-05-04T08:14:00+00:00", "title": "Um Alien\u00edgena Perto de Si"}, {"desc": "A intelig\u00eancia artificial vai tomar conta do Canal Q. Acompanhe reportagens exclusivas que abordam os temas mais importantes dos nossos tempos de uma perspectiva nunca antes vista. (SEJAM SUBMISSOS).", "start_date": "2026-05-04T08:20:00+00:00", "title": "Not\u00edcias Inteligentes"}, {"desc": null, "start_date": "2026-05-04T08:24:00+00:00", "title": "Bitalk"}, {"desc": "O Magazine da Cam\u00f5es TV+ \u00e9 um espa\u00e7o dedicado \u00e0 cultura, m\u00fasica, tradi\u00e7\u00f5es, cinema e bem-estar. Com conte\u00fados originais sempre com a marca Portugal.", "start_date": "2026-05-04T09:20:00+00:00", "title": "Cam\u00f5es TV Magazine"}, {"desc": "Uma nova r\u00e1dio chegou \u00e0 Brandoa. E \u00e9 deveras experimental. Com Nuno Markl, Francisco Martiniano Palma, Jo\u00e3o Pedro Barata e Jorge Vaz Gomes.", "start_date": "2026-05-04T10:35:00+00:00", "title": "R\u00e1dio Calipso"}, {"desc": "Aconchegue-se no sof\u00e1 com Teresa Cameira e com as receitas mais simples, deliciosas e reconfortantes, perfeitas para aqueles dias em que n\u00e3o apetece complicar na cozinha. Este \u00e9 o Comida de sof\u00e1.", "start_date": "2026-05-04T10:57:00+00:00", "title": "Comida de Sof\u00e1"}, {"desc": "QTalento onde a m\u00fasica, a literatura e as artes encontram-se.Conversas que mostram a alma da nossa cultura sempre com muito talento. A arte vive aqui.", "start_date": "2026-05-04T11:08:00+00:00", "title": "QTalento"}, {"desc": "A intelig\u00eancia artificial vai tomar conta do Canal Q. Acompanhe reportagens exclusivas que abordam os temas mais importantes dos nossos tempos de uma perspectiva nunca antes vista. (SEJAM SUBMISSOS).", "start_date": "2026-05-04T11:17:00+00:00", "title": "Not\u00edcias Inteligentes"}, {"desc": null, "start_date": "2026-05-04T11:37:00+00:00", "title": "Felizes Para Sempre"}, {"desc": null, "start_date": "2026-05-04T12:02:00+00:00", "title": "Bitalk"}, {"desc": "No Palco \u00e9 um programa inteiramente dedicado aos m\u00fasicos portugueses, criadores de m\u00fasica original. Conhecer o Artista e os realizadores que \"d\u00e3o vida\" aos temas \u00e9 promover o talento nacional!", "start_date": "2026-05-04T12:51:00+00:00", "title": "No Palco"}, {"desc": "Cabe\u00e7a de Cartaz da Aporfest d\u00e1 voz aos bastidores dos festivais em Portugal. Sofia Rebanda e Ricardo Bram\u00e3o exploram hist\u00f3rias e desafios de quem faz a m\u00fasica acontecer.", "start_date": "2026-05-04T13:11:00+00:00", "title": "Cabe\u00e7a de Cartaz"}, {"desc": "Uma nova r\u00e1dio chegou \u00e0 Brandoa. E \u00e9 deveras experimental. Com Nuno Markl, Francisco Martiniano Palma, Jo\u00e3o Pedro Barata e Jorge Vaz Gomes.", "start_date": "2026-05-04T14:15:00+00:00", "title": "R\u00e1dio Calipso"}, {"desc": "O Magazine da Cam\u00f5es TV+ \u00e9 um espa\u00e7o dedicado \u00e0 cultura, m\u00fasica, tradi\u00e7\u00f5es, cinema e bem-estar. Com conte\u00fados originais sempre com a marca Portugal.", "start_date": "2026-05-04T14:48:00+00:00", "title": "Cam\u00f5es TV Magazine"}, {"desc": null, "start_date": "2026-05-04T15:52:00+00:00", "title": "Bitalk"}, {"desc": "QTalento onde a m\u00fasica, a literatura e as artes encontram-se.Conversas que mostram a alma da nossa cultura sempre com muito talento. A arte vive aqui.", "start_date": "2026-05-04T16:41:00+00:00", "title": "QTalento"}, {"desc": null, "start_date": "2026-05-04T16:52:00+00:00", "title": "Um Alien\u00edgena Perto de Si"}, {"desc": null, "start_date": "2026-05-04T17:01:00+00:00", "title": "Felizes Para Sempre"}, {"desc": null, "start_date": "2026-05-04T17:38:00+00:00", "title": "Car Online TV"}, {"desc": "O Magazine da Cam\u00f5es TV+ \u00e9 um espa\u00e7o dedicado \u00e0 cultura, m\u00fasica, tradi\u00e7\u00f5es, cinema e bem-estar. Com conte\u00fados originais sempre com a marca Portugal.", "start_date": "2026-05-04T17:50:00+00:00", "title": "Cam\u00f5es TV Magazine"}, {"desc": "Estaremos \u00e0 conversa com artistas, empres\u00e1rios e agentes culturais. Junte-se a n\u00f3s para descobrir os segredos do sucesso, insights sobre a ind\u00fastria musical e cultural, hist\u00f3rias de empreendedorismo.", "start_date": "2026-05-04T18:52:00+00:00", "title": "Compasso Simples"}, {"desc": "No Palco \u00e9 um programa inteiramente dedicado aos m\u00fasicos portugueses, criadores de m\u00fasica original. Conhecer o Artista e os realizadores que \"d\u00e3o vida\" aos temas \u00e9 promover o talento nacional!", "start_date": "2026-05-04T19:20:00+00:00", "title": "No Palco"}, {"desc": null, "start_date": "2026-05-04T19:27:00+00:00", "title": "Bitalk"}, {"desc": "QTalento onde a m\u00fasica, a literatura e as artes encontram-se.Conversas que mostram a alma da nossa cultura sempre com muito talento. A arte vive aqui.", "start_date": "2026-05-04T20:18:00+00:00", "title": "QTalento"}, {"desc": null, "start_date": "2026-05-04T20:30:00+00:00", "title": "Car Online TV"}, {"desc": null, "start_date": "2026-05-04T20:49:00+00:00", "title": "Car Online TV"}, {"desc": null, "start_date": "2026-05-04T21:10:00+00:00", "title": "Car Online TV"}, {"desc": null, "start_date": "2026-05-04T21:25:00+00:00", "title": "Car Online TV"}, {"desc": null, "start_date": "2026-05-04T21:47:00+00:00", "title": "C de Conversa"}, {"desc": null, "start_date": "2026-05-04T22:32:00+00:00", "title": "Pr\u00e9mios Curtas"}, {"desc": "Cabe\u00e7a de Cartaz da Aporfest d\u00e1 voz aos bastidores dos festivais em Portugal. Sofia Rebanda e Ricardo Bram\u00e3o exploram hist\u00f3rias e desafios de quem faz a m\u00fasica acontecer.", "start_date": "2026-05-04T23:13:00+00:00", "title": "Cabe\u00e7a de Cartaz"}], "offset": "+00:00", "timezone": "UTC", "error_code": -1, "start_date": "2026-05-03", "icon": ""}