{"end_date": "2026-09-02", "name": "TVP 3 Wroc\u0142aw", "info_url": "https://epg.pw/channels/401927/20260901.html", "country": "Russian Federation", "description": null, "error_message": "", "provider": "", "source_url": "https://epg.pw/api/epg.json?channel_id=401927&date=20260901&timezone=None", "epg_list": [{"desc": null, "start_date": "2026-09-01T00:25:00+00:00", "title": "Muzealne opowie\u015bci | E09"}, {"desc": null, "start_date": "2026-09-01T00:30:00+00:00", "title": "Ktokolwiek widzia\u0142, ktokolwiek wie"}, {"desc": null, "start_date": "2026-09-01T01:00:00+00:00", "title": "Ca\u0142kiem niez\u0142a historia \u2013 Z geparda na hulajnog\u0119"}, {"desc": null, "start_date": "2026-09-01T01:20:00+00:00", "title": "Program informacyjny 19.30"}, {"desc": null, "start_date": "2026-09-01T01:50:00+00:00", "title": "Sprawdzamy"}, {"desc": null, "start_date": "2026-09-01T02:10:00+00:00", "title": "Przed ekranem | E106"}, {"desc": null, "start_date": "2026-09-01T02:25:00+00:00", "title": "Dziennik region\u00f3w"}, {"desc": null, "start_date": "2026-09-01T02:50:00+00:00", "title": "Go\u015b\u0107 Region\u00f3w"}, {"desc": null, "start_date": "2026-09-01T03:10:00+00:00", "title": "O milimetr"}, {"desc": null, "start_date": "2026-09-01T03:45:00+00:00", "title": "Kryminalna si\u00f3demka"}, {"desc": null, "start_date": "2026-09-01T04:00:00+00:00", "title": "Agrobiznes"}, {"desc": null, "start_date": "2026-09-01T04:15:00+00:00", "title": "Pogoda"}, {"desc": null, "start_date": "2026-09-01T04:20:00+00:00", "title": "Cyberbezpiecznie \u2013 Teorie spiskowe: Klimat"}, {"desc": null, "start_date": "2026-09-01T04:30:00+00:00", "title": "Okrasa \u0142amie przepisy \u2013 Kuchnia polska. Kozienickie przysmaki"}, {"desc": null, "start_date": "2026-09-01T05:00:00+00:00", "title": "Serwis Info Poranek"}, {"desc": null, "start_date": "2026-09-01T05:05:00+00:00", "title": "Polska o poranku"}, {"desc": null, "start_date": "2026-09-01T05:30:00+00:00", "title": "Agrobiznes Info"}, {"desc": null, "start_date": "2026-09-01T05:40:00+00:00", "title": "Agropogoda Info"}, {"desc": null, "start_date": "2026-09-01T05:45:00+00:00", "title": "Go\u015b\u0107 poranka"}, {"desc": null, "start_date": "2026-09-01T06:05:00+00:00", "title": "Reporterzy"}, {"desc": null, "start_date": "2026-09-01T06:20:00+00:00", "title": "Cyberbezpiecznie \u2013 Kiedy fa\u0142sz trafia do encyklopedii"}, {"desc": null, "start_date": "2026-09-01T06:25:00+00:00", "title": "Kryminalna si\u00f3demka"}, {"desc": null, "start_date": "2026-09-01T06:40:00+00:00", "title": "Wykrywacz k\u0142amstw"}, {"desc": null, "start_date": "2026-09-01T07:05:00+00:00", "title": "Dlaczego krowa\u2026 \u2013 W\u0119\u017ce"}, {"desc": null, "start_date": "2026-09-01T07:30:00+00:00", "title": "Powr\u00f3t do wiary przodk\u00f3w"}, {"desc": null, "start_date": "2026-09-01T08:00:00+00:00", "title": "Z\u0142oty ch\u0142opak | E228"}, {"desc": null, "start_date": "2026-09-01T09:00:00+00:00", "title": "Rok w ogrodzie"}, {"desc": null, "start_date": "2026-09-01T09:30:00+00:00", "title": "Mak\u0142owicz w podr\u00f3\u017cy \u2013 Madera \u2013 Go\u015bcie archipelagu | E102"}, {"desc": null, "start_date": "2026-09-01T10:00:00+00:00", "title": "Kryminalna si\u00f3demka \u2013 Extra"}, {"desc": null, "start_date": "2026-09-01T10:30:00+00:00", "title": "R\u0105czka gotuje"}, {"desc": null, "start_date": "2026-09-01T11:00:00+00:00", "title": "Agrobiznes"}, {"desc": null, "start_date": "2026-09-01T11:20:00+00:00", "title": "Agropogoda"}, {"desc": null, "start_date": "2026-09-01T11:30:00+00:00", "title": "Bez retuszu"}, {"desc": null, "start_date": "2026-09-01T12:20:00+00:00", "title": "Poznaj region \u2013 Hala Mleczna w \u0141omnicy"}, {"desc": null, "start_date": "2026-09-01T12:30:00+00:00", "title": "Program informacyjny 14.30"}, {"desc": null, "start_date": "2026-09-01T12:50:00+00:00", "title": "Pogoda"}, {"desc": null, "start_date": "2026-09-01T13:00:00+00:00", "title": "Koronka do Mi\u0142osierdzia Bo\u017cego"}, {"desc": null, "start_date": "2026-09-01T13:20:00+00:00", "title": "Serwis Info Dzie\u0144"}, {"desc": null, "start_date": "2026-09-01T13:30:00+00:00", "title": "Fakty"}, {"desc": null, "start_date": "2026-09-01T13:41:00+00:00", "title": "Pogoda"}, {"desc": null, "start_date": "2026-09-01T13:45:00+00:00", "title": "Szlachetne zdrowie"}, {"desc": null, "start_date": "2026-09-01T14:01:00+00:00", "title": "Weso\u0142e lata Telewizji Krak\u00f3w \u2013 Bajm"}, {"desc": null, "start_date": "2026-09-01T14:30:00+00:00", "title": "Fakty"}, {"desc": null, "start_date": "2026-09-01T14:40:00+00:00", "title": "Pogoda"}, {"desc": null, "start_date": "2026-09-01T14:44:00+00:00", "title": "S\u0142ownik polsko@polski | E681"}, {"desc": null, "start_date": "2026-09-01T15:14:00+00:00", "title": "Prosto z lasu"}, {"desc": null, "start_date": "2026-09-01T15:29:00+00:00", "title": "Przysz\u0142o\u015b\u0107 jest teraz"}, {"desc": null, "start_date": "2026-09-01T15:44:00+00:00", "title": "Kierunek Aglomeracja"}, {"desc": null, "start_date": "2026-09-01T15:50:00+00:00", "title": "Strefa otwarta \u2013 Psycholog, a psychoterapeuta"}, {"desc": null, "start_date": "2026-09-01T16:15:00+00:00", "title": "Pami\u0119\u0107 Miasta \u2013 Janusz Degler | E10/26"}, {"desc": null, "start_date": "2026-09-01T16:30:00+00:00", "title": "Fakty \u2013 wydanie g\u0142\u00f3wne"}, {"desc": null, "start_date": "2026-09-01T16:53:00+00:00", "title": "Pogoda"}, {"desc": null, "start_date": "2026-09-01T16:57:00+00:00", "title": "Rozmowa"}, {"desc": null, "start_date": "2026-09-01T17:10:00+00:00", "title": "Agro-Fakty"}, {"desc": null, "start_date": "2026-09-01T17:23:00+00:00", "title": "Bezpieczny Wroc\u0142aw | E8/26"}, {"desc": null, "start_date": "2026-09-01T17:30:00+00:00", "title": "Ca\u0142kiem niez\u0142a historia \u2013 Adres z legend\u0105"}, {"desc": null, "start_date": "2026-09-01T17:45:00+00:00", "title": "Kryminalna si\u00f3demka"}, {"desc": null, "start_date": "2026-09-01T18:00:00+00:00", "title": "Dziennik region\u00f3w"}, {"desc": null, "start_date": "2026-09-01T18:10:00+00:00", "title": "Pogoda"}, {"desc": null, "start_date": "2026-09-01T18:13:00+00:00", "title": "Go\u015b\u0107 Region\u00f3w"}, {"desc": null, "start_date": "2026-09-01T18:30:00+00:00", "title": "Telekurier"}, {"desc": null, "start_date": "2026-09-01T19:02:00+00:00", "title": "Wakacyjny Dolny \u015al\u0105sk | E9/26"}, {"desc": null, "start_date": "2026-09-01T19:16:00+00:00", "title": "Rozmowa"}, {"desc": null, "start_date": "2026-09-01T19:30:00+00:00", "title": "Fakty \u2013 wydanie wieczorne"}, {"desc": null, "start_date": "2026-09-01T19:52:00+00:00", "title": "Pogoda"}, {"desc": null, "start_date": "2026-09-01T19:55:00+00:00", "title": "Poznaj region \u2013 Muzeum Etnograficzne"}, {"desc": null, "start_date": "2026-09-01T20:00:00+00:00", "title": "Dziennik region\u00f3w"}, {"desc": null, "start_date": "2026-09-01T20:20:00+00:00", "title": "Pogoda"}, {"desc": null, "start_date": "2026-09-01T20:30:00+00:00", "title": "Z\u0142oty ch\u0142opak | E229"}, {"desc": null, "start_date": "2026-09-01T21:30:00+00:00", "title": "Kryminalna si\u00f3demka"}, {"desc": null, "start_date": "2026-09-01T21:55:00+00:00", "title": "Panorama"}, {"desc": null, "start_date": "2026-09-01T22:25:00+00:00", "title": "Program informacyjny 19.30"}, {"desc": null, "start_date": "2026-09-01T22:45:00+00:00", "title": "Program informacyjny 19.30"}, {"desc": null, "start_date": "2026-09-01T23:20:00+00:00", "title": "Kryminalna si\u00f3demka"}, {"desc": null, "start_date": "2026-09-01T23:40:00+00:00", "title": "Dziedzictwo | E884"}, {"desc": null, "start_date": "2026-09-02T00:30:00+00:00", "title": "Bez retuszu"}, {"desc": null, "start_date": "2026-09-02T01:20:00+00:00", "title": "Program informacyjny 19.30"}, {"desc": null, "start_date": "2026-09-02T01:50:00+00:00", "title": "Piosenka od Ciebie"}, {"desc": null, "start_date": "2026-09-02T02:25:00+00:00", "title": "Dziennik region\u00f3w"}, {"desc": null, "start_date": "2026-09-02T02:50:00+00:00", "title": "Go\u015b\u0107 Region\u00f3w"}, {"desc": null, "start_date": "2026-09-02T03:10:00+00:00", "title": "Telekurier"}, {"desc": null, "start_date": "2026-09-02T03:45:00+00:00", "title": "Kryminalna si\u00f3demka"}, {"desc": null, "start_date": "2026-09-02T04:00:00+00:00", "title": "Agrobiznes"}, {"desc": null, "start_date": "2026-09-02T04:20:00+00:00", "title": "Pogoda"}, {"desc": null, "start_date": "2026-09-02T04:30:00+00:00", "title": "Ros\u00f3\u0142 polski | E25"}, {"desc": null, "start_date": "2026-09-02T05:00:00+00:00", "title": "Serwis Info Poranek"}, {"desc": null, "start_date": "2026-09-02T05:05:00+00:00", "title": "Polska o poranku"}, {"desc": null, "start_date": "2026-09-02T05:30:00+00:00", "title": "Agrobiznes Info"}, {"desc": null, "start_date": "2026-09-02T05:40:00+00:00", "title": "Agropogoda Info"}, {"desc": null, "start_date": "2026-09-02T05:45:00+00:00", "title": "Go\u015b\u0107 poranka"}, {"desc": null, "start_date": "2026-09-02T06:05:00+00:00", "title": "Reporterzy"}, {"desc": null, "start_date": "2026-09-02T06:25:00+00:00", "title": "Kryminalna si\u00f3demka"}, {"desc": null, "start_date": "2026-09-02T06:40:00+00:00", "title": "Wykrywacz k\u0142amstw"}, {"desc": null, "start_date": "2026-09-02T07:05:00+00:00", "title": "Regiony na TAK"}, {"desc": null, "start_date": "2026-09-02T07:30:00+00:00", "title": "Prywatne \u017cycie zwierz\u0105t 3 \u2013 Troska | S03E10"}, {"desc": null, "start_date": "2026-09-02T08:00:00+00:00", "title": "Z\u0142oty ch\u0142opak | E229"}, {"desc": null, "start_date": "2026-09-02T09:00:00+00:00", "title": "Zielnik regionalny"}, {"desc": null, "start_date": "2026-09-02T09:30:00+00:00", "title": "Lato na ROD'os"}, {"desc": null, "start_date": "2026-09-02T10:00:00+00:00", "title": "Telekurier"}, {"desc": null, "start_date": "2026-09-02T10:30:00+00:00", "title": "G\u00f3rna p\u00f3\u0142ka smaku | S04E09"}, {"desc": null, "start_date": "2026-09-02T11:00:00+00:00", "title": "Agrobiznes"}, {"desc": null, "start_date": "2026-09-02T11:20:00+00:00", "title": "Agropogoda"}, {"desc": null, "start_date": "2026-09-02T11:30:00+00:00", "title": "Daj\u0119 s\u0142owo \u2013 Maciej Or\u0142o\u015b 2 \u2013 Ewa Bem | S02E32"}, {"desc": null, "start_date": "2026-09-02T12:30:00+00:00", "title": "Program informacyjny 14.30"}, {"desc": null, "start_date": "2026-09-02T12:50:00+00:00", "title": "Pogoda"}, {"desc": null, "start_date": "2026-09-02T13:00:00+00:00", "title": "Koronka do Mi\u0142osierdzia Bo\u017cego"}, {"desc": null, "start_date": "2026-09-02T13:20:00+00:00", "title": "Serwis Info Dzie\u0144"}, {"desc": null, "start_date": "2026-09-02T13:30:00+00:00", "title": "Fakty"}, {"desc": null, "start_date": "2026-09-02T13:41:00+00:00", "title": "Pogoda"}, {"desc": null, "start_date": "2026-09-02T13:44:00+00:00", "title": "Prosto z lasu | E17/26"}, {"desc": null, "start_date": "2026-09-02T14:03:00+00:00", "title": "Astronarium \u2013 Sejsmologia planetarna | E161"}, {"desc": null, "start_date": "2026-09-02T14:30:00+00:00", "title": "Fakty"}, {"desc": null, "start_date": "2026-09-02T14:40:00+00:00", "title": "Pogoda"}, {"desc": null, "start_date": "2026-09-02T14:44:00+00:00", "title": "Strefa otwarta \u2013 Psycholog, a psychoterapeuta"}, {"desc": null, "start_date": "2026-09-02T15:09:00+00:00", "title": "Wakacyjny Dolny \u015al\u0105sk | E9/26"}, {"desc": null, "start_date": "2026-09-02T15:25:00+00:00", "title": "W swoim czasie \u2013 Po wakacjach | E39"}, {"desc": null, "start_date": "2026-09-02T15:39:00+00:00", "title": "Wroc\u0142aw si\u0119 zmienia"}, {"desc": null, "start_date": "2026-09-02T15:45:00+00:00", "title": "Schlesien Journal | E34/26"}, {"desc": null, "start_date": "2026-09-02T16:02:00+00:00", "title": "Wy\u017csza Szko\u0142a Jazdy"}, {"desc": null, "start_date": "2026-09-02T16:30:00+00:00", "title": "Fakty \u2013 wydanie g\u0142\u00f3wne"}, {"desc": null, "start_date": "2026-09-02T16:53:00+00:00", "title": "Pogoda"}, {"desc": null, "start_date": "2026-09-02T16:56:00+00:00", "title": "Rozmowa"}, {"desc": null, "start_date": "2026-09-02T17:10:00+00:00", "title": "Szlachetne zdrowie"}, {"desc": null, "start_date": "2026-09-02T17:24:00+00:00", "title": "Segregujemy \u2013 SEGREGOWAnie na TAK"}, {"desc": null, "start_date": "2026-09-02T17:30:00+00:00", "title": "Ca\u0142kiem niez\u0142a historia \u2013 Samotno\u015b\u0107 na szczycie"}, {"desc": null, "start_date": "2026-09-02T17:45:00+00:00", "title": "Kryminalna si\u00f3demka"}, {"desc": null, "start_date": "2026-09-02T18:00:00+00:00", "title": "Dziennik region\u00f3w"}, {"desc": null, "start_date": "2026-09-02T18:10:00+00:00", "title": "Pogoda"}, {"desc": null, "start_date": "2026-09-02T18:13:00+00:00", "title": "Go\u015b\u0107 Region\u00f3w"}, {"desc": null, "start_date": "2026-09-02T18:30:00+00:00", "title": "Telekurier"}, {"desc": null, "start_date": "2026-09-02T19:02:00+00:00", "title": "Pami\u0119\u0107 Miasta \u2013 Janusz Degler | E10/26"}, {"desc": null, "start_date": "2026-09-02T19:16:00+00:00", "title": "Rozmowa"}, {"desc": null, "start_date": "2026-09-02T19:30:00+00:00", "title": "Fakty \u2013 wydanie wieczorne"}, {"desc": null, "start_date": "2026-09-02T19:51:00+00:00", "title": "Pogoda"}, {"desc": null, "start_date": "2026-09-02T19:55:00+00:00", "title": "Poznaj region \u2013 Opactwo Cysters\u00f3w w Lubi\u0105\u017cu"}, {"desc": null, "start_date": "2026-09-02T20:00:00+00:00", "title": "Dziennik region\u00f3w"}, {"desc": null, "start_date": "2026-09-02T20:20:00+00:00", "title": "Pogoda"}, {"desc": null, "start_date": "2026-09-02T20:30:00+00:00", "title": "Z\u0142oty ch\u0142opak | E230"}, {"desc": null, "start_date": "2026-09-02T21:30:00+00:00", "title": "Kryminalna si\u00f3demka"}, {"desc": null, "start_date": "2026-09-02T21:55:00+00:00", "title": "Panorama"}, {"desc": null, "start_date": "2026-09-02T22:25:00+00:00", "title": "Program informacyjny 19.30"}, {"desc": null, "start_date": "2026-09-02T22:45:00+00:00", "title": "Program informacyjny 19.30"}, {"desc": null, "start_date": "2026-09-02T23:20:00+00:00", "title": "Kryminalna si\u00f3demka"}, {"desc": null, "start_date": "2026-09-02T23:40:00+00:00", "title": "Dziedzictwo | E885"}], "offset": "+00:00", "timezone": "UTC", "error_code": -1, "start_date": "2026-09-01", "icon": "https://epg.pw/media/images/epg/2024/12/02/20241202021709436764_78.png"}