{"end_date": "2026-08-31", "name": "france\u00b7tv slash", "info_url": "https://epg.pw/channels/403212/20260830.html", "country": "France", "description": null, "error_message": "", "provider": "", "source_url": "https://epg.pw/api/epg.json?channel_id=403212&date=20260830&timezone=None", "epg_list": [{"desc": "Quiz de culture g\u00e9n\u00e9rale au cours duquel 6 candidats vont tenter chaque jour de d\u00e9loger le champion en titre (qui accumule les gains d'\u00e9mission en \u00e9mission) et de prendre sa place. Les 2 premi\u00e8res manches, \"les qualifs.", "start_date": "2026-08-30T01:10:00+00:00", "title": "Tout le monde veut prendre sa place"}, {"desc": "Un rendez-vous r\u00e9veil-matin, avec un point sur l'actualit\u00e9 assorti de diff\u00e9rentes rubriques qui permettent d'en explorer certains aspects plus en profondeur.", "start_date": "2026-08-30T02:00:00+00:00", "title": "Le 6h info"}, {"desc": "De l'info et de la bonne humeur, sept jours sur sept : r\u00e9solument dans l'air du temps, la premi\u00e8re matinale de France, forte de sa richesse \u00e9ditoriale et de sa dynamique d'\u00e9quipe, aborde de nombreuses th\u00e9matiques et traite l'actualit\u00e9 avec s\u00e9rieux et sans dramatisation.", "start_date": "2026-08-30T02:45:00+00:00", "title": "T\u00e9l\u00e9matin"}, {"desc": "Pour bien d\u00e9marrer la journ\u00e9e, la r\u00e9daction de France 2 propose un point sur l'actualit\u00e9. Les principales informations nationales et internationales sont pass\u00e9es en revue.", "start_date": "2026-08-30T04:05:00+00:00", "title": "Journal 08h00"}, {"desc": "De l'info et de la bonne humeur, sept jours sur sept : r\u00e9solument dans l'air du temps, la premi\u00e8re matinale de France, forte de sa richesse \u00e9ditoriale et de sa dynamique d'\u00e9quipe, aborde de nombreuses th\u00e9matiques et traite l'actualit\u00e9 avec s\u00e9rieux et sans dramatisation.", "start_date": "2026-08-30T04:15:00+00:00", "title": "T\u00e9l\u00e9matin"}, {"desc": "Dans cette \u00e9mission, nous vous proposons de d\u00e9couvrir l'ouvrage inspirant de Dominique Side, \"Une nouvelle fa\u00e7on de voir, de la connaissance \u00e0 la sagesse\". Cet essai nous invite \u00e0 d\u00e9passer la simple accumulation d'informations pour embrasser une compr\u00e9hension plus profonde de la vie, comme un appel \u00e0 transformer notre regard pour vivre plus pleinement en harmonie avec nous-m\u00eames et le monde.", "start_date": "2026-08-30T04:30:00+00:00", "title": "Sagesses bouddhistes"}, {"desc": "De la premi\u00e8re r\u00e9v\u00e9lation re\u00e7ue par Mohammed aux d\u00e9buts de la communaut\u00e9 musulmane, cette \u00e9mission revient sur les \u00e9v\u00e9nements fondateurs qui ont donn\u00e9 naissance \u00e0 l'Islam et sur l'h\u00e9ritage spirituel qu'ils ont laiss\u00e9 au monde.", "start_date": "2026-08-30T04:45:00+00:00", "title": "Islam"}, {"desc": "Ariel Tol\u00e9dano offre dans son dernier ouvrage sur le Olam Haba, le monde \u00e0 venir, une r\u00e9flexion sur la fin de vie. Que disent les textes sur cette temporalit\u00e9 de l'homme ?", "start_date": "2026-08-30T05:15:00+00:00", "title": "A l'origine"}, {"desc": "Les actualit\u00e9s de l'\u00e9t\u00e9 dans les Eglises Orientales. Au sommaire : \"La d\u00e9couverte de la vie en camp des louveteaux et jeannettes du groupe Mar Maroun\". - \"Les coll\u00e9giens du dioc\u00e8se de Paris de l'Eglise copte orthodoxe se penchent sur l'usage des r\u00e9seaux sociaux. - \"Monseigneur Hugues de Woillemont est le nouveau directeur de l'Oeuvre d'Orient\".", "start_date": "2026-08-30T05:30:00+00:00", "title": "Actualit\u00e9s orientales : l'\u00e9t\u00e9 des orientaux"}, {"desc": "Focus sur le parcours de musicoth\u00e9rapie de Nathalie, victime d'inceste \u00e9tant petite, dont l'introspection met au jour des fractures intimes longtemps rest\u00e9es muettes. Son chemin int\u00e9rieur tr\u00e8s vite spirituel ouvre alors la porte \u00e0 deux r\u00e9cits en r\u00e9sonance : celui de Laurent, doublement orphelin \u00e0 3 ans apr\u00e8s avoir perdu sa m\u00e8re adoptive, et celui d'Apolline, survivante du g\u00e9nocide des Tutsi au Rwa", "start_date": "2026-08-30T06:00:00+00:00", "title": "Pr\u00e9sence protestante et Le jour du Seigneur"}, {"desc": "Un focus sur l'actualit\u00e9 et la spiritualit\u00e9 du catholicisme, en France et dans le reste du monde.", "start_date": "2026-08-30T06:55:00+00:00", "title": "Le jour du Seigneur"}, {"desc": "C\u00e9l\u00e9br\u00e9e en l'\u00e9glise Saint-Pierre de Huy (Belgique). Pr\u00e9dicateur : l'abb\u00e9 Pierre Hannosset. Pr\u00e9sident : l'abb\u00e9 Michel Teheux.", "start_date": "2026-08-30T07:00:00+00:00", "title": "La Messe"}, {"desc": "Le Mont Saint Michel aide \u00e0 comprendre comment les sacrements peuvent inviter chacun \u00e0 vivre \u00e9veill\u00e9, debout dans la lumi\u00e8re de la R\u00e9surrection et dans l'esp\u00e9rance du Salut.", "start_date": "2026-08-30T07:55:00+00:00", "title": "Le jour du Seigneur"}, {"desc": "Quiz de culture g\u00e9n\u00e9rale au cours duquel 6 candidats vont tenter chaque jour de d\u00e9loger le champion en titre (qui accumule les gains d'\u00e9mission en \u00e9mission) et de prendre sa place. Les 2 premi\u00e8res manches, \"les qualifs.", "start_date": "2026-08-30T08:00:00+00:00", "title": "Tout le monde veut prendre sa place"}, {"desc": "\"C'est bon \u00e0 savoir\" d\u00e9crypte les b\u00e9n\u00e9fices pour la sant\u00e9 de la consommation des fruits et l\u00e9gumes et analyse leur mode de culture, sans oublier de parler d'environnement. Avec la complicit\u00e9 d'experts, ce programme revient quelques id\u00e9es re\u00e7ues.", "start_date": "2026-08-30T08:55:00+00:00", "title": "C'est bon \u00e0 savoir"}, {"desc": "Un point quotidien sur l'actualit\u00e9 m\u00e9t\u00e9o et climatique, avec des reportages et des interviews d'experts.", "start_date": "2026-08-30T08:57:00+00:00", "title": "Journal M\u00e9t\u00e9o Climat"}, {"desc": "Tous les jours, \u00e0 13h, la r\u00e9daction propose un point sur l'actualit\u00e9. Les informations nationales et internationales sont pass\u00e9es \u00e0 la loupe et mises en perspective, illustr\u00e9es par des reportages sur le terrain.", "start_date": "2026-08-30T09:00:00+00:00", "title": "Journal 13h00"}, {"desc": "Dans la perspective de l'\u00e9lection pr\u00e9sidentielle de 2027, Benjamin Duhamel interroge un candidat ou l'un de ceux qui le repr\u00e9sentent sur l'actualit\u00e9 de la semaine \u00e9coul\u00e9e avant d'arbitrer un face-\u00e0-face entre cet invit\u00e9 fil rouge et une autre personnalit\u00e9 venue lui porter la contradiction. Une mani\u00e8re vivante et concr\u00e8te d'appr\u00e9hender les nuances des diff\u00e9rents programmes des hommes et des femmes ", "start_date": "2026-08-30T09:20:00+00:00", "title": "\u00c9mission du dimanche 30 ao\u00fbt 2026"}, {"desc": "Des images, des \u00e9motions, une \u00e9criture sensible aux aventures humaines : le week-end, imm\u00e9diatement apr\u00e8s le journal de 13h, \"13h15\" propose des histoires fran\u00e7aises, le feuilleton de la politique, les coulisses de la vie de tous les jours, les sagas familiales et les confidences des grands t\u00e9moins. Une fa\u00e7on de mieux comprendre les r\u00e9alit\u00e9s de l'\u00e9poque actuelle, parfois \u00e9clair\u00e9es par des \u00e9l\u00e9ments", "start_date": "2026-08-30T10:05:00+00:00", "title": "13h15, le dimanche"}, {"desc": "Des images, des \u00e9motions, une \u00e9criture sensible aux aventures humaines : le week-end, imm\u00e9diatement apr\u00e8s le journal de 13h, \"13h15\" propose des histoires fran\u00e7aises, le feuilleton de la politique, les coulisses de la vie de tous les jours, les sagas familiales et les confidences des grands t\u00e9moins. Une fa\u00e7on de mieux comprendre les r\u00e9alit\u00e9s de l'\u00e9poque actuelle, parfois \u00e9clair\u00e9es par des \u00e9l\u00e9ments", "start_date": "2026-08-30T10:55:00+00:00", "title": "13h15, le dimanche"}, {"desc": "Loin du tumulte m\u00e9diatique, Fr\u00e9d\u00e9ric Lopez invite quelques c\u00e9l\u00e9brit\u00e9s le temps d'un week-end afin de leur offrir un moment hors du temps propice aux confidences. Entre \u00e9motion et fous rires, chacun se d\u00e9voile. Plusieurs temps forts rythment ce rendez-vous atypique, qui permet \u00e0 des vedettes du petit \u00e9cran appr\u00e9ci\u00e9s par les t\u00e9l\u00e9spectateurs de se livrer en toute confiance, gr\u00e2ce \u00e0 la bienveillance d", "start_date": "2026-08-30T12:10:00+00:00", "title": "Un dimanche \u00e0 la campagne"}, {"desc": "Faustine Bollaert reprend les r\u00eanes des Enfants de la T\u00e9l\u00e9, de retour pour une nouvelle saison qui s'annonce pleine de surprises et de casseroles. Chaque dimanche, des personnalit\u00e9s se r\u00e9uniront autour de la table pour partager leurs souvenirs, leurs anecdotes et leurs moments t\u00e9l\u00e9visuels les plus dr\u00f4les et m\u00e9morables.", "start_date": "2026-08-30T14:05:00+00:00", "title": "Les enfants de la t\u00e9l\u00e9"}, {"desc": "Faustine Bollaert reprend les r\u00eanes des Enfants de la T\u00e9l\u00e9, de retour pour une nouvelle saison qui s'annonce pleine de surprises et de casseroles. Chaque dimanche, des personnalit\u00e9s se r\u00e9uniront autour de la table pour partager leurs souvenirs, leurs anecdotes et leurs moments t\u00e9l\u00e9visuels les plus dr\u00f4les et m\u00e9morables.", "start_date": "2026-08-30T15:10:00+00:00", "title": "Les enfants de la t\u00e9l\u00e9, la suite"}, {"desc": "Un point quotidien sur l'actualit\u00e9 m\u00e9t\u00e9o et climatique, avec des reportages et des interviews d'experts.", "start_date": "2026-08-30T15:55:00+00:00", "title": "Journal M\u00e9t\u00e9o Climat"}, {"desc": "Journal week-end revient sur les faits marquants de l'actualit\u00e9 et on d\u00e9couvre les \u00e9v\u00e9nements \u00e0 venir.", "start_date": "2026-08-30T16:00:00+00:00", "title": "Journal 20h00"}, {"desc": "Un grand entretien qui fait suite au Journal. Laurent Delahousse invite des personnalit\u00e9s pr\u00e9sentant leur histoire fran\u00e7aise et leur regard sur l'air du temps.", "start_date": "2026-08-30T16:30:00+00:00", "title": "20h30 le dimanche"}, {"desc": "Un point quotidien sur l'actualit\u00e9 m\u00e9t\u00e9o et climatique, avec des reportages et des interviews d'experts.", "start_date": "2026-08-30T17:00:00+00:00", "title": "Journal M\u00e9t\u00e9o Climat"}, {"desc": "Pour tout savoir sur le bulletin m\u00e9t\u00e9o des plages du littoral fran\u00e7ais avec des informations pr\u00e9cises et exactes sur la temp\u00e9rature de l'eau et la qualit\u00e9 de l'ensoleillement.", "start_date": "2026-08-30T17:05:00+00:00", "title": "M\u00e9t\u00e9o des plages"}, {"desc": "Programme Court Parrain\u00e9 avec FTP Annonceur GMF Production VML.", "start_date": "2026-08-30T17:07:00+00:00", "title": "R\u00e9flexe !"}, {"desc": "Quand elle apprend que son \u00e9poux fr\u00e9quente une ma\u00eetresse depuis plus de deux ans, Sandra plie instantan\u00e9ment bagages et part s'installer chez sa soeur Danie. Boulevers\u00e9e, Sandra peine \u00e0 remonter la pente, ce qui n'\u00e9chappe pas \u00e0 son h\u00f4te. Pour tenter de l'aider \u00e0 retrouver le sourire, Danie l'invite \u00e0 l'accompagner \u00e0 ses cours de danse. D'abord r\u00e9ticente, Sandra finit par accepter de se joindre au ", "start_date": "2026-08-30T17:10:00+00:00", "title": "Alors on danse"}, {"desc": "En 1928, \u00e0 Paris. Alors que la ville vit au rythme des Ann\u00e9es folles, Maurice Ravel, illustre compositeur us\u00e9 par les hauts et les bas d'une carri\u00e8re en dents de scie, est sollicit\u00e9 par Ida Rubinstein, une danseuse c\u00e9l\u00e8bre qui souhaite lui commander la musique de son prochain ballet. T\u00e9tanis\u00e9 par la pression, Ravel tente de trouver l'inspiration en feuilletant les pages de sa vie, entre les \u00e9checs", "start_date": "2026-08-30T18:40:00+00:00", "title": "Bol\u00e9ro"}, {"desc": "Apr\u00e8s la d\u00e9couverte du corps calcin\u00e9 de Zo\u00e9, une lyc\u00e9enne apparemment sans histoire, les enqu\u00eateurs Oriane et T\u00e9va r\u00e9v\u00e8lent qu'elle menait une double vie, impliqu\u00e9e dans des pratiques \u00e9sot\u00e9riques et de pr\u00e9tendus dons de gu\u00e9rison. Au sein de cette communaut\u00e9 rurale marqu\u00e9e par le secret et la m\u00e9fiance, les investigations s'intensifient alors que plusieurs suspects sont eux-m\u00eames victimes de combust", "start_date": "2026-08-30T20:40:00+00:00", "title": "\u00c0 l'instinct"}, {"desc": "Madeline envoie une \u00e9quipe r\u00e9cup\u00e9rer Jess et d\u00e9couvre des informations capitales sur l'op\u00e9ration Angle Mort. \u00c0 bord de l'avion, les communications sont sabot\u00e9es, contraignant Hana \u00e0 prendre une d\u00e9cision radicale...", "start_date": "2026-08-30T22:10:00+00:00", "title": "Code Rouge"}, {"desc": "A leur descente de l'avion, Hana et Nolan trouvent refuge \u00e0 l'ambassade am\u00e9ricaine, mais leur situation n'en demeure pas moins p\u00e9rilleuse. Avec l'aide de Madeline, ils \u00e9laborent un plan audacieux pour d\u00e9voiler le complot au grand jour...", "start_date": "2026-08-30T22:55:00+00:00", "title": "Code Rouge"}, {"desc": "A la d\u00e9couverte des spectaculaires paysages naturels que rencontrent les voyageurs qui s'aventurent dans l'Ouest am\u00e9ricain, immortalis\u00e9 par de nombreux westerns.", "start_date": "2026-08-30T23:40:00+00:00", "title": "Les grands espaces de l'Ouest am\u00e9ricain"}, {"desc": "La ville du Cap, en Afrique du Sud, racont\u00e9e par des fran\u00e7ais install\u00e9s sur place.", "start_date": "2026-08-31T00:35:00+00:00", "title": "Le go\u00fbt du Cap"}, {"desc": "Cam\u00e9raman reporter, Xavier Petit part \u00e0 la d\u00e9couverte d'un pays, d'une ville, d'un peuple et, bien s\u00fbr, d'un march\u00e9 traditionnel et d'une sp\u00e9cialit\u00e9 locale.", "start_date": "2026-08-31T01:00:00+00:00", "title": "Pays et march\u00e9s du monde"}, {"desc": "Quiz de culture g\u00e9n\u00e9rale au cours duquel 6 candidats vont tenter chaque jour de d\u00e9loger le champion en titre (qui accumule les gains d'\u00e9mission en \u00e9mission) et de prendre sa place. Les 2 premi\u00e8res manches, \"les qualifs.", "start_date": "2026-08-31T01:10:00+00:00", "title": "Tout le monde veut prendre sa place"}, {"desc": "Un rendez-vous r\u00e9veil-matin, avec un point sur l'actualit\u00e9 assorti de diff\u00e9rentes rubriques qui permettent d'en explorer certains aspects plus en profondeur.", "start_date": "2026-08-31T02:00:00+00:00", "title": "Le 6h info"}, {"desc": "De l'info et de la bonne humeur, sept jours sur sept : r\u00e9solument dans l'air du temps, la premi\u00e8re matinale de France, forte de sa richesse \u00e9ditoriale et de sa dynamique d'\u00e9quipe, aborde de nombreuses th\u00e9matiques et traite l'actualit\u00e9 avec s\u00e9rieux et sans dramatisation.", "start_date": "2026-08-31T02:35:00+00:00", "title": "T\u00e9l\u00e9matin"}, {"desc": "Pour bien d\u00e9marrer la journ\u00e9e, la r\u00e9daction de France 2 propose un point sur l'actualit\u00e9. Les principales informations nationales et internationales sont pass\u00e9es en revue.", "start_date": "2026-08-31T04:00:00+00:00", "title": "Journal 08h00"}, {"desc": "De l'info et de la bonne humeur, sept jours sur sept : r\u00e9solument dans l'air du temps, la premi\u00e8re matinale de France, forte de sa richesse \u00e9ditoriale et de sa dynamique d'\u00e9quipe, aborde de nombreuses th\u00e9matiques et traite l'actualit\u00e9 avec s\u00e9rieux et sans dramatisation.", "start_date": "2026-08-31T04:30:00+00:00", "title": "T\u00e9l\u00e9matin"}, {"desc": "Agathe et sa bande vous accueillent dans \"T\u00e9l\u00e9matin, la suite.", "start_date": "2026-08-31T05:15:00+00:00", "title": "T\u00e9l\u00e9matin, la suite"}, {"desc": "Un point m\u00e9t\u00e9o complet sur la m\u00e9t\u00e9o dans les Outre-mer, avec les pr\u00e9visions de temp\u00e9ratures et la force des vents.", "start_date": "2026-08-31T06:41:00+00:00", "title": "Journal M\u00e9t\u00e9o climat outre-mer"}, {"desc": "Des participants tir\u00e9s au sort parmi le public doivent r\u00e9pondre \u00e0 des questions de culture g\u00e9n\u00e9rale dans l'espoir de se qualifier pour la deuxi\u00e8me \u00e9preuve\u2009: le billard japonais, un jeu d'adresse qui peut rapporter cadeaux et argent. Les candidats qui perdent leur duel de culture g\u00e9n\u00e9rale r\u00e9int\u00e8grent le public et peuvent donc \u00eatre \u00e0 nouveau tir\u00e9s au sort.", "start_date": "2026-08-31T06:45:00+00:00", "title": "Chacun son Tour"}, {"desc": "Des participants tir\u00e9s au sort parmi le public doivent r\u00e9pondre \u00e0 des questions de culture g\u00e9n\u00e9rale dans l'espoir de se qualifier pour la deuxi\u00e8me \u00e9preuve\u2009: le billard japonais, un jeu d'adresse qui peut rapporter cadeaux et argent. Les candidats qui perdent leur duel de culture g\u00e9n\u00e9rale r\u00e9int\u00e8grent le public et peuvent donc \u00eatre \u00e0 nouveau tir\u00e9s au sort.", "start_date": "2026-08-31T07:25:00+00:00", "title": "Chacun son Tour"}, {"desc": "Quiz de culture g\u00e9n\u00e9rale au cours duquel 6 candidats vont tenter chaque jour de d\u00e9loger le champion en titre (qui accumule les gains d'\u00e9mission en \u00e9mission) et de prendre sa place. Les 2 premi\u00e8res manches, \"les qualifs.", "start_date": "2026-08-31T07:55:00+00:00", "title": "Tout le monde veut prendre sa place"}, {"desc": "Un point quotidien sur l'actualit\u00e9 m\u00e9t\u00e9o et climatique, avec des reportages et des interviews d'experts.", "start_date": "2026-08-31T08:55:00+00:00", "title": "Journal M\u00e9t\u00e9o Climat"}, {"desc": "Tous les jours, \u00e0 13h, la r\u00e9daction propose un point sur l'actualit\u00e9. Les informations nationales et internationales sont pass\u00e9es \u00e0 la loupe et mises en perspective, illustr\u00e9es par des reportages sur le terrain.", "start_date": "2026-08-31T09:00:00+00:00", "title": "Journal 13h00"}, {"desc": "Un point quotidien sur l'actualit\u00e9 m\u00e9t\u00e9o et climatique, avec des reportages et des interviews d'experts.", "start_date": "2026-08-31T09:40:00+00:00", "title": "Journal M\u00e9t\u00e9o Climat"}, {"desc": "Fran\u00e7ois Busnel propose chaque jour de d\u00e9couvrir ou red\u00e9couvrir une oeuvre fran\u00e7aise ou \u00e9trang\u00e8re : roman, essai, grand classique ou encore bande dessin\u00e9e.", "start_date": "2026-08-31T09:45:00+00:00", "title": "La p'tite librairie"}, {"desc": "Tous les jours, Faustine BOLLAERT accueille sur le plateau de \\\" Ca commence aujourd'hui \\\" des hommes et des femmes qui viennent t\u00e9moigner sur une p\u00e9riode de leur vie, un drame, une \u00e9preuve, un cap \u00e0 passer ou un changement, et qui font souvent \u00e9cho \u00e0 de grands sujets de soci\u00e9t\u00e9. Entour\u00e9e d'experts : psychologues, psychiatres, avocats, gyn\u00e9cologue, Faustine aide les t\u00e9moins et les t\u00e9l\u00e9spectateurs", "start_date": "2026-08-31T09:55:00+00:00", "title": "\u00c7a commence aujourd'hui"}, {"desc": "Faustine Bollaert re\u00e7oit sur le plateau des invit\u00e9es dont la vie est devenue infernale \u00e0 cause de leur ex-conjoint. Soup\u00e7onnant son mari d\u2019\u00eatre infid\u00e8le, les doutes de XX se sont confirm\u00e9s lorsqu'elle a re\u00e7u un jour un appel d\u2019un homme, mandat\u00e9 par la ma\u00eetresse de son mari. Alors que son mari lui a affirm\u00e9 que l\u2019histoire \u00e9tait termin\u00e9e, Monika sera pourtant harcel\u00e9e par cette femme. Mails anonymes", "start_date": "2026-08-31T11:05:00+00:00", "title": "\u00c7a commence aujourd'hui"}, {"desc": "C'est aujourd'hui une bo\u00eete en argent qui se rend \u00e0 l'atelier pour retrouver sa splendeur.", "start_date": "2026-08-31T12:10:00+00:00", "title": "Affaire conclue : la vie des objets"}, {"desc": "Julia Vignali accueillera et accompagnera les propri\u00e9taires d'objets lors de leur expertise par l'un de nos commissaires-priseurs. En accord avec l'estimation de l'expert, Julia Vignali remettra un Pass au propri\u00e9taire, pr\u00e9cieux s\u00e9same pour se pr\u00e9senter en salle des ventes devant nos acheteurs. Le vendeur pourra esp\u00e9rer tirer le meilleur prix de son objet en le vendant aux ench\u00e8res \u00e0 une s\u00e9lection", "start_date": "2026-08-31T12:20:00+00:00", "title": "Affaire conclue, tout le monde a quelque chose \u00e0 vendre"}, {"desc": "Julia Vignali accueillera et accompagnera les propri\u00e9taires d'objets lors de leur expertise par l'un de nos commissaires-priseurs. En accord avec l'estimation de l'expert, Julia Vignali remettra un Pass au propri\u00e9taire, pr\u00e9cieux s\u00e9same pour se pr\u00e9senter en salle des ventes devant nos acheteurs. Le vendeur pourra esp\u00e9rer tirer le meilleur prix de son objet en le vendant aux ench\u00e8res \u00e0 une s\u00e9lection", "start_date": "2026-08-31T13:15:00+00:00", "title": "Affaire conclue, tout le monde a quelque chose \u00e0 vendre"}, {"desc": "\u00c9mission quotidienne pour jouer avec la langue fran\u00e7aise et enrichir sa culture g\u00e9n\u00e9rale. Autour de Sidonie Bonnec et Bruno Guillon, 2 \u00e9quipes jouent en r\u00e9pondant \u00e0 des questions. Chacune est constitu\u00e9e d'un candidat, \u00e9paul\u00e9 par 2 personnalit\u00e9s : humoristes, com\u00e9diens, journalistes...", "start_date": "2026-08-31T14:05:00+00:00", "title": "Tout le monde a son mot \u00e0 dire"}, {"desc": "Les candidats chantent en karaok\u00e9 accompagn\u00e9s par un orchestre. Quand les mots s'effacent, seuls gagnent ceux qui se souviennent de toutes les paroles.", "start_date": "2026-08-31T14:40:00+00:00", "title": "N'oubliez pas les paroles"}, {"desc": "Les candidats chantent en karaok\u00e9 accompagn\u00e9s par un orchestre. Quand les mots s'effacent, seuls gagnent ceux qui se souviennent de toutes les paroles.", "start_date": "2026-08-31T15:15:00+00:00", "title": "N'oubliez pas les paroles"}, {"desc": "Un point quotidien sur l'actualit\u00e9 m\u00e9t\u00e9o et climatique, avec des reportages et des interviews d'experts.", "start_date": "2026-08-31T15:55:00+00:00", "title": "Journal M\u00e9t\u00e9o Climat"}, {"desc": "Les principales informations nationales et internationales sont pass\u00e9es \u00e0 la loupe et mises en perspective, illustr\u00e9es par des reportages sur le terrain.", "start_date": "2026-08-31T16:00:00+00:00", "title": "Journal 20h00"}, {"desc": "Un point quotidien sur l'actualit\u00e9 m\u00e9t\u00e9o et climatique, avec des reportages et des interviews d'experts.", "start_date": "2026-08-31T16:55:00+00:00", "title": "Journal M\u00e9t\u00e9o Climat"}, {"desc": "Programme Court Parrain\u00e9 avec FTP Annonceur GMF Production VML.", "start_date": "2026-08-31T17:00:00+00:00", "title": "R\u00e9flexe !"}, {"desc": "Coup de projecteur sur l'actualit\u00e9 musicale, dans un format dynamique et accessible.", "start_date": "2026-08-31T17:05:00+00:00", "title": "Basique, l'essentiel de la musique"}, {"desc": "Dans la petite ville de Verri\u00e8res, Julien Sorel, un pauvre fils de charpentier et brillant latiniste, devient pr\u00e9cepteur pour les enfants du maire, Monsieur de R\u00eanal. Tiraill\u00e9 entre ses r\u00eaves de grandeur et sa condition sociale, il attire l\u2019attention de Louise de R\u00eanal, l\u2019\u00e9pouse de son employeur. Si Louise se m\u00e9fie d\u2019abord de ce gar\u00e7on aux origines modestes, elle va pourtant se laisser prendre au ", "start_date": "2026-08-31T17:10:00+00:00", "title": "Le rouge et le noir"}, {"desc": "Julien a entrepris de s\u00e9duire Madame de R\u00eanal. Il y parvient malgr\u00e9 tous les dangers mais une s\u00e9rie d\u2019\u00e9v\u00e9nements va mettre \u00e0 l\u2019\u00e9preuve leur liaison : la sant\u00e9 du jeune Stanislas, les menaces d\u2019\u00c9lisa, des lettres anonymes\u2026 Louise de R\u00eanal est pr\u00eate \u00e0 tout pour prot\u00e9ger leur secret. Ce fragile \u00e9quilibre finit pourtant par s\u2019effondrer et Julien doit quitter Verri\u00e8res pour rejoindre le s\u00e9minaire de Be", "start_date": "2026-08-31T17:53:00+00:00", "title": "Le rouge et le noir"}, {"desc": "Julien a entrepris de s\u00e9duire Madame de R\u00eanal. Il y parvient malgr\u00e9 tous les dangers mais une s\u00e9rie d\u2019\u00e9v\u00e9nements va mettre \u00e0 l\u2019\u00e9preuve leur liaison : la sant\u00e9 du jeune Stanislas, les menaces d\u2019\u00c9lisa, des lettres anonymes\u2026 Louise de R\u00eanal est pr\u00eate \u00e0 tout pour prot\u00e9ger leur secret. Ce fragile \u00e9quilibre finit pourtant par s\u2019effondrer et Julien doit quitter Verri\u00e8res pour rejoindre le s\u00e9minaire de Be", "start_date": "2026-08-31T17:55:00+00:00", "title": "Le rouge et le noir"}, {"desc": "Apr\u00e8s son mariage avec le duc de Luynes, conseiller du roi Louis XIII, Marie de Rohan, une jeune femme vive et libre d'esprit, est introduite \u00e0 la cour aupr\u00e8s de la reine Anne d'Autriche. Elle se lie d'amiti\u00e9 avec la jeune souveraine, timide et prude, d\u00e9laiss\u00e9e par son \u00e9poux depuis leur nuit de noces. Marie va tout faire pour r\u00e9unir le couple royal...", "start_date": "2026-08-31T18:40:00+00:00", "title": "Une amiti\u00e9 dangereuse"}, {"desc": "Anne d'Autriche a suivi les conseils de Marie, et le couple royal s'est retrouv\u00e9. La reine tombe rapidement enceinte. La nouvelle de sa grossesse ravit presque toute la cour. Le roi d\u00e9cide de partir en guerre contre les protestants et, durant son absence, la reine a un accident et perd son enfant. Marie est consid\u00e9r\u00e9e comme responsable et le roi, furieux, la fait chasser du palais. A son retour, l", "start_date": "2026-08-31T19:35:00+00:00", "title": "Une amiti\u00e9 dangereuse"}, {"desc": "Organisations syndicales, partis politiques, mais aussi mouvements d'entrepreneurs prennent la parole.", "start_date": "2026-08-31T20:30:00+00:00", "title": "Expression directe"}, {"desc": "Au coeur de la Renaissance, une femme chevauche en t\u00eate dans la course aux honneurs : Diane de Poitiers, dont la beaut\u00e9 inalt\u00e9rable alimente rumeurs et l\u00e9gendes. Malgr\u00e9 son ascendant sans partage sur Henri, le fils cadet de Fran\u00e7ois Ier, sa position \u00e0 la cour reste fragile face \u00e0 la puissante Anne de Pisseleu, la favorite du roi, qui lui voue une haine f\u00e9roce. Le mariage de Henri avec Catherine de", "start_date": "2026-08-31T20:35:00+00:00", "title": "Diane de Poitiers"}, {"desc": "La France du XVIe si\u00e8cle. Diane de Poitiers, veuve et sans fortune, utilise sa beaut\u00e9 pour parvenir au sommet du pouvoir. Ma\u00eetresse et favorite du dauphin de France Henri, elle sait que sa position \u00e0 la cour reste fragile face \u00e0 la puissante Anne de Pisseleu, la favorite du roi Fran\u00e7ois Ier, qui lui voue une haine f\u00e9roce. Le mariage d'Henri avec Catherine de M\u00e9dicis, puis son accession au tr\u00f4ne ap", "start_date": "2026-08-31T22:20:00+00:00", "title": "Diane de Poitiers"}], "offset": "+00:00", "timezone": "UTC", "error_code": -1, "start_date": "2026-08-30", "icon": ""}