{"end_date": "2026-08-29", "name": "La 1\u00e8re", "info_url": "https://epg.pw/channels/403214/20260828.html", "country": "France", "description": null, "error_message": "", "provider": "", "source_url": "https://epg.pw/api/epg.json?channel_id=403214&date=20260828&timezone=None", "epg_list": [{"desc": "Lieutenant de police \u00e0 Cayenne, la capitale de sa Guyane natale, Teva Royer aime se fier \u00e0 son instinct pour \u00e9claircir les zones d'ombre des affaires sur lesquelles il enqu\u00eate. Un jour, il est amen\u00e9 \u00e0 se rendre \u00e0 Nantes pour mener des investigations sur la mort suspecte de la fille d'un riche homme d'affaires, dont le corps vient d'\u00eatre retrouv\u00e9. Arriv\u00e9 sur place, Teva fait connaissance avec Ana K", "start_date": "2026-08-28T18:43:00+00:00", "title": "\u00c0 l'instinct"}, {"desc": "Lieutenant de police \u00e0 Cayenne, la capitale de sa Guyane natale, Teva Royer aime se fier \u00e0 son instinct pour \u00e9claircir les zones d'ombre des affaires sur lesquelles il enqu\u00eate. Un jour, il est amen\u00e9 \u00e0 se rendre \u00e0 Nantes pour mener des investigations sur la mort suspecte de la fille d'un riche homme d'affaires, dont le corps vient d'\u00eatre retrouv\u00e9. Arriv\u00e9 sur place, Teva fait connaissance avec Ana K", "start_date": "2026-08-28T18:45:00+00:00", "title": "\u00c0 l'instinct"}, {"desc": "Le capitaine Marleau enqu\u00eate sur le meurtre d'une patineuse artistique. La victime, Lucie Engelberg, serait morte \u00e0 la suite de coups violents. Pourtant, quelques heures plus t\u00f4t la jeune femme s'entra\u00eenait encore aux c\u00f4t\u00e9s d'une autre vedette de spectacle sur glace, Salom\u00e9 Revel. Cette derni\u00e8re, qui figure d\u00e9sormais parmi les suspects, semblait appr\u00e9hender avec angoisse la fin de sa carri\u00e8re et s", "start_date": "2026-08-28T20:15:00+00:00", "title": "Capitaine Marleau"}, {"desc": "Un point m\u00e9t\u00e9o complet sur la m\u00e9t\u00e9o dans les Outre-mer, avec les pr\u00e9visions de temp\u00e9ratures et la force des vents.", "start_date": "2026-08-28T23:15:00+00:00", "title": "Journal M\u00e9t\u00e9o climat outre-mer"}, {"desc": "Tous les jours, Faustine BOLLAERT accueille sur le plateau de \\\" Ca commence aujourd'hui \\\" des hommes et des femmes qui viennent t\u00e9moigner sur une p\u00e9riode de leur vie, un drame, une \u00e9preuve, un cap \u00e0 passer ou un changement, et qui font souvent \u00e9cho \u00e0 de grands sujets de soci\u00e9t\u00e9. Entour\u00e9e d'experts : psychologues, psychiatres, avocats, gyn\u00e9cologue, Faustine aide les t\u00e9moins et les t\u00e9l\u00e9spectateurs", "start_date": "2026-08-28T23:20:00+00:00", "title": "\u00c7a commence aujourd'hui"}, {"desc": "Quiz de culture g\u00e9n\u00e9rale au cours duquel 6 candidats vont tenter chaque jour de d\u00e9loger le champion en titre (qui accumule les gains d'\u00e9mission en \u00e9mission) et de prendre sa place. Les 2 premi\u00e8res manches, \"les qualifs.", "start_date": "2026-08-29T01:10:00+00:00", "title": "Tout le monde veut prendre sa place"}, {"desc": "Un rendez-vous r\u00e9veil-matin, avec un point sur l'actualit\u00e9 assorti de diff\u00e9rentes rubriques qui permettent d'en explorer certains aspects plus en profondeur.", "start_date": "2026-08-29T02:00:00+00:00", "title": "Le 6h info"}, {"desc": "De l'info et de la bonne humeur, sept jours sur sept : r\u00e9solument dans l'air du temps, la premi\u00e8re matinale de France, forte de sa richesse \u00e9ditoriale et de sa dynamique d'\u00e9quipe, aborde de nombreuses th\u00e9matiques et traite l'actualit\u00e9 avec s\u00e9rieux et sans dramatisation.", "start_date": "2026-08-29T02:35:00+00:00", "title": "T\u00e9l\u00e9matin"}, {"desc": "Pour bien d\u00e9marrer la journ\u00e9e, la r\u00e9daction de France 2 propose un point sur l'actualit\u00e9. Les principales informations nationales et internationales sont pass\u00e9es en revue.", "start_date": "2026-08-29T04:00:00+00:00", "title": "Journal 08h00"}, {"desc": "De l'info et de la bonne humeur, sept jours sur sept : r\u00e9solument dans l'air du temps, la premi\u00e8re matinale de France, forte de sa richesse \u00e9ditoriale et de sa dynamique d'\u00e9quipe, aborde de nombreuses th\u00e9matiques et traite l'actualit\u00e9 avec s\u00e9rieux et sans dramatisation.", "start_date": "2026-08-29T04:30:00+00:00", "title": "T\u00e9l\u00e9matin"}, {"desc": "Emission de bien-\u00eatre d\u00e9di\u00e9e \u00e0 l'am\u00e9lioration de la vie quotidienne, de la sant\u00e9, de la psychologie et du d\u00e9veloppement personnel. Conseils et informations pour mieux vivre et prendre soin aussi bien de soi que des autres.", "start_date": "2026-08-29T05:30:00+00:00", "title": "Bel & bien"}, {"desc": "Des participants tir\u00e9s au sort parmi le public doivent r\u00e9pondre \u00e0 des questions de culture g\u00e9n\u00e9rale dans l'espoir de se qualifier pour la deuxi\u00e8me \u00e9preuve\u2009: le billard japonais, un jeu d'adresse qui peut rapporter cadeaux et argent. Les candidats qui perdent leur duel de culture g\u00e9n\u00e9rale r\u00e9int\u00e8grent le public et peuvent donc \u00eatre \u00e0 nouveau tir\u00e9s au sort.", "start_date": "2026-08-29T06:45:00+00:00", "title": "Chacun son Tour"}, {"desc": "Des participants tir\u00e9s au sort parmi le public doivent r\u00e9pondre \u00e0 des questions de culture g\u00e9n\u00e9rale dans l'espoir de se qualifier pour la deuxi\u00e8me \u00e9preuve\u2009: le billard japonais, un jeu d'adresse qui peut rapporter cadeaux et argent. Les candidats qui perdent leur duel de culture g\u00e9n\u00e9rale r\u00e9int\u00e8grent le public et peuvent donc \u00eatre \u00e0 nouveau tir\u00e9s au sort.", "start_date": "2026-08-29T07:25:00+00:00", "title": "Chacun son Tour"}, {"desc": "Quiz de culture g\u00e9n\u00e9rale au cours duquel 6 candidats vont tenter chaque jour de d\u00e9loger le champion en titre (qui accumule les gains d'\u00e9mission en \u00e9mission) et de prendre sa place. Les 2 premi\u00e8res manches, \"les qualifs.", "start_date": "2026-08-29T07:55:00+00:00", "title": "Tout le monde veut prendre sa place"}, {"desc": "\"C'est bon \u00e0 savoir\" d\u00e9crypte les b\u00e9n\u00e9fices pour la sant\u00e9 de la consommation des fruits et l\u00e9gumes et analyse leur mode de culture, sans oublier de parler d'environnement. Avec la complicit\u00e9 d'experts, ce programme revient quelques id\u00e9es re\u00e7ues.", "start_date": "2026-08-29T08:50:00+00:00", "title": "C'est bon \u00e0 savoir"}, {"desc": "Un point quotidien sur l'actualit\u00e9 m\u00e9t\u00e9o et climatique, avec des reportages et des interviews d'experts.", "start_date": "2026-08-29T08:55:00+00:00", "title": "Journal M\u00e9t\u00e9o Climat"}, {"desc": "Tous les jours, \u00e0 13h, la r\u00e9daction propose un point sur l'actualit\u00e9. Les informations nationales et internationales sont pass\u00e9es \u00e0 la loupe et mises en perspective, illustr\u00e9es par des reportages sur le terrain.", "start_date": "2026-08-29T09:00:00+00:00", "title": "Journal 13h00"}, {"desc": "Un autre regard sur l'actualit\u00e9 avec des images, des \u00e9motions et une \u00e9criture sensible aux aventures humaines: des histoires fran\u00e7aises, le feuilleton de la politique, les coulisses de la vie de tous les jours, les sagas familiales, les confidences des grands t\u00e9moins.", "start_date": "2026-08-29T09:20:00+00:00", "title": "13h15, le samedi"}, {"desc": "Un point quotidien sur l'actualit\u00e9 m\u00e9t\u00e9o et climatique, avec des reportages et des interviews d'experts.", "start_date": "2026-08-29T09:55:00+00:00", "title": "Journal M\u00e9t\u00e9o Climat"}, {"desc": "\"C'est bon \u00e0 savoir\" d\u00e9crypte les b\u00e9n\u00e9fices pour la sant\u00e9 de la consommation des fruits et l\u00e9gumes et analyse leur mode de culture, sans oublier de parler d'environnement. Avec la complicit\u00e9 d'experts, ce programme revient quelques id\u00e9es re\u00e7ues.", "start_date": "2026-08-29T10:00:00+00:00", "title": "C'est bon \u00e0 savoir"}, {"desc": "Colette Deromme, 50 ans, a \u00e9t\u00e9 tu\u00e9e le 14 avril 2011 \u00e0 Lorgues, dans le Var, par son ex-belle-soeur Sylviane Fabre. Retour sur cette affaire.", "start_date": "2026-08-29T10:05:00+00:00", "title": "Au bout de l'enqu\u00eate, la fin du crime parfait ?"}, {"desc": "Entre 1985 et 1999, Denis Waxin a viol\u00e9 et tu\u00e9 trois fillettes et viol\u00e9 deux gar\u00e7ons et une autre fillette dans la r\u00e9gion de Lille. Arr\u00eat\u00e9 en janvier 1999 et condamn\u00e9 en novembre 2003 \u00e0 la r\u00e9clusion criminelle \u00e0 perp\u00e9tuit\u00e9 avec une p\u00e9riode de s\u00fbret\u00e9 de 29 ans.", "start_date": "2026-08-29T11:00:00+00:00", "title": "Au bout de l'enqu\u00eate, la fin du crime parfait ?"}, {"desc": "C'\u00e9tait une jeune femme de 23 ans, m\u00e8re d'un enfant d'un an, qui menait une vie simple et sans histoire. Pourtant cette nuit d'avril 2012, Ma\u00ebva Rousseau est retrouv\u00e9e sauvagement assassin\u00e9e dans sa petite maison du Val d'Oise. Commence alors une enqu\u00eate aux multiples rebondissements. Elle va mettre au jour une sombre entreprise macabre, aliment\u00e9e par la vengeance, la suspicion et les fantasmes.", "start_date": "2026-08-29T12:00:00+00:00", "title": "Au bout de l'enqu\u00eate, la fin du crime parfait ?"}, {"desc": "Le 8 novembre 1972, s'ouvrait, devant le tribunal correctionnel de Bobigny, le proc\u00e8s de Mich\u00e8le Chevalier, m\u00e8re de la jeune Marie-Claire, jug\u00e9e le mois pr\u00e9c\u00e9dent pour avoir avort\u00e9. Mich\u00e8le Chevalier, qui a assist\u00e9 sa fille, est accus\u00e9e de \"complicit\u00e9 d'avortement\" et jug\u00e9e en m\u00eame temps que deux coll\u00e8gues \u00e0 qui elle a demand\u00e9 de l'aide, ainsi que de l'\"avorteuse\" qui a interrompu la grossesse non", "start_date": "2026-08-29T13:00:00+00:00", "title": "Au bout de l'enqu\u00eate, la fin du crime parfait ?"}, {"desc": "L'\u00e9mission s'int\u00e9resse aujourd'hui \u00e0 un pichet Blin qui va aller retrouver de sa superbe aupr\u00e8s de Candice et de Carlota.", "start_date": "2026-08-29T13:55:00+00:00", "title": "Affaire conclue : la vie des objets"}, {"desc": "\u00c9mission quotidienne pour jouer avec la langue fran\u00e7aise et enrichir sa culture g\u00e9n\u00e9rale. Autour de Sidonie Bonnec et Bruno Guillon, 2 \u00e9quipes jouent en r\u00e9pondant \u00e0 des questions. Chacune est constitu\u00e9e d'un candidat, \u00e9paul\u00e9 par 2 personnalit\u00e9s : humoristes, com\u00e9diens, journalistes...", "start_date": "2026-08-29T14:05:00+00:00", "title": "Tout le monde a son mot \u00e0 dire"}, {"desc": "Les candidats chantent en karaok\u00e9 accompagn\u00e9s par un orchestre. Quand les mots s'effacent, seuls gagnent ceux qui se souviennent de toutes les paroles.", "start_date": "2026-08-29T14:40:00+00:00", "title": "N'oubliez pas les paroles"}, {"desc": "Les candidats chantent en karaok\u00e9 accompagn\u00e9s par un orchestre. Quand les mots s'effacent, seuls gagnent ceux qui se souviennent de toutes les paroles.", "start_date": "2026-08-29T15:15:00+00:00", "title": "N'oubliez pas les paroles"}, {"desc": "Un point quotidien sur l'actualit\u00e9 m\u00e9t\u00e9o et climatique, avec des reportages et des interviews d'experts.", "start_date": "2026-08-29T15:55:00+00:00", "title": "Journal M\u00e9t\u00e9o Climat"}, {"desc": "Journal week-end revient sur les faits marquants de l'actualit\u00e9 et on d\u00e9couvre les \u00e9v\u00e9nements \u00e0 venir.", "start_date": "2026-08-29T16:00:00+00:00", "title": "Journal 20h00"}, {"desc": "Une suite de reportages qui d\u00e9voilent \"la petite histoire dans la grande\".", "start_date": "2026-08-29T16:30:00+00:00", "title": "20h30 le samedi"}, {"desc": "Un point quotidien sur l'actualit\u00e9 m\u00e9t\u00e9o et climatique, avec des reportages et des interviews d'experts.", "start_date": "2026-08-29T16:50:00+00:00", "title": "Journal M\u00e9t\u00e9o Climat"}, {"desc": "Pour tout savoir sur le bulletin m\u00e9t\u00e9o des plages du littoral fran\u00e7ais avec des informations pr\u00e9cises et exactes sur la temp\u00e9rature de l'eau et la qualit\u00e9 de l'ensoleillement.", "start_date": "2026-08-29T16:55:00+00:00", "title": "M\u00e9t\u00e9o des plages"}, {"desc": "Programme Court Parrain\u00e9 avec FTP Annonceur GMF Production VML.", "start_date": "2026-08-29T17:00:00+00:00", "title": "R\u00e9flexe !"}, {"desc": "Mehdi, WIlliam, Myriam, Charlotte, Ondine, Jean-Marc, Maurice et d'autres encore, chacun avec ses diff\u00e9rences, jeuens et seniors, valides et porteurs de handicap vivent ensemble en colocation dans le m\u00eame immeuble.", "start_date": "2026-08-29T17:05:00+00:00", "title": "Immeuble partag\u00e9"}, {"desc": "Cette semaine, les courageux participants jouent pour le compte de deux associations diff\u00e9rentes : Trakadom aide les patients, notamment ceux atteints de scl\u00e9rose lat\u00e9rale amyotrophique, \u00e0 rentrer chez eux apr\u00e8s une trach\u00e9otomie. Douze F\u00e9vrier est le pseudonyme de Julie Bourges, une cr\u00e9atrice de contenu qui partage sa reconstruction apr\u00e8s de graves br\u00fblures suite \u00e0 un accident survenu le 12 f\u00e9vrie", "start_date": "2026-08-29T17:10:00+00:00", "title": "Fort Boyard"}, {"desc": "Le meilleur du talk-show spectaculaire, dr\u00f4le et festif, une \u00e9mission de soci\u00e9t\u00e9 et de divertissement, qui raconte notre \u00e9poque et interroge notre soci\u00e9t\u00e9.", "start_date": "2026-08-29T19:30:00+00:00", "title": "Quelle \u00e9poque !"}, {"desc": "Le point, plusieurs fois par jour, sur l'\u00e9volution de la m\u00e9t\u00e9o, gr\u00e2ce \u00e0 des cartes et des explications.", "start_date": "2026-08-29T21:00:00+00:00", "title": "M\u00e9t\u00e9o 2"}, {"desc": "Le c\u00e9l\u00e8bre fort ouvre ses portes \u00e0 une \u00e9quipe de personnalit\u00e9s pr\u00eates \u00e0 tout pour d\u00e9crocher le tr\u00e9sor au profit de l'association KCNQ2. Titoff, Emilien, Th\u00e9o Fernandez, Katrina Patchett et Vincent Rousset vont devoir affronter leurs peurs, relever les redoutables d\u00e9fis imagin\u00e9s par le P\u00e8re Fouras et d\u00e9jouer tous les pi\u00e8ges. Entre \u00e9preuves physiques, \u00e9nigmes et moments de tension, parviendront-ils ", "start_date": "2026-08-29T21:05:00+00:00", "title": "Fort Boyard"}], "offset": "+00:00", "timezone": "UTC", "error_code": -1, "start_date": "2026-08-28", "icon": ""}