{"end_date": "2026-08-30", "name": "La 1\u00e8re", "info_url": "https://epg.pw/channels/403214/20260829.html", "country": "France", "description": null, "error_message": "", "provider": "", "source_url": "https://epg.pw/api/epg.json?channel_id=403214&date=20260829&timezone=None", "epg_list": [{"desc": "Quiz de culture g\u00e9n\u00e9rale au cours duquel 6 candidats vont tenter chaque jour de d\u00e9loger le champion en titre (qui accumule les gains d'\u00e9mission en \u00e9mission) et de prendre sa place. Les 2 premi\u00e8res manches, \"les qualifs.", "start_date": "2026-08-29T01:10:00+00:00", "title": "Tout le monde veut prendre sa place"}, {"desc": "Un rendez-vous r\u00e9veil-matin, avec un point sur l'actualit\u00e9 assorti de diff\u00e9rentes rubriques qui permettent d'en explorer certains aspects plus en profondeur.", "start_date": "2026-08-29T02:00:00+00:00", "title": "Le 6h info"}, {"desc": "De l'info et de la bonne humeur, sept jours sur sept : r\u00e9solument dans l'air du temps, la premi\u00e8re matinale de France, forte de sa richesse \u00e9ditoriale et de sa dynamique d'\u00e9quipe, aborde de nombreuses th\u00e9matiques et traite l'actualit\u00e9 avec s\u00e9rieux et sans dramatisation.", "start_date": "2026-08-29T02:35:00+00:00", "title": "T\u00e9l\u00e9matin"}, {"desc": "Pour bien d\u00e9marrer la journ\u00e9e, la r\u00e9daction de France 2 propose un point sur l'actualit\u00e9. Les principales informations nationales et internationales sont pass\u00e9es en revue.", "start_date": "2026-08-29T04:00:00+00:00", "title": "Journal 08h00"}, {"desc": "De l'info et de la bonne humeur, sept jours sur sept : r\u00e9solument dans l'air du temps, la premi\u00e8re matinale de France, forte de sa richesse \u00e9ditoriale et de sa dynamique d'\u00e9quipe, aborde de nombreuses th\u00e9matiques et traite l'actualit\u00e9 avec s\u00e9rieux et sans dramatisation.", "start_date": "2026-08-29T04:30:00+00:00", "title": "T\u00e9l\u00e9matin"}, {"desc": "Emission de bien-\u00eatre d\u00e9di\u00e9e \u00e0 l'am\u00e9lioration de la vie quotidienne, de la sant\u00e9, de la psychologie et du d\u00e9veloppement personnel. Conseils et informations pour mieux vivre et prendre soin aussi bien de soi que des autres.", "start_date": "2026-08-29T05:30:00+00:00", "title": "Bel & bien"}, {"desc": "Des participants tir\u00e9s au sort parmi le public doivent r\u00e9pondre \u00e0 des questions de culture g\u00e9n\u00e9rale dans l'espoir de se qualifier pour la deuxi\u00e8me \u00e9preuve\u2009: le billard japonais, un jeu d'adresse qui peut rapporter cadeaux et argent. Les candidats qui perdent leur duel de culture g\u00e9n\u00e9rale r\u00e9int\u00e8grent le public et peuvent donc \u00eatre \u00e0 nouveau tir\u00e9s au sort.", "start_date": "2026-08-29T06:45:00+00:00", "title": "Chacun son Tour"}, {"desc": "Des participants tir\u00e9s au sort parmi le public doivent r\u00e9pondre \u00e0 des questions de culture g\u00e9n\u00e9rale dans l'espoir de se qualifier pour la deuxi\u00e8me \u00e9preuve\u2009: le billard japonais, un jeu d'adresse qui peut rapporter cadeaux et argent. Les candidats qui perdent leur duel de culture g\u00e9n\u00e9rale r\u00e9int\u00e8grent le public et peuvent donc \u00eatre \u00e0 nouveau tir\u00e9s au sort.", "start_date": "2026-08-29T07:25:00+00:00", "title": "Chacun son Tour"}, {"desc": "Quiz de culture g\u00e9n\u00e9rale au cours duquel 6 candidats vont tenter chaque jour de d\u00e9loger le champion en titre (qui accumule les gains d'\u00e9mission en \u00e9mission) et de prendre sa place. Les 2 premi\u00e8res manches, \"les qualifs.", "start_date": "2026-08-29T07:55:00+00:00", "title": "Tout le monde veut prendre sa place"}, {"desc": "\"C'est bon \u00e0 savoir\" d\u00e9crypte les b\u00e9n\u00e9fices pour la sant\u00e9 de la consommation des fruits et l\u00e9gumes et analyse leur mode de culture, sans oublier de parler d'environnement. Avec la complicit\u00e9 d'experts, ce programme revient quelques id\u00e9es re\u00e7ues.", "start_date": "2026-08-29T08:50:00+00:00", "title": "C'est bon \u00e0 savoir"}, {"desc": "Un point quotidien sur l'actualit\u00e9 m\u00e9t\u00e9o et climatique, avec des reportages et des interviews d'experts.", "start_date": "2026-08-29T08:55:00+00:00", "title": "Journal M\u00e9t\u00e9o Climat"}, {"desc": "Tous les jours, \u00e0 13h, la r\u00e9daction propose un point sur l'actualit\u00e9. Les informations nationales et internationales sont pass\u00e9es \u00e0 la loupe et mises en perspective, illustr\u00e9es par des reportages sur le terrain.", "start_date": "2026-08-29T09:00:00+00:00", "title": "Journal 13h00"}, {"desc": "Un autre regard sur l'actualit\u00e9 avec des images, des \u00e9motions et une \u00e9criture sensible aux aventures humaines: des histoires fran\u00e7aises, le feuilleton de la politique, les coulisses de la vie de tous les jours, les sagas familiales, les confidences des grands t\u00e9moins.", "start_date": "2026-08-29T09:20:00+00:00", "title": "13h15, le samedi"}, {"desc": "Un point quotidien sur l'actualit\u00e9 m\u00e9t\u00e9o et climatique, avec des reportages et des interviews d'experts.", "start_date": "2026-08-29T09:55:00+00:00", "title": "Journal M\u00e9t\u00e9o Climat"}, {"desc": "\"C'est bon \u00e0 savoir\" d\u00e9crypte les b\u00e9n\u00e9fices pour la sant\u00e9 de la consommation des fruits et l\u00e9gumes et analyse leur mode de culture, sans oublier de parler d'environnement. Avec la complicit\u00e9 d'experts, ce programme revient quelques id\u00e9es re\u00e7ues.", "start_date": "2026-08-29T10:00:00+00:00", "title": "C'est bon \u00e0 savoir"}, {"desc": "Colette Deromme, 50 ans, a \u00e9t\u00e9 tu\u00e9e le 14 avril 2011 \u00e0 Lorgues, dans le Var, par son ex-belle-soeur Sylviane Fabre. Retour sur cette affaire.", "start_date": "2026-08-29T10:05:00+00:00", "title": "Au bout de l'enqu\u00eate, la fin du crime parfait ?"}, {"desc": "Entre 1985 et 1999, Denis Waxin a viol\u00e9 et tu\u00e9 trois fillettes et viol\u00e9 deux gar\u00e7ons et une autre fillette dans la r\u00e9gion de Lille. Arr\u00eat\u00e9 en janvier 1999 et condamn\u00e9 en novembre 2003 \u00e0 la r\u00e9clusion criminelle \u00e0 perp\u00e9tuit\u00e9 avec une p\u00e9riode de s\u00fbret\u00e9 de 29 ans.", "start_date": "2026-08-29T11:00:00+00:00", "title": "Au bout de l'enqu\u00eate, la fin du crime parfait ?"}, {"desc": "C'\u00e9tait une jeune femme de 23 ans, m\u00e8re d'un enfant d'un an, qui menait une vie simple et sans histoire. Pourtant cette nuit d'avril 2012, Ma\u00ebva Rousseau est retrouv\u00e9e sauvagement assassin\u00e9e dans sa petite maison du Val d'Oise. Commence alors une enqu\u00eate aux multiples rebondissements. Elle va mettre au jour une sombre entreprise macabre, aliment\u00e9e par la vengeance, la suspicion et les fantasmes.", "start_date": "2026-08-29T12:00:00+00:00", "title": "Au bout de l'enqu\u00eate, la fin du crime parfait ?"}, {"desc": "Le 8 novembre 1972, s'ouvrait, devant le tribunal correctionnel de Bobigny, le proc\u00e8s de Mich\u00e8le Chevalier, m\u00e8re de la jeune Marie-Claire, jug\u00e9e le mois pr\u00e9c\u00e9dent pour avoir avort\u00e9. Mich\u00e8le Chevalier, qui a assist\u00e9 sa fille, est accus\u00e9e de \"complicit\u00e9 d'avortement\" et jug\u00e9e en m\u00eame temps que deux coll\u00e8gues \u00e0 qui elle a demand\u00e9 de l'aide, ainsi que de l'\"avorteuse\" qui a interrompu la grossesse non", "start_date": "2026-08-29T13:00:00+00:00", "title": "Au bout de l'enqu\u00eate, la fin du crime parfait ?"}, {"desc": "L'\u00e9mission s'int\u00e9resse aujourd'hui \u00e0 un pichet Blin qui va aller retrouver de sa superbe aupr\u00e8s de Candice et de Carlota.", "start_date": "2026-08-29T13:55:00+00:00", "title": "Affaire conclue : la vie des objets"}, {"desc": "\u00c9mission quotidienne pour jouer avec la langue fran\u00e7aise et enrichir sa culture g\u00e9n\u00e9rale. Autour de Sidonie Bonnec et Bruno Guillon, 2 \u00e9quipes jouent en r\u00e9pondant \u00e0 des questions. Chacune est constitu\u00e9e d'un candidat, \u00e9paul\u00e9 par 2 personnalit\u00e9s : humoristes, com\u00e9diens, journalistes...", "start_date": "2026-08-29T14:05:00+00:00", "title": "Tout le monde a son mot \u00e0 dire"}, {"desc": "Les candidats chantent en karaok\u00e9 accompagn\u00e9s par un orchestre. Quand les mots s'effacent, seuls gagnent ceux qui se souviennent de toutes les paroles.", "start_date": "2026-08-29T14:40:00+00:00", "title": "N'oubliez pas les paroles"}, {"desc": "Les candidats chantent en karaok\u00e9 accompagn\u00e9s par un orchestre. Quand les mots s'effacent, seuls gagnent ceux qui se souviennent de toutes les paroles.", "start_date": "2026-08-29T15:15:00+00:00", "title": "N'oubliez pas les paroles"}, {"desc": "Un point quotidien sur l'actualit\u00e9 m\u00e9t\u00e9o et climatique, avec des reportages et des interviews d'experts.", "start_date": "2026-08-29T15:55:00+00:00", "title": "Journal M\u00e9t\u00e9o Climat"}, {"desc": "Journal week-end revient sur les faits marquants de l'actualit\u00e9 et on d\u00e9couvre les \u00e9v\u00e9nements \u00e0 venir.", "start_date": "2026-08-29T16:00:00+00:00", "title": "Journal 20h00"}, {"desc": "Une suite de reportages qui d\u00e9voilent \"la petite histoire dans la grande\".", "start_date": "2026-08-29T16:30:00+00:00", "title": "20h30 le samedi"}, {"desc": "Un point quotidien sur l'actualit\u00e9 m\u00e9t\u00e9o et climatique, avec des reportages et des interviews d'experts.", "start_date": "2026-08-29T16:50:00+00:00", "title": "Journal M\u00e9t\u00e9o Climat"}, {"desc": "Pour tout savoir sur le bulletin m\u00e9t\u00e9o des plages du littoral fran\u00e7ais avec des informations pr\u00e9cises et exactes sur la temp\u00e9rature de l'eau et la qualit\u00e9 de l'ensoleillement.", "start_date": "2026-08-29T16:55:00+00:00", "title": "M\u00e9t\u00e9o des plages"}, {"desc": "Programme Court Parrain\u00e9 avec FTP Annonceur GMF Production VML.", "start_date": "2026-08-29T17:00:00+00:00", "title": "R\u00e9flexe !"}, {"desc": "Mehdi, WIlliam, Myriam, Charlotte, Ondine, Jean-Marc, Maurice et d'autres encore, chacun avec ses diff\u00e9rences, jeuens et seniors, valides et porteurs de handicap vivent ensemble en colocation dans le m\u00eame immeuble.", "start_date": "2026-08-29T17:05:00+00:00", "title": "Immeuble partag\u00e9"}, {"desc": "Cette semaine, les courageux participants jouent pour le compte de deux associations diff\u00e9rentes : Trakadom aide les patients, notamment ceux atteints de scl\u00e9rose lat\u00e9rale amyotrophique, \u00e0 rentrer chez eux apr\u00e8s une trach\u00e9otomie. Douze F\u00e9vrier est le pseudonyme de Julie Bourges, une cr\u00e9atrice de contenu qui partage sa reconstruction apr\u00e8s de graves br\u00fblures suite \u00e0 un accident survenu le 12 f\u00e9vrie", "start_date": "2026-08-29T17:10:00+00:00", "title": "Fort Boyard"}, {"desc": "Le meilleur du talk-show spectaculaire, dr\u00f4le et festif, une \u00e9mission de soci\u00e9t\u00e9 et de divertissement, qui raconte notre \u00e9poque et interroge notre soci\u00e9t\u00e9.", "start_date": "2026-08-29T19:30:00+00:00", "title": "Quelle \u00e9poque !"}, {"desc": "Le point, plusieurs fois par jour, sur l'\u00e9volution de la m\u00e9t\u00e9o, gr\u00e2ce \u00e0 des cartes et des explications.", "start_date": "2026-08-29T21:00:00+00:00", "title": "M\u00e9t\u00e9o 2"}, {"desc": "Le c\u00e9l\u00e8bre fort ouvre ses portes \u00e0 une \u00e9quipe de personnalit\u00e9s pr\u00eates \u00e0 tout pour d\u00e9crocher le tr\u00e9sor au profit de l'association KCNQ2. Titoff, Emilien, Th\u00e9o Fernandez, Katrina Patchett et Vincent Rousset vont devoir affronter leurs peurs, relever les redoutables d\u00e9fis imagin\u00e9s par le P\u00e8re Fouras et d\u00e9jouer tous les pi\u00e8ges. Entre \u00e9preuves physiques, \u00e9nigmes et moments de tension, parviendront-ils ", "start_date": "2026-08-29T21:05:00+00:00", "title": "Fort Boyard"}, {"desc": "Quiz de culture g\u00e9n\u00e9rale au cours duquel 6 candidats vont tenter chaque jour de d\u00e9loger le champion en titre (qui accumule les gains d'\u00e9mission en \u00e9mission) et de prendre sa place. Les 2 premi\u00e8res manches, \"les qualifs.", "start_date": "2026-08-30T01:10:00+00:00", "title": "Tout le monde veut prendre sa place"}, {"desc": "Un rendez-vous r\u00e9veil-matin, avec un point sur l'actualit\u00e9 assorti de diff\u00e9rentes rubriques qui permettent d'en explorer certains aspects plus en profondeur.", "start_date": "2026-08-30T02:00:00+00:00", "title": "Le 6h info"}, {"desc": "De l'info et de la bonne humeur, sept jours sur sept : r\u00e9solument dans l'air du temps, la premi\u00e8re matinale de France, forte de sa richesse \u00e9ditoriale et de sa dynamique d'\u00e9quipe, aborde de nombreuses th\u00e9matiques et traite l'actualit\u00e9 avec s\u00e9rieux et sans dramatisation.", "start_date": "2026-08-30T02:45:00+00:00", "title": "T\u00e9l\u00e9matin"}, {"desc": "Pour bien d\u00e9marrer la journ\u00e9e, la r\u00e9daction de France 2 propose un point sur l'actualit\u00e9. Les principales informations nationales et internationales sont pass\u00e9es en revue.", "start_date": "2026-08-30T04:05:00+00:00", "title": "Journal 08h00"}, {"desc": "De l'info et de la bonne humeur, sept jours sur sept : r\u00e9solument dans l'air du temps, la premi\u00e8re matinale de France, forte de sa richesse \u00e9ditoriale et de sa dynamique d'\u00e9quipe, aborde de nombreuses th\u00e9matiques et traite l'actualit\u00e9 avec s\u00e9rieux et sans dramatisation.", "start_date": "2026-08-30T04:15:00+00:00", "title": "T\u00e9l\u00e9matin"}, {"desc": "Dans cette \u00e9mission, nous vous proposons de d\u00e9couvrir l'ouvrage inspirant de Dominique Side, \"Une nouvelle fa\u00e7on de voir, de la connaissance \u00e0 la sagesse\". Cet essai nous invite \u00e0 d\u00e9passer la simple accumulation d'informations pour embrasser une compr\u00e9hension plus profonde de la vie, comme un appel \u00e0 transformer notre regard pour vivre plus pleinement en harmonie avec nous-m\u00eames et le monde.", "start_date": "2026-08-30T04:30:00+00:00", "title": "Sagesses bouddhistes"}, {"desc": "De la premi\u00e8re r\u00e9v\u00e9lation re\u00e7ue par Mohammed aux d\u00e9buts de la communaut\u00e9 musulmane, cette \u00e9mission revient sur les \u00e9v\u00e9nements fondateurs qui ont donn\u00e9 naissance \u00e0 l'Islam et sur l'h\u00e9ritage spirituel qu'ils ont laiss\u00e9 au monde.", "start_date": "2026-08-30T04:45:00+00:00", "title": "Islam"}, {"desc": "Ariel Tol\u00e9dano offre dans son dernier ouvrage sur le Olam Haba, le monde \u00e0 venir, une r\u00e9flexion sur la fin de vie. Que disent les textes sur cette temporalit\u00e9 de l'homme ?", "start_date": "2026-08-30T05:15:00+00:00", "title": "A l'origine"}, {"desc": "Les actualit\u00e9s de l'\u00e9t\u00e9 dans les Eglises Orientales. Au sommaire : \"La d\u00e9couverte de la vie en camp des louveteaux et jeannettes du groupe Mar Maroun\". - \"Les coll\u00e9giens du dioc\u00e8se de Paris de l'Eglise copte orthodoxe se penchent sur l'usage des r\u00e9seaux sociaux. - \"Monseigneur Hugues de Woillemont est le nouveau directeur de l'Oeuvre d'Orient\".", "start_date": "2026-08-30T05:30:00+00:00", "title": "Actualit\u00e9s orientales : l'\u00e9t\u00e9 des orientaux"}, {"desc": "Focus sur le parcours de musicoth\u00e9rapie de Nathalie, victime d'inceste \u00e9tant petite, dont l'introspection met au jour des fractures intimes longtemps rest\u00e9es muettes. Son chemin int\u00e9rieur tr\u00e8s vite spirituel ouvre alors la porte \u00e0 deux r\u00e9cits en r\u00e9sonance : celui de Laurent, doublement orphelin \u00e0 3 ans apr\u00e8s avoir perdu sa m\u00e8re adoptive, et celui d'Apolline, survivante du g\u00e9nocide des Tutsi au Rwa", "start_date": "2026-08-30T06:00:00+00:00", "title": "Pr\u00e9sence protestante et Le jour du Seigneur"}, {"desc": "Un focus sur l'actualit\u00e9 et la spiritualit\u00e9 du catholicisme, en France et dans le reste du monde.", "start_date": "2026-08-30T06:55:00+00:00", "title": "Le jour du Seigneur"}, {"desc": "C\u00e9l\u00e9br\u00e9e en l'\u00e9glise Saint-Pierre de Huy (Belgique). Pr\u00e9dicateur : l'abb\u00e9 Pierre Hannosset. Pr\u00e9sident : l'abb\u00e9 Michel Teheux.", "start_date": "2026-08-30T07:00:00+00:00", "title": "La Messe"}, {"desc": "Le Mont Saint Michel aide \u00e0 comprendre comment les sacrements peuvent inviter chacun \u00e0 vivre \u00e9veill\u00e9, debout dans la lumi\u00e8re de la R\u00e9surrection et dans l'esp\u00e9rance du Salut.", "start_date": "2026-08-30T07:55:00+00:00", "title": "Le jour du Seigneur"}, {"desc": "Quiz de culture g\u00e9n\u00e9rale au cours duquel 6 candidats vont tenter chaque jour de d\u00e9loger le champion en titre (qui accumule les gains d'\u00e9mission en \u00e9mission) et de prendre sa place. Les 2 premi\u00e8res manches, \"les qualifs.", "start_date": "2026-08-30T08:00:00+00:00", "title": "Tout le monde veut prendre sa place"}, {"desc": "\"C'est bon \u00e0 savoir\" d\u00e9crypte les b\u00e9n\u00e9fices pour la sant\u00e9 de la consommation des fruits et l\u00e9gumes et analyse leur mode de culture, sans oublier de parler d'environnement. Avec la complicit\u00e9 d'experts, ce programme revient quelques id\u00e9es re\u00e7ues.", "start_date": "2026-08-30T08:55:00+00:00", "title": "C'est bon \u00e0 savoir"}, {"desc": "Un point quotidien sur l'actualit\u00e9 m\u00e9t\u00e9o et climatique, avec des reportages et des interviews d'experts.", "start_date": "2026-08-30T08:57:00+00:00", "title": "Journal M\u00e9t\u00e9o Climat"}, {"desc": "Tous les jours, \u00e0 13h, la r\u00e9daction propose un point sur l'actualit\u00e9. Les informations nationales et internationales sont pass\u00e9es \u00e0 la loupe et mises en perspective, illustr\u00e9es par des reportages sur le terrain.", "start_date": "2026-08-30T09:00:00+00:00", "title": "Journal 13h00"}, {"desc": "Dans la perspective de l'\u00e9lection pr\u00e9sidentielle de 2027, Benjamin Duhamel interroge un candidat ou l'un de ceux qui le repr\u00e9sentent sur l'actualit\u00e9 de la semaine \u00e9coul\u00e9e avant d'arbitrer un face-\u00e0-face entre cet invit\u00e9 fil rouge et une autre personnalit\u00e9 venue lui porter la contradiction. Une mani\u00e8re vivante et concr\u00e8te d'appr\u00e9hender les nuances des diff\u00e9rents programmes des hommes et des femmes ", "start_date": "2026-08-30T09:20:00+00:00", "title": "\u00c9mission du dimanche 30 ao\u00fbt 2026"}, {"desc": "Des images, des \u00e9motions, une \u00e9criture sensible aux aventures humaines : le week-end, imm\u00e9diatement apr\u00e8s le journal de 13h, \"13h15\" propose des histoires fran\u00e7aises, le feuilleton de la politique, les coulisses de la vie de tous les jours, les sagas familiales et les confidences des grands t\u00e9moins. Une fa\u00e7on de mieux comprendre les r\u00e9alit\u00e9s de l'\u00e9poque actuelle, parfois \u00e9clair\u00e9es par des \u00e9l\u00e9ments", "start_date": "2026-08-30T10:05:00+00:00", "title": "13h15, le dimanche"}, {"desc": "Des images, des \u00e9motions, une \u00e9criture sensible aux aventures humaines : le week-end, imm\u00e9diatement apr\u00e8s le journal de 13h, \"13h15\" propose des histoires fran\u00e7aises, le feuilleton de la politique, les coulisses de la vie de tous les jours, les sagas familiales et les confidences des grands t\u00e9moins. Une fa\u00e7on de mieux comprendre les r\u00e9alit\u00e9s de l'\u00e9poque actuelle, parfois \u00e9clair\u00e9es par des \u00e9l\u00e9ments", "start_date": "2026-08-30T10:55:00+00:00", "title": "13h15, le dimanche"}, {"desc": "Loin du tumulte m\u00e9diatique, Fr\u00e9d\u00e9ric Lopez invite quelques c\u00e9l\u00e9brit\u00e9s le temps d'un week-end afin de leur offrir un moment hors du temps propice aux confidences. Entre \u00e9motion et fous rires, chacun se d\u00e9voile. Plusieurs temps forts rythment ce rendez-vous atypique, qui permet \u00e0 des vedettes du petit \u00e9cran appr\u00e9ci\u00e9s par les t\u00e9l\u00e9spectateurs de se livrer en toute confiance, gr\u00e2ce \u00e0 la bienveillance d", "start_date": "2026-08-30T12:10:00+00:00", "title": "Un dimanche \u00e0 la campagne"}, {"desc": "Faustine Bollaert reprend les r\u00eanes des Enfants de la T\u00e9l\u00e9, de retour pour une nouvelle saison qui s'annonce pleine de surprises et de casseroles. Chaque dimanche, des personnalit\u00e9s se r\u00e9uniront autour de la table pour partager leurs souvenirs, leurs anecdotes et leurs moments t\u00e9l\u00e9visuels les plus dr\u00f4les et m\u00e9morables.", "start_date": "2026-08-30T14:05:00+00:00", "title": "Les enfants de la t\u00e9l\u00e9"}, {"desc": "Faustine Bollaert reprend les r\u00eanes des Enfants de la T\u00e9l\u00e9, de retour pour une nouvelle saison qui s'annonce pleine de surprises et de casseroles. Chaque dimanche, des personnalit\u00e9s se r\u00e9uniront autour de la table pour partager leurs souvenirs, leurs anecdotes et leurs moments t\u00e9l\u00e9visuels les plus dr\u00f4les et m\u00e9morables.", "start_date": "2026-08-30T15:10:00+00:00", "title": "Les enfants de la t\u00e9l\u00e9, la suite"}, {"desc": "Un point quotidien sur l'actualit\u00e9 m\u00e9t\u00e9o et climatique, avec des reportages et des interviews d'experts.", "start_date": "2026-08-30T15:55:00+00:00", "title": "Journal M\u00e9t\u00e9o Climat"}, {"desc": "Journal week-end revient sur les faits marquants de l'actualit\u00e9 et on d\u00e9couvre les \u00e9v\u00e9nements \u00e0 venir.", "start_date": "2026-08-30T16:00:00+00:00", "title": "Journal 20h00"}, {"desc": "Un grand entretien qui fait suite au Journal. Laurent Delahousse invite des personnalit\u00e9s pr\u00e9sentant leur histoire fran\u00e7aise et leur regard sur l'air du temps.", "start_date": "2026-08-30T16:30:00+00:00", "title": "20h30 le dimanche"}, {"desc": "Un point quotidien sur l'actualit\u00e9 m\u00e9t\u00e9o et climatique, avec des reportages et des interviews d'experts.", "start_date": "2026-08-30T17:00:00+00:00", "title": "Journal M\u00e9t\u00e9o Climat"}, {"desc": "Pour tout savoir sur le bulletin m\u00e9t\u00e9o des plages du littoral fran\u00e7ais avec des informations pr\u00e9cises et exactes sur la temp\u00e9rature de l'eau et la qualit\u00e9 de l'ensoleillement.", "start_date": "2026-08-30T17:05:00+00:00", "title": "M\u00e9t\u00e9o des plages"}, {"desc": "Programme Court Parrain\u00e9 avec FTP Annonceur GMF Production VML.", "start_date": "2026-08-30T17:07:00+00:00", "title": "R\u00e9flexe !"}, {"desc": "Quand elle apprend que son \u00e9poux fr\u00e9quente une ma\u00eetresse depuis plus de deux ans, Sandra plie instantan\u00e9ment bagages et part s'installer chez sa soeur Danie. Boulevers\u00e9e, Sandra peine \u00e0 remonter la pente, ce qui n'\u00e9chappe pas \u00e0 son h\u00f4te. Pour tenter de l'aider \u00e0 retrouver le sourire, Danie l'invite \u00e0 l'accompagner \u00e0 ses cours de danse. D'abord r\u00e9ticente, Sandra finit par accepter de se joindre au ", "start_date": "2026-08-30T17:10:00+00:00", "title": "Alors on danse"}, {"desc": "En 1928, \u00e0 Paris. Alors que la ville vit au rythme des Ann\u00e9es folles, Maurice Ravel, illustre compositeur us\u00e9 par les hauts et les bas d'une carri\u00e8re en dents de scie, est sollicit\u00e9 par Ida Rubinstein, une danseuse c\u00e9l\u00e8bre qui souhaite lui commander la musique de son prochain ballet. T\u00e9tanis\u00e9 par la pression, Ravel tente de trouver l'inspiration en feuilletant les pages de sa vie, entre les \u00e9checs", "start_date": "2026-08-30T18:40:00+00:00", "title": "Bol\u00e9ro"}, {"desc": "Apr\u00e8s la d\u00e9couverte du corps calcin\u00e9 de Zo\u00e9, une lyc\u00e9enne apparemment sans histoire, les enqu\u00eateurs Oriane et T\u00e9va r\u00e9v\u00e8lent qu'elle menait une double vie, impliqu\u00e9e dans des pratiques \u00e9sot\u00e9riques et de pr\u00e9tendus dons de gu\u00e9rison. Au sein de cette communaut\u00e9 rurale marqu\u00e9e par le secret et la m\u00e9fiance, les investigations s'intensifient alors que plusieurs suspects sont eux-m\u00eames victimes de combust", "start_date": "2026-08-30T20:40:00+00:00", "title": "\u00c0 l'instinct"}, {"desc": "Madeline envoie une \u00e9quipe r\u00e9cup\u00e9rer Jess et d\u00e9couvre des informations capitales sur l'op\u00e9ration Angle Mort. \u00c0 bord de l'avion, les communications sont sabot\u00e9es, contraignant Hana \u00e0 prendre une d\u00e9cision radicale...", "start_date": "2026-08-30T22:10:00+00:00", "title": "Code Rouge"}, {"desc": "A leur descente de l'avion, Hana et Nolan trouvent refuge \u00e0 l'ambassade am\u00e9ricaine, mais leur situation n'en demeure pas moins p\u00e9rilleuse. Avec l'aide de Madeline, ils \u00e9laborent un plan audacieux pour d\u00e9voiler le complot au grand jour...", "start_date": "2026-08-30T22:55:00+00:00", "title": "Code Rouge"}, {"desc": "A la d\u00e9couverte des spectaculaires paysages naturels que rencontrent les voyageurs qui s'aventurent dans l'Ouest am\u00e9ricain, immortalis\u00e9 par de nombreux westerns.", "start_date": "2026-08-30T23:40:00+00:00", "title": "Les grands espaces de l'Ouest am\u00e9ricain"}], "offset": "+00:00", "timezone": "UTC", "error_code": -1, "start_date": "2026-08-29", "icon": ""}