{"end_date": "2026-08-31", "name": "Stingray Classica [FR]", "info_url": "https://epg.pw/channels/409232/20260830.html", "country": "Russian Federation", "description": null, "error_message": "", "provider": "", "source_url": "https://epg.pw/api/epg.json?channel_id=409232&date=20260830&timezone=None", "epg_list": [{"desc": null, "start_date": "2026-08-30T01:00:00+00:00", "title": "Documentaire"}, {"desc": null, "start_date": "2026-08-30T01:45:00+00:00", "title": "A Tango Night \u2013 Live from Buenos Aires"}, {"desc": null, "start_date": "2026-08-30T03:20:00+00:00", "title": "Schubert \u2013 Quatre impromptus, op. 90 \u2013 I"}, {"desc": null, "start_date": "2026-08-30T03:30:00+00:00", "title": "Classica Spotlight"}, {"desc": null, "start_date": "2026-08-30T04:00:00+00:00", "title": "Le German Brass joue Bach"}, {"desc": null, "start_date": "2026-08-30T05:00:00+00:00", "title": "Premi\u00e8re Neige"}, {"desc": null, "start_date": "2026-08-30T06:40:00+00:00", "title": "Bach \u2013 Concerto italien et Chaconne (arr. Busoni)"}, {"desc": null, "start_date": "2026-08-30T07:15:00+00:00", "title": "Teatro Regio Behind the Scenes"}, {"desc": null, "start_date": "2026-08-30T07:45:00+00:00", "title": "Classica Spotlight"}, {"desc": null, "start_date": "2026-08-30T08:05:00+00:00", "title": "Giaches de Wer: De Gand via Naples jusqu'au sommet"}, {"desc": null, "start_date": "2026-08-30T09:05:00+00:00", "title": "Claudio Abbado: The Silence that Follows the Music"}, {"desc": null, "start_date": "2026-08-30T10:05:00+00:00", "title": "Beethoven \u2013 Symphonie n\u00b0 4, op. 60"}, {"desc": null, "start_date": "2026-08-30T10:35:00+00:00", "title": "Misha Fomin au Concertgebouw"}, {"desc": null, "start_date": "2026-08-30T11:45:00+00:00", "title": "Weinberg \u2013 Rhapsody on Moldovan Themes, Op. 47/1"}, {"desc": null, "start_date": "2026-08-30T12:00:00+00:00", "title": "Classica Spotlight"}, {"desc": null, "start_date": "2026-08-30T12:05:00+00:00", "title": "Mozart \u2013 Cos\u00ec fan tutte"}, {"desc": null, "start_date": "2026-08-30T15:25:00+00:00", "title": "Musique de chambre de Haydn, Chausson, Mendelssohn"}, {"desc": null, "start_date": "2026-08-30T17:00:00+00:00", "title": "Beethoven \u2013 Symphonie no 3 en mi b\u00e9mol majeur"}, {"desc": null, "start_date": "2026-08-30T17:50:00+00:00", "title": "IVC \u00abFinale : Schumann, Sibelius et autres\u00bb"}, {"desc": null, "start_date": "2026-08-30T18:20:00+00:00", "title": "Concert de No\u00ebl"}, {"desc": null, "start_date": "2026-08-30T18:50:00+00:00", "title": "Classica Spotlight"}, {"desc": null, "start_date": "2026-08-30T19:00:00+00:00", "title": "Strauss' Metamorphosen & Mozart's Requiem"}, {"desc": null, "start_date": "2026-08-30T20:35:00+00:00", "title": "Saint-Sa\u00ebns \u2013 Polonaise pour deux pianos, op. 77"}, {"desc": null, "start_date": "2026-08-30T20:50:00+00:00", "title": "Brahms \u2013 Sonate pour clarinette no 2, op 120"}, {"desc": null, "start_date": "2026-08-30T21:10:00+00:00", "title": "Johan de Meij \u2013 Echoes of San Marco & Fellini"}, {"desc": null, "start_date": "2026-08-30T21:50:00+00:00", "title": "Classica Spotlight"}, {"desc": null, "start_date": "2026-08-31T00:15:00+00:00", "title": "Abbado dirige Mahler No 4 et R\u00fcckert-Lieder"}, {"desc": null, "start_date": "2026-08-31T01:40:00+00:00", "title": "The Boy with the Wig: Kids on Mozart"}, {"desc": null, "start_date": "2026-08-31T02:10:00+00:00", "title": "Beethoven \u2013 Symphonie No. 9"}, {"desc": null, "start_date": "2026-08-31T03:20:00+00:00", "title": "Chopin \u2013 Fantaisie en fa mineur, op. 49"}, {"desc": null, "start_date": "2026-08-31T03:30:00+00:00", "title": "Classica Spotlight"}, {"desc": null, "start_date": "2026-08-31T04:00:00+00:00", "title": "Bach \u2013 Suite pour violoncelle no 5 en do mineur"}, {"desc": null, "start_date": "2026-08-31T04:25:00+00:00", "title": "Bach \u2013 Le Clavier bien temp\u00e9r\u00e9 Livre I No. 1 \u00e0 12"}, {"desc": null, "start_date": "2026-08-31T05:30:00+00:00", "title": "Pierre Boulez conducts Modern Classics"}, {"desc": null, "start_date": "2026-08-31T06:55:00+00:00", "title": "The Pianists Keys"}, {"desc": null, "start_date": "2026-08-31T07:40:00+00:00", "title": "Classica Spotlight"}, {"desc": null, "start_date": "2026-08-31T08:00:00+00:00", "title": "Ma\u00eetre Balbastre"}, {"desc": null, "start_date": "2026-08-31T08:50:00+00:00", "title": "Misha Enzovoort"}, {"desc": null, "start_date": "2026-08-31T09:55:00+00:00", "title": "Rachmaninov \u2013 Concerto pour piano no 3, op 30"}, {"desc": null, "start_date": "2026-08-31T10:50:00+00:00", "title": "uvres pour piano de Scriabine, Berg et Beethoven"}, {"desc": null, "start_date": "2026-08-31T11:35:00+00:00", "title": "Prokofiev \u2013 Pierre et le Loup"}, {"desc": null, "start_date": "2026-08-31T12:00:00+00:00", "title": "Liszt Mosaics: Dance Concert"}, {"desc": null, "start_date": "2026-08-31T12:35:00+00:00", "title": "Playing Portraits"}, {"desc": null, "start_date": "2026-08-31T13:30:00+00:00", "title": "Bruckner \u2013 Symphonie n\u00b0 4"}, {"desc": null, "start_date": "2026-08-31T14:45:00+00:00", "title": "uvres baroques de Bach, Muffat et Rameau"}, {"desc": null, "start_date": "2026-08-31T16:05:00+00:00", "title": "Europakonzert \u2013 Oxford"}, {"desc": null, "start_date": "2026-08-31T17:35:00+00:00", "title": "Brahms \u2013 Symphonie no 1 en ut mineur, op. 68"}, {"desc": null, "start_date": "2026-08-31T18:20:00+00:00", "title": "Bach \u2013 Concerto brandebourgeois No. 5"}, {"desc": null, "start_date": "2026-08-31T18:40:00+00:00", "title": "Bellini/Liszt \u2013 R\u00e9miniscences de Norma S.394"}, {"desc": null, "start_date": "2026-08-31T18:55:00+00:00", "title": "Classica Spotlight"}, {"desc": null, "start_date": "2026-08-31T19:00:00+00:00", "title": "Mahler \u2013 Symphonie no 5"}, {"desc": null, "start_date": "2026-08-31T20:15:00+00:00", "title": "Veerhavenconcert"}, {"desc": null, "start_date": "2026-08-31T21:20:00+00:00", "title": "Mozart \u2013 Concerto pour piano n\u00b0 23, KV 488"}, {"desc": null, "start_date": "2026-08-31T21:50:00+00:00", "title": "Classica Spotlight"}, {"desc": null, "start_date": "2026-08-31T22:45:00+00:00", "title": "uvres de Beethoven et de Saint-Sa\u00ebns"}, {"desc": null, "start_date": "2026-08-31T23:50:00+00:00", "title": "Dans l'atelier de l'artiste"}], "offset": "+00:00", "timezone": "UTC", "error_code": -1, "start_date": "2026-08-30", "icon": "https://epg.pw/media/images/epg/2025/01/15/20250115020700669976_79.png"}