{"end_date": "2026-09-02", "name": "Stingray Classica [FR]", "info_url": "https://epg.pw/channels/409232/20260901.html", "country": "Russian Federation", "description": null, "error_message": "", "provider": "", "source_url": "https://epg.pw/api/epg.json?channel_id=409232&date=20260901&timezone=None", "epg_list": [{"desc": null, "start_date": "2026-09-01T00:45:00+00:00", "title": "Delibes \u2013 Lakm\u00e9"}, {"desc": null, "start_date": "2026-09-01T03:15:00+00:00", "title": "Schumann \u2013 Faschingsschwank aus Wien, Op. 26"}, {"desc": null, "start_date": "2026-09-01T03:40:00+00:00", "title": "Classica Spotlight"}, {"desc": null, "start_date": "2026-09-01T04:00:00+00:00", "title": "Haydn \u2013 Symphonie no 94 \u00ab La Surprise \u00ab"}, {"desc": null, "start_date": "2026-09-01T04:25:00+00:00", "title": "uvres de Mendelssohn, Grieg et Beethoven"}, {"desc": null, "start_date": "2026-09-01T05:50:00+00:00", "title": "Le grand orgue en concert"}, {"desc": null, "start_date": "2026-09-01T07:00:00+00:00", "title": "Approaching the Maelstr\u00f6m"}, {"desc": null, "start_date": "2026-09-01T07:50:00+00:00", "title": "Classica Spotlight"}, {"desc": null, "start_date": "2026-09-01T08:00:00+00:00", "title": "Heavenly Voices \u2013 The legacy of Farinelli"}, {"desc": null, "start_date": "2026-09-01T08:55:00+00:00", "title": "uvres pour violon et piano: Corelli, Ravel et al"}, {"desc": null, "start_date": "2026-09-01T10:25:00+00:00", "title": "Orff \u2013 Carmina Burana"}, {"desc": null, "start_date": "2026-09-01T11:35:00+00:00", "title": "Chopin \u2013 Polonaise-Fantaisie, op. 61"}, {"desc": null, "start_date": "2026-09-01T11:50:00+00:00", "title": "Classica Spotlight"}, {"desc": null, "start_date": "2026-09-01T12:00:00+00:00", "title": "Live \u00e0 Aix-En-Provence"}, {"desc": null, "start_date": "2026-09-01T14:25:00+00:00", "title": "Danielpour \u2013 Elegies"}, {"desc": null, "start_date": "2026-09-01T15:00:00+00:00", "title": "Mahler \u2013 Chants sur la mort des enfants"}, {"desc": null, "start_date": "2026-09-01T15:30:00+00:00", "title": "Nine Symphonies That Changed the World"}, {"desc": null, "start_date": "2026-09-01T17:00:00+00:00", "title": "uvres pour violoncelle et piano de Schumann e.a"}, {"desc": null, "start_date": "2026-09-01T17:55:00+00:00", "title": "Chopin \u2013 Nocturnes op. 62"}, {"desc": null, "start_date": "2026-09-01T18:05:00+00:00", "title": "The Unanswered Ives"}, {"desc": null, "start_date": "2026-09-01T19:00:00+00:00", "title": "Rom\u00e9o et Juliette"}, {"desc": null, "start_date": "2026-09-01T20:50:00+00:00", "title": "Elgar \u2013 Concerto pour violoncelle, Op. 85"}, {"desc": null, "start_date": "2026-09-01T21:25:00+00:00", "title": "Bach \u2013 Sonate no 4 BWV 1017"}, {"desc": null, "start_date": "2026-09-01T21:40:00+00:00", "title": "Classica Spotlight"}, {"desc": null, "start_date": "2026-09-02T04:00:00+00:00", "title": "Ravel \u2013 Ma m\u00e8re l'Oye"}, {"desc": null, "start_date": "2026-09-02T04:15:00+00:00", "title": "uvres de Haydn, Mozart et Saint-Sa\u00ebns"}, {"desc": null, "start_date": "2026-09-02T05:15:00+00:00", "title": "uvres de Bach, Bart\u00f3k et Brahms"}, {"desc": null, "start_date": "2026-09-02T06:45:00+00:00", "title": "Les trois vies de Clara Schumann"}, {"desc": null, "start_date": "2026-09-02T07:45:00+00:00", "title": "Classica Spotlight"}, {"desc": null, "start_date": "2026-09-02T08:05:00+00:00", "title": "Mahler \u2013 Symphonie n\u00b02"}, {"desc": null, "start_date": "2026-09-02T09:40:00+00:00", "title": "Septuors de Mozart et Beethoven"}, {"desc": null, "start_date": "2026-09-02T10:50:00+00:00", "title": "The Pianists Keys"}, {"desc": null, "start_date": "2026-09-02T11:35:00+00:00", "title": "Saint-Sa\u00ebns \u2013 Le Carnaval des animaux"}, {"desc": null, "start_date": "2026-09-02T12:00:00+00:00", "title": "Arvo P\u00e4rt \u2013 Kanon Pokajanen"}, {"desc": null, "start_date": "2026-09-02T13:45:00+00:00", "title": "Martha Argerich \u2013 Concert d'anniversaire I"}, {"desc": null, "start_date": "2026-09-02T15:10:00+00:00", "title": "Mahler \u2013 Symphonie no 4"}, {"desc": null, "start_date": "2026-09-02T16:10:00+00:00", "title": "Misha Fomin au Concertgebouw"}, {"desc": null, "start_date": "2026-09-02T17:45:00+00:00", "title": "Bach \u2013 Sonata pour violin No. 3 (BWV 1005)"}, {"desc": null, "start_date": "2026-09-02T18:05:00+00:00", "title": "IVC \u00abFinale : Haydn, Schubert et al\u00bb"}, {"desc": null, "start_date": "2026-09-02T18:40:00+00:00", "title": "Classica Spotlight"}, {"desc": null, "start_date": "2026-09-02T19:00:00+00:00", "title": "Martha Argerich \u2013 Concert d'anniversaire II"}, {"desc": null, "start_date": "2026-09-02T20:15:00+00:00", "title": "Beethoven \u2013 Symphonie no 2 en r\u00e9 majeur, op. 36"}, {"desc": null, "start_date": "2026-09-02T20:55:00+00:00", "title": "Ravel \u2013 Sonate pour violon et piano en sol majeur"}, {"desc": null, "start_date": "2026-09-02T21:15:00+00:00", "title": "Liszt \u2013 Due Poemi Sinfonici"}, {"desc": null, "start_date": "2026-09-02T21:45:00+00:00", "title": "Classica Spotlight"}], "offset": "+00:00", "timezone": "UTC", "error_code": -1, "start_date": "2026-09-01", "icon": "https://epg.pw/media/images/epg/2025/01/15/20250115020700669976_79.png"}