{"end_date": "2026-09-03", "name": "Stingray Classica [FR]", "info_url": "https://epg.pw/channels/409232/20260902.html", "country": "Russian Federation", "description": null, "error_message": "", "provider": "", "source_url": "https://epg.pw/api/epg.json?channel_id=409232&date=20260902&timezone=None", "epg_list": [{"desc": null, "start_date": "2026-09-02T04:00:00+00:00", "title": "Ravel \u2013 Ma m\u00e8re l'Oye"}, {"desc": null, "start_date": "2026-09-02T04:15:00+00:00", "title": "uvres de Haydn, Mozart et Saint-Sa\u00ebns"}, {"desc": null, "start_date": "2026-09-02T05:15:00+00:00", "title": "uvres de Bach, Bart\u00f3k et Brahms"}, {"desc": null, "start_date": "2026-09-02T06:45:00+00:00", "title": "Les trois vies de Clara Schumann"}, {"desc": null, "start_date": "2026-09-02T07:45:00+00:00", "title": "Classica Spotlight"}, {"desc": null, "start_date": "2026-09-02T08:05:00+00:00", "title": "Mahler \u2013 Symphonie n\u00b02"}, {"desc": null, "start_date": "2026-09-02T09:40:00+00:00", "title": "Septuors de Mozart et Beethoven"}, {"desc": null, "start_date": "2026-09-02T10:50:00+00:00", "title": "The Pianists Keys"}, {"desc": null, "start_date": "2026-09-02T11:35:00+00:00", "title": "Saint-Sa\u00ebns \u2013 Le Carnaval des animaux"}, {"desc": null, "start_date": "2026-09-02T12:00:00+00:00", "title": "Arvo P\u00e4rt \u2013 Kanon Pokajanen"}, {"desc": null, "start_date": "2026-09-02T13:45:00+00:00", "title": "Martha Argerich \u2013 Concert d'anniversaire I"}, {"desc": null, "start_date": "2026-09-02T15:10:00+00:00", "title": "Mahler \u2013 Symphonie no 4"}, {"desc": null, "start_date": "2026-09-02T16:10:00+00:00", "title": "Misha Fomin au Concertgebouw"}, {"desc": null, "start_date": "2026-09-02T17:45:00+00:00", "title": "Bach \u2013 Sonata pour violin No. 3 (BWV 1005)"}, {"desc": null, "start_date": "2026-09-02T18:05:00+00:00", "title": "IVC \u00abFinale : Haydn, Schubert et al\u00bb"}, {"desc": null, "start_date": "2026-09-02T18:40:00+00:00", "title": "Classica Spotlight"}, {"desc": null, "start_date": "2026-09-02T19:00:00+00:00", "title": "Martha Argerich \u2013 Concert d'anniversaire II"}, {"desc": null, "start_date": "2026-09-02T20:15:00+00:00", "title": "Beethoven \u2013 Symphonie no 2 en r\u00e9 majeur, op. 36"}, {"desc": null, "start_date": "2026-09-02T20:55:00+00:00", "title": "Ravel \u2013 Sonate pour violon et piano en sol majeur"}, {"desc": null, "start_date": "2026-09-02T21:15:00+00:00", "title": "Liszt \u2013 Due Poemi Sinfonici"}, {"desc": null, "start_date": "2026-09-02T21:45:00+00:00", "title": "Classica Spotlight"}, {"desc": null, "start_date": "2026-09-03T04:00:00+00:00", "title": "Beethoven \u2013 Symphonie no 8 en fa majeur, op. 93"}, {"desc": null, "start_date": "2026-09-03T04:30:00+00:00", "title": "Beethoven Concerto pour piano no 1, Symphonie no 2"}, {"desc": null, "start_date": "2026-09-03T05:50:00+00:00", "title": "Violoncelle: Busoni, Liszt, Chopin & Rachmaninov"}, {"desc": null, "start_date": "2026-09-03T07:00:00+00:00", "title": "Hans van Manen \u2013 Moving to Music"}, {"desc": null, "start_date": "2026-09-03T07:55:00+00:00", "title": "Classica Spotlight"}, {"desc": null, "start_date": "2026-09-03T08:00:00+00:00", "title": "Qui a vol\u00e9 le Bol\u00e9ro de Ravel?"}, {"desc": null, "start_date": "2026-09-03T08:55:00+00:00", "title": "uvres pour luth de J. S. Bach"}, {"desc": null, "start_date": "2026-09-03T10:00:00+00:00", "title": "Strauss' Metamorphosen & Mozart's Requiem"}, {"desc": null, "start_date": "2026-09-03T11:30:00+00:00", "title": "Schumann \u2013 \u00c9tudes symphoniques, op. 13"}, {"desc": null, "start_date": "2026-09-03T12:00:00+00:00", "title": "Symphonie N\u00b0 3, en r\u00e9 mineur"}, {"desc": null, "start_date": "2026-09-03T13:45:00+00:00", "title": "Beethoven \u2013 Concerto pour piano n\u00b0 5, op. 73"}, {"desc": null, "start_date": "2026-09-03T14:30:00+00:00", "title": "Mahler \u2013 Symphonie n\u00b07"}, {"desc": null, "start_date": "2026-09-03T15:55:00+00:00", "title": "Misha Enzovoort"}, {"desc": null, "start_date": "2026-09-03T17:00:00+00:00", "title": "Beethoven \u2013 Symphonie no 3 en mi b\u00e9mol majeur"}, {"desc": null, "start_date": "2026-09-03T18:00:00+00:00", "title": "Chostakovitch \u2013 Concertino pour deux pianos"}, {"desc": null, "start_date": "2026-09-03T18:10:00+00:00", "title": "Patmos \u2013 Un documentaire musical"}, {"desc": null, "start_date": "2026-09-03T19:00:00+00:00", "title": "Mahler \u2013 Symphonie no 9"}, {"desc": null, "start_date": "2026-09-03T20:25:00+00:00", "title": "uvres baroques vocales de Cavalli, Strozzi, Bembo"}, {"desc": null, "start_date": "2026-09-03T21:40:00+00:00", "title": "Mozart \u2013 Sonate pour piano no 5, KV 283"}, {"desc": null, "start_date": "2026-09-03T21:50:00+00:00", "title": "Classica Spotlight"}], "offset": "+00:00", "timezone": "UTC", "error_code": -1, "start_date": "2026-09-02", "icon": "https://epg.pw/media/images/epg/2025/01/15/20250115020700669976_79.png"}