{"end_date": "2026-04-28", "name": "TV7 Bordeaux", "info_url": "https://epg.pw/channels/413022/20260427.html", "country": "France", "description": null, "error_message": "", "provider": "", "source_url": "https://epg.pw/api/epg.json?channel_id=413022&date=20260427&timezone=None", "epg_list": [{"desc": null, "start_date": "2026-04-27T04:10:00+00:00", "title": "Fais ton sport \u00e0 la maison"}, {"desc": null, "start_date": "2026-04-27T04:58:00+00:00", "title": "M\u00e9t\u00e9o"}, {"desc": "Toutes les semaines, retrouvez le Grand JT des territoires, l'actualit\u00e9 des r\u00e9gions fran\u00e7aises, pr\u00e9sent\u00e9 par Cyril Viguier.", "start_date": "2026-04-27T05:00:00+00:00", "title": "Le grand JT des territoires"}, {"desc": null, "start_date": "2026-04-27T05:26:00+00:00", "title": "M\u00e9t\u00e9o"}, {"desc": null, "start_date": "2026-04-27T05:27:00+00:00", "title": "S\u00e9rie en langue r\u00e9gionale"}, {"desc": "Soci\u00e9t\u00e9 sp\u00e9cialis\u00e9e dans la mise \u00e0 disposition des entreprises de logiciels d'intelligence artificielle conversationnelles d\u00e9di\u00e9s \u00e0 la relation client, la soci\u00e9t\u00e9 bordelais Dydu vient tout juste d'\u00eatre acquise par le parisien Za\u00efon. Quelle est la strat\u00e9gie et les ambitions de l'ensemble ainsi constitu\u00e9 ?", "start_date": "2026-04-27T05:30:00+00:00", "title": "L'Hebdo \u00e9co"}, {"desc": null, "start_date": "2026-04-27T05:45:00+00:00", "title": "Gironde Mag'"}, {"desc": "Ces pros qui nous inspirent : dans ce rendez-vous hebdomadaire, on d\u00e9couvre les coulisses du monde du travail en Nouvelle-Aquitaine, on comprend les probl\u00e9matiques des entreprises, leurs innovations, et leur agilit\u00e9 dans un monde en pleine mutation.", "start_date": "2026-04-27T05:47:00+00:00", "title": "Modes d'emplois"}, {"desc": null, "start_date": "2026-04-27T05:57:00+00:00", "title": "S\u00e9rie en langue r\u00e9gionale"}, {"desc": "Toutes les semaines, retrouvez le Grand JT des territoires, l'actualit\u00e9 des r\u00e9gions fran\u00e7aises, pr\u00e9sent\u00e9 par Cyril Viguier.", "start_date": "2026-04-27T06:00:00+00:00", "title": "Le grand JT des territoires"}, {"desc": null, "start_date": "2026-04-27T06:28:00+00:00", "title": "M\u00e9t\u00e9o"}, {"desc": "Soci\u00e9t\u00e9 sp\u00e9cialis\u00e9e dans la mise \u00e0 disposition des entreprises de logiciels d'intelligence artificielle conversationnelles d\u00e9di\u00e9s \u00e0 la relation client, la soci\u00e9t\u00e9 bordelais Dydu vient tout juste d'\u00eatre acquise par le parisien Za\u00efon. Quelle est la strat\u00e9gie et les ambitions de l'ensemble ainsi constitu\u00e9 ?", "start_date": "2026-04-27T06:30:00+00:00", "title": "L'Hebdo \u00e9co"}, {"desc": "Ces pros qui nous inspirent : dans ce rendez-vous hebdomadaire, on d\u00e9couvre les coulisses du monde du travail en Nouvelle-Aquitaine, on comprend les probl\u00e9matiques des entreprises, leurs innovations, et leur agilit\u00e9 dans un monde en pleine mutation.", "start_date": "2026-04-27T06:46:00+00:00", "title": "Modes d'emplois"}, {"desc": null, "start_date": "2026-04-27T06:53:00+00:00", "title": "S\u00e9rie en langue r\u00e9gionale"}, {"desc": null, "start_date": "2026-04-27T06:56:00+00:00", "title": "M\u00e9t\u00e9o"}, {"desc": null, "start_date": "2026-04-27T07:00:00+00:00", "title": "BivouAq'"}, {"desc": null, "start_date": "2026-04-27T07:30:00+00:00", "title": "Fais ton sport \u00e0 la maison"}, {"desc": "Cette \u00e9mission de 26', enti\u00e8rement consacr\u00e9e \u00e0 l'accord\u00e9on, vous pr\u00e9sente chaque semaine des artistes et vous fait d\u00e9couvrir de nouveaux talents.", "start_date": "2026-04-27T08:15:00+00:00", "title": "1, 2, 3 musette"}, {"desc": "Chaque semaine, l'animateur Pierre-Yves Lombard et son chroniqueur programmateur J\u00e9r\u00f4me Richard re\u00e7oivent les meilleurs accord\u00e9onistes de France.", "start_date": "2026-04-27T08:45:00+00:00", "title": "1, 2, 3 dansez"}, {"desc": "\"Du champ \u00e0 l'assiette\" est un programme t\u00e9l\u00e9vis\u00e9 pr\u00e9sent\u00e9 par David Bachoffe, qui met en valeur des producteurs locaux et leurs produits authentiques.", "start_date": "2026-04-27T09:15:00+00:00", "title": "Du Champ \u00e0 l'assiette"}, {"desc": "En Charente, un fruit color\u00e9 et sucr\u00e9 est connu dans le monde entier. Le melon charentais est le symbole culinaire du d\u00e9partement. Il fait la fiert\u00e9 de la famille Millon Mesnard, propri\u00e9taire du domaine du Tambourinour. Une fois entre les mains de Thierry Verrat, le melon charentais r\u00e9v\u00e8le toute sa sucrosit\u00e9 et sa fra\u00eecheur. Le chef des cuisines de la Ribaudi\u00e8re a d\u00e9clin\u00e9 le melon sous toutes ses ", "start_date": "2026-04-27T09:23:00+00:00", "title": "Du Champ \u00e0 l'assiette"}, {"desc": null, "start_date": "2026-04-27T09:30:00+00:00", "title": "BivouAq'"}, {"desc": null, "start_date": "2026-04-27T09:56:00+00:00", "title": "M\u00e9t\u00e9o"}, {"desc": null, "start_date": "2026-04-27T10:00:00+00:00", "title": "Midi en Nouvelle-Aquitaine"}, {"desc": null, "start_date": "2026-04-27T10:13:00+00:00", "title": "M\u00e9t\u00e9o"}, {"desc": null, "start_date": "2026-04-27T10:15:00+00:00", "title": "Midi en Nouvelle-Aquitaine"}, {"desc": null, "start_date": "2026-04-27T10:26:00+00:00", "title": "M\u00e9t\u00e9o"}, {"desc": null, "start_date": "2026-04-27T10:30:00+00:00", "title": "Midi en Nouvelle-Aquitaine"}, {"desc": null, "start_date": "2026-04-27T10:43:00+00:00", "title": "M\u00e9t\u00e9o"}, {"desc": null, "start_date": "2026-04-27T10:45:00+00:00", "title": "Midi en Nouvelle-Aquitaine"}, {"desc": null, "start_date": "2026-04-27T10:56:00+00:00", "title": "M\u00e9t\u00e9o"}, {"desc": null, "start_date": "2026-04-27T11:00:00+00:00", "title": "Midi en Nouvelle-Aquitaine"}, {"desc": null, "start_date": "2026-04-27T11:11:00+00:00", "title": "M\u00e9t\u00e9o"}, {"desc": null, "start_date": "2026-04-27T11:15:00+00:00", "title": "Midi en Nouvelle-Aquitaine"}, {"desc": null, "start_date": "2026-04-27T11:28:00+00:00", "title": "M\u00e9t\u00e9o"}, {"desc": null, "start_date": "2026-04-27T11:30:00+00:00", "title": "Midi en Nouvelle-Aquitaine"}, {"desc": null, "start_date": "2026-04-27T11:43:00+00:00", "title": "S\u00e9rie en langue r\u00e9gionale"}, {"desc": null, "start_date": "2026-04-27T11:46:00+00:00", "title": "M\u00e9t\u00e9o"}, {"desc": "Cette \u00e9mission de 26', enti\u00e8rement consacr\u00e9e \u00e0 l'accord\u00e9on, vous pr\u00e9sente chaque semaine des artistes et vous fait d\u00e9couvrir de nouveaux talents.", "start_date": "2026-04-27T11:50:00+00:00", "title": "1, 2, 3 musette"}, {"desc": null, "start_date": "2026-04-27T12:20:00+00:00", "title": "Au c\u0153ur de Bordeaux M\u00e9tropole"}, {"desc": "Chaque semaine, l'animateur Pierre-Yves Lombard et son chroniqueur programmateur J\u00e9r\u00f4me Richard re\u00e7oivent les meilleurs accord\u00e9onistes de France.", "start_date": "2026-04-27T12:25:00+00:00", "title": "1, 2, 3 dansez"}, {"desc": null, "start_date": "2026-04-27T12:54:00+00:00", "title": "S\u00e9rie en langue r\u00e9gionale"}, {"desc": "Et si la culture \u00e9mergente et les pionniers de la cr\u00e9ation \u00e9taient nos voisins de palier ? Rendez-vous avec Sonia Moumen qui aborde les th\u00e8mes les plus surprenants de l'art et du patrimoine en Nouvelle-Aquitaine, pour que l'essentiel reste accessible \u00e0 tous.", "start_date": "2026-04-27T13:00:00+00:00", "title": "Cultivons la d\u00e9couverte"}, {"desc": null, "start_date": "2026-04-27T13:30:00+00:00", "title": "Cultivons la d\u00e9couverte"}, {"desc": "Soyez inform\u00e9s d'\u00e9v\u00e9nements culturels r\u00e9cents et de tout ce qui se passe dans le domaine du th\u00e9\u00e2tre et du cin\u00e9ma!", "start_date": "2026-04-27T14:00:00+00:00", "title": "Ci n\u00e9 ma"}, {"desc": "\"Du champ \u00e0 l'assiette\" est un programme t\u00e9l\u00e9vis\u00e9 pr\u00e9sent\u00e9 par David Bachoffe, qui met en valeur des producteurs locaux et leurs produits authentiques.", "start_date": "2026-04-27T14:16:00+00:00", "title": "Du Champ \u00e0 l'assiette"}, {"desc": null, "start_date": "2026-04-27T14:24:00+00:00", "title": "Gironde Mag'"}, {"desc": "Soci\u00e9t\u00e9 sp\u00e9cialis\u00e9e dans la mise \u00e0 disposition des entreprises de logiciels d'intelligence artificielle conversationnelles d\u00e9di\u00e9s \u00e0 la relation client, la soci\u00e9t\u00e9 bordelais Dydu vient tout juste d'\u00eatre acquise par le parisien Za\u00efon. Quelle est la strat\u00e9gie et les ambitions de l'ensemble ainsi constitu\u00e9 ?", "start_date": "2026-04-27T14:30:00+00:00", "title": "L'Hebdo \u00e9co"}, {"desc": "Ces pros qui nous inspirent : dans ce rendez-vous hebdomadaire, on d\u00e9couvre les coulisses du monde du travail en Nouvelle-Aquitaine, on comprend les probl\u00e9matiques des entreprises, leurs innovations, et leur agilit\u00e9 dans un monde en pleine mutation.", "start_date": "2026-04-27T14:46:00+00:00", "title": "Modes d'emplois"}, {"desc": null, "start_date": "2026-04-27T14:54:00+00:00", "title": "Au c\u0153ur de Bordeaux M\u00e9tropole"}, {"desc": "Ce programme mensuel produit par TIME UP PROD va \u00e0 la rencontre des plus grands collectionneurs de voitures anciennes d'exception ! Une \u00e9mission pr\u00e9sent\u00e9e par la chroniqueuse Ang\u00e9lique Rayssiguier (T\u00e9l\u00e9Foot, Lci, Equipe 21) et Morgan Moulin Traffort, pilote professionnel champion de France de Grand Tourisme 2013 au cot\u00e9 de Fabien Barth\u00e8s chez Ferrari !", "start_date": "2026-04-27T15:00:00+00:00", "title": "Auto legend"}, {"desc": null, "start_date": "2026-04-27T15:30:00+00:00", "title": "Vino Veritas"}, {"desc": null, "start_date": "2026-04-27T16:00:00+00:00", "title": "La grande \u00e9dition"}, {"desc": null, "start_date": "2026-04-27T16:28:00+00:00", "title": "M\u00e9t\u00e9o"}, {"desc": null, "start_date": "2026-04-27T16:30:00+00:00", "title": "La grande \u00e9dition"}, {"desc": null, "start_date": "2026-04-27T16:56:00+00:00", "title": "M\u00e9t\u00e9o"}, {"desc": null, "start_date": "2026-04-27T17:00:00+00:00", "title": "19h sports"}, {"desc": null, "start_date": "2026-04-27T17:27:00+00:00", "title": "M\u00e9t\u00e9o"}, {"desc": null, "start_date": "2026-04-27T17:30:00+00:00", "title": "La grande \u00e9dition"}, {"desc": null, "start_date": "2026-04-27T17:57:00+00:00", "title": "M\u00e9t\u00e9o"}, {"desc": null, "start_date": "2026-04-27T18:00:00+00:00", "title": "Vino Veritas"}, {"desc": null, "start_date": "2026-04-27T18:30:00+00:00", "title": "La grande \u00e9dition"}, {"desc": null, "start_date": "2026-04-27T18:56:00+00:00", "title": "M\u00e9t\u00e9o"}, {"desc": null, "start_date": "2026-04-27T19:00:00+00:00", "title": "La grande \u00e9dition"}, {"desc": null, "start_date": "2026-04-27T19:26:00+00:00", "title": "M\u00e9t\u00e9o"}, {"desc": null, "start_date": "2026-04-27T19:30:00+00:00", "title": "19h sports"}, {"desc": null, "start_date": "2026-04-27T20:00:00+00:00", "title": "Vino Veritas"}, {"desc": null, "start_date": "2026-04-27T20:30:00+00:00", "title": "La grande \u00e9dition"}, {"desc": null, "start_date": "2026-04-27T20:56:00+00:00", "title": "M\u00e9t\u00e9o"}, {"desc": null, "start_date": "2026-04-27T21:00:00+00:00", "title": "La grande \u00e9dition"}, {"desc": null, "start_date": "2026-04-27T21:27:00+00:00", "title": "M\u00e9t\u00e9o"}, {"desc": null, "start_date": "2026-04-27T21:30:00+00:00", "title": "19h sports"}, {"desc": null, "start_date": "2026-04-27T21:59:00+00:00", "title": "Vino Veritas"}, {"desc": null, "start_date": "2026-04-28T04:10:00+00:00", "title": "Fais ton sport \u00e0 la maison"}, {"desc": null, "start_date": "2026-04-28T04:58:00+00:00", "title": "M\u00e9t\u00e9o"}, {"desc": null, "start_date": "2026-04-28T05:00:00+00:00", "title": "La grande \u00e9dition"}, {"desc": null, "start_date": "2026-04-28T05:26:00+00:00", "title": "M\u00e9t\u00e9o"}, {"desc": null, "start_date": "2026-04-28T05:27:00+00:00", "title": "S\u00e9rie en langue r\u00e9gionale"}, {"desc": null, "start_date": "2026-04-28T05:30:00+00:00", "title": "La grande \u00e9dition"}, {"desc": null, "start_date": "2026-04-28T05:57:00+00:00", "title": "S\u00e9rie en langue r\u00e9gionale"}, {"desc": null, "start_date": "2026-04-28T06:00:00+00:00", "title": "19h sports"}, {"desc": null, "start_date": "2026-04-28T06:28:00+00:00", "title": "M\u00e9t\u00e9o"}, {"desc": null, "start_date": "2026-04-28T06:30:00+00:00", "title": "La grande \u00e9dition"}, {"desc": null, "start_date": "2026-04-28T06:53:00+00:00", "title": "S\u00e9rie en langue r\u00e9gionale"}, {"desc": null, "start_date": "2026-04-28T06:56:00+00:00", "title": "M\u00e9t\u00e9o"}, {"desc": "Ces pros qui nous inspirent : dans ce rendez-vous hebdomadaire, on d\u00e9couvre les coulisses du monde du travail en Nouvelle-Aquitaine, on comprend les probl\u00e9matiques des entreprises, leurs innovations, et leur agilit\u00e9 dans un monde en pleine mutation.", "start_date": "2026-04-28T07:00:00+00:00", "title": "Modes d'emplois"}, {"desc": null, "start_date": "2026-04-28T07:08:00+00:00", "title": "Gironde Mag'"}, {"desc": "Ces pros qui nous inspirent : dans ce rendez-vous hebdomadaire, on d\u00e9couvre les coulisses du monde du travail en Nouvelle-Aquitaine, on comprend les probl\u00e9matiques des entreprises, leurs innovations, et leur agilit\u00e9 dans un monde en pleine mutation.", "start_date": "2026-04-28T07:10:00+00:00", "title": "Modes d'emplois"}, {"desc": null, "start_date": "2026-04-28T07:17:00+00:00", "title": "Au c\u0153ur de Bordeaux M\u00e9tropole"}, {"desc": "Ces pros qui nous inspirent : dans ce rendez-vous hebdomadaire, on d\u00e9couvre les coulisses du monde du travail en Nouvelle-Aquitaine, on comprend les probl\u00e9matiques des entreprises, leurs innovations, et leur agilit\u00e9 dans un monde en pleine mutation.", "start_date": "2026-04-28T07:20:00+00:00", "title": "Modes d'emplois"}, {"desc": null, "start_date": "2026-04-28T07:30:00+00:00", "title": "Fais ton sport \u00e0 la maison"}, {"desc": "Cette \u00e9mission de 26', enti\u00e8rement consacr\u00e9e \u00e0 l'accord\u00e9on, vous pr\u00e9sente chaque semaine des artistes et vous fait d\u00e9couvrir de nouveaux talents.", "start_date": "2026-04-28T08:15:00+00:00", "title": "1, 2, 3 musette"}, {"desc": "Chaque semaine, l'animateur Pierre-Yves Lombard et son chroniqueur programmateur J\u00e9r\u00f4me Richard re\u00e7oivent les meilleurs accord\u00e9onistes de France.", "start_date": "2026-04-28T08:45:00+00:00", "title": "1, 2, 3 dansez"}, {"desc": "Ces pros qui nous inspirent : dans ce rendez-vous hebdomadaire, on d\u00e9couvre les coulisses du monde du travail en Nouvelle-Aquitaine, on comprend les probl\u00e9matiques des entreprises, leurs innovations, et leur agilit\u00e9 dans un monde en pleine mutation.", "start_date": "2026-04-28T09:15:00+00:00", "title": "Modes d'emplois"}, {"desc": "Ces pros qui nous inspirent : dans ce rendez-vous hebdomadaire, on d\u00e9couvre les coulisses du monde du travail en Nouvelle-Aquitaine, on comprend les probl\u00e9matiques des entreprises, leurs innovations, et leur agilit\u00e9 dans un monde en pleine mutation.", "start_date": "2026-04-28T09:23:00+00:00", "title": "Modes d'emplois"}, {"desc": "Ce programme mensuel produit par TIME UP PROD va \u00e0 la rencontre des plus grands collectionneurs de voitures anciennes d'exception ! Une \u00e9mission pr\u00e9sent\u00e9e par la chroniqueuse Ang\u00e9lique Rayssiguier (T\u00e9l\u00e9Foot, Lci, Equipe 21) et Morgan Moulin Traffort, pilote professionnel champion de France de Grand Tourisme 2013 au cot\u00e9 de Fabien Barth\u00e8s chez Ferrari !", "start_date": "2026-04-28T09:30:00+00:00", "title": "Auto legend"}, {"desc": null, "start_date": "2026-04-28T09:56:00+00:00", "title": "M\u00e9t\u00e9o"}, {"desc": null, "start_date": "2026-04-28T10:00:00+00:00", "title": "Midi en Nouvelle-Aquitaine"}, {"desc": null, "start_date": "2026-04-28T10:13:00+00:00", "title": "M\u00e9t\u00e9o"}, {"desc": null, "start_date": "2026-04-28T10:15:00+00:00", "title": "Midi en Nouvelle-Aquitaine"}, {"desc": null, "start_date": "2026-04-28T10:26:00+00:00", "title": "M\u00e9t\u00e9o"}, {"desc": null, "start_date": "2026-04-28T10:30:00+00:00", "title": "Midi en Nouvelle-Aquitaine"}, {"desc": null, "start_date": "2026-04-28T10:43:00+00:00", "title": "M\u00e9t\u00e9o"}, {"desc": null, "start_date": "2026-04-28T10:45:00+00:00", "title": "Midi en Nouvelle-Aquitaine"}, {"desc": null, "start_date": "2026-04-28T10:56:00+00:00", "title": "M\u00e9t\u00e9o"}, {"desc": null, "start_date": "2026-04-28T11:00:00+00:00", "title": "Midi en Nouvelle-Aquitaine"}, {"desc": null, "start_date": "2026-04-28T11:11:00+00:00", "title": "M\u00e9t\u00e9o"}, {"desc": null, "start_date": "2026-04-28T11:15:00+00:00", "title": "Midi en Nouvelle-Aquitaine"}, {"desc": null, "start_date": "2026-04-28T11:28:00+00:00", "title": "M\u00e9t\u00e9o"}, {"desc": null, "start_date": "2026-04-28T11:30:00+00:00", "title": "Midi en Nouvelle-Aquitaine"}, {"desc": null, "start_date": "2026-04-28T11:43:00+00:00", "title": "S\u00e9rie en langue r\u00e9gionale"}, {"desc": null, "start_date": "2026-04-28T11:46:00+00:00", "title": "M\u00e9t\u00e9o"}, {"desc": "Cette \u00e9mission de 26', enti\u00e8rement consacr\u00e9e \u00e0 l'accord\u00e9on, vous pr\u00e9sente chaque semaine des artistes et vous fait d\u00e9couvrir de nouveaux talents.", "start_date": "2026-04-28T11:50:00+00:00", "title": "1, 2, 3 musette"}, {"desc": null, "start_date": "2026-04-28T12:20:00+00:00", "title": "Gironde Mag'"}, {"desc": "Chaque semaine, l'animateur Pierre-Yves Lombard et son chroniqueur programmateur J\u00e9r\u00f4me Richard re\u00e7oivent les meilleurs accord\u00e9onistes de France.", "start_date": "2026-04-28T12:25:00+00:00", "title": "1, 2, 3 dansez"}, {"desc": null, "start_date": "2026-04-28T12:54:00+00:00", "title": "S\u00e9rie en langue r\u00e9gionale"}, {"desc": null, "start_date": "2026-04-28T13:00:00+00:00", "title": "Les Grands \u00c9venements de la saion"}, {"desc": null, "start_date": "2026-04-28T14:00:00+00:00", "title": "BivouAq'"}, {"desc": null, "start_date": "2026-04-28T14:30:00+00:00", "title": "BivouAq'"}, {"desc": null, "start_date": "2026-04-28T15:00:00+00:00", "title": "19h sports"}, {"desc": "Pr\u00e9sent\u00e9e par Jefferson Desport et Xavier Sota, retrouvez notre \u00e9mission de d\u00e9bat sur un sujet qui fait l'actualit\u00e9 politique, \u00e9conomique, sociale ou judiciaire avec les acteurs de la r\u00e9gion. Maires, parlementaires, repr\u00e9sentants des grandes fili\u00e8res \u00e9conomiques, syndicalistes, enseignants\u2026.", "start_date": "2026-04-28T15:30:00+00:00", "title": "Le Talk"}, {"desc": null, "start_date": "2026-04-28T15:55:00+00:00", "title": "L'instant UBB"}, {"desc": null, "start_date": "2026-04-28T16:00:00+00:00", "title": "La grande \u00e9dition"}, {"desc": null, "start_date": "2026-04-28T16:28:00+00:00", "title": "M\u00e9t\u00e9o"}, {"desc": null, "start_date": "2026-04-28T16:30:00+00:00", "title": "La grande \u00e9dition"}, {"desc": null, "start_date": "2026-04-28T16:56:00+00:00", "title": "M\u00e9t\u00e9o"}, {"desc": null, "start_date": "2026-04-28T17:00:00+00:00", "title": "19h sports"}, {"desc": null, "start_date": "2026-04-28T17:27:00+00:00", "title": "M\u00e9t\u00e9o"}, {"desc": null, "start_date": "2026-04-28T17:30:00+00:00", "title": "La grande \u00e9dition"}, {"desc": null, "start_date": "2026-04-28T17:57:00+00:00", "title": "M\u00e9t\u00e9o"}, {"desc": "Pr\u00e9sent\u00e9e par Jefferson Desport et Xavier Sota, retrouvez notre \u00e9mission de d\u00e9bat sur un sujet qui fait l'actualit\u00e9 politique, \u00e9conomique, sociale ou judiciaire avec les acteurs de la r\u00e9gion. Maires, parlementaires, repr\u00e9sentants des grandes fili\u00e8res \u00e9conomiques, syndicalistes, enseignants\u2026.", "start_date": "2026-04-28T18:00:00+00:00", "title": "Le Talk"}, {"desc": null, "start_date": "2026-04-28T18:30:00+00:00", "title": "La grande \u00e9dition"}, {"desc": null, "start_date": "2026-04-28T18:56:00+00:00", "title": "M\u00e9t\u00e9o"}, {"desc": null, "start_date": "2026-04-28T19:00:00+00:00", "title": "La grande \u00e9dition"}, {"desc": null, "start_date": "2026-04-28T19:26:00+00:00", "title": "M\u00e9t\u00e9o"}, {"desc": null, "start_date": "2026-04-28T19:30:00+00:00", "title": "19h sports"}, {"desc": "Pr\u00e9sent\u00e9e par Jefferson Desport et Xavier Sota, retrouvez notre \u00e9mission de d\u00e9bat sur un sujet qui fait l'actualit\u00e9 politique, \u00e9conomique, sociale ou judiciaire avec les acteurs de la r\u00e9gion. Maires, parlementaires, repr\u00e9sentants des grandes fili\u00e8res \u00e9conomiques, syndicalistes, enseignants\u2026.", "start_date": "2026-04-28T20:00:00+00:00", "title": "Le Talk"}, {"desc": null, "start_date": "2026-04-28T20:30:00+00:00", "title": "La grande \u00e9dition"}, {"desc": null, "start_date": "2026-04-28T20:56:00+00:00", "title": "M\u00e9t\u00e9o"}, {"desc": null, "start_date": "2026-04-28T21:00:00+00:00", "title": "La grande \u00e9dition"}, {"desc": null, "start_date": "2026-04-28T21:27:00+00:00", "title": "M\u00e9t\u00e9o"}, {"desc": null, "start_date": "2026-04-28T21:30:00+00:00", "title": "19h sports"}, {"desc": "Pr\u00e9sent\u00e9e par Jefferson Desport et Xavier Sota, retrouvez notre \u00e9mission de d\u00e9bat sur un sujet qui fait l'actualit\u00e9 politique, \u00e9conomique, sociale ou judiciaire avec les acteurs de la r\u00e9gion. Maires, parlementaires, repr\u00e9sentants des grandes fili\u00e8res \u00e9conomiques, syndicalistes, enseignants\u2026.", "start_date": "2026-04-28T21:59:00+00:00", "title": "Le Talk"}], "offset": "+00:00", "timezone": "UTC", "error_code": -1, "start_date": "2026-04-27", "icon": ""}