{"end_date": "2026-05-01", "name": "TV7 Bordeaux", "info_url": "https://epg.pw/channels/413022/20260430.html", "country": "France", "description": null, "error_message": "", "provider": "", "source_url": "https://epg.pw/api/epg.json?channel_id=413022&date=20260430&timezone=None", "epg_list": [{"desc": null, "start_date": "2026-04-30T04:10:00+00:00", "title": "Fais ton sport \u00e0 la maison"}, {"desc": null, "start_date": "2026-04-30T04:58:00+00:00", "title": "M\u00e9t\u00e9o"}, {"desc": null, "start_date": "2026-04-30T05:00:00+00:00", "title": "La grande \u00e9dition"}, {"desc": null, "start_date": "2026-04-30T05:26:00+00:00", "title": "M\u00e9t\u00e9o"}, {"desc": null, "start_date": "2026-04-30T05:27:00+00:00", "title": "S\u00e9rie en langue r\u00e9gionale"}, {"desc": null, "start_date": "2026-04-30T05:30:00+00:00", "title": "La grande \u00e9dition"}, {"desc": null, "start_date": "2026-04-30T05:57:00+00:00", "title": "S\u00e9rie en langue r\u00e9gionale"}, {"desc": null, "start_date": "2026-04-30T06:00:00+00:00", "title": "19h sports"}, {"desc": null, "start_date": "2026-04-30T06:28:00+00:00", "title": "M\u00e9t\u00e9o"}, {"desc": null, "start_date": "2026-04-30T06:30:00+00:00", "title": "La grande \u00e9dition"}, {"desc": null, "start_date": "2026-04-30T06:53:00+00:00", "title": "S\u00e9rie en langue r\u00e9gionale"}, {"desc": null, "start_date": "2026-04-30T06:56:00+00:00", "title": "M\u00e9t\u00e9o"}, {"desc": null, "start_date": "2026-04-30T07:00:00+00:00", "title": "BivouAq'"}, {"desc": null, "start_date": "2026-04-30T07:30:00+00:00", "title": "Fais ton sport \u00e0 la maison"}, {"desc": "Cette \u00e9mission de 26', enti\u00e8rement consacr\u00e9e \u00e0 l'accord\u00e9on, vous pr\u00e9sente chaque semaine des artistes et vous fait d\u00e9couvrir de nouveaux talents.", "start_date": "2026-04-30T08:15:00+00:00", "title": "1, 2, 3 musette"}, {"desc": "Chaque semaine, l'animateur Pierre-Yves Lombard et son chroniqueur programmateur J\u00e9r\u00f4me Richard re\u00e7oivent les meilleurs accord\u00e9onistes de France.", "start_date": "2026-04-30T08:45:00+00:00", "title": "1, 2, 3 dansez"}, {"desc": null, "start_date": "2026-04-30T09:15:00+00:00", "title": "Hemendik"}, {"desc": null, "start_date": "2026-04-30T09:23:00+00:00", "title": "Hemendik"}, {"desc": "Et si la culture \u00e9mergente et les pionniers de la cr\u00e9ation \u00e9taient nos voisins de palier ? Rendez-vous avec Sonia Moumen qui aborde les th\u00e8mes les plus surprenants de l'art et du patrimoine en Nouvelle-Aquitaine, pour que l'essentiel reste accessible \u00e0 tous.", "start_date": "2026-04-30T09:30:00+00:00", "title": "Cultivons la d\u00e9couverte"}, {"desc": null, "start_date": "2026-04-30T09:56:00+00:00", "title": "M\u00e9t\u00e9o"}, {"desc": null, "start_date": "2026-04-30T10:00:00+00:00", "title": "Midi en Nouvelle-Aquitaine"}, {"desc": null, "start_date": "2026-04-30T10:13:00+00:00", "title": "M\u00e9t\u00e9o"}, {"desc": null, "start_date": "2026-04-30T10:15:00+00:00", "title": "Midi en Nouvelle-Aquitaine"}, {"desc": null, "start_date": "2026-04-30T10:26:00+00:00", "title": "M\u00e9t\u00e9o"}, {"desc": null, "start_date": "2026-04-30T10:30:00+00:00", "title": "Midi en Nouvelle-Aquitaine"}, {"desc": null, "start_date": "2026-04-30T10:43:00+00:00", "title": "M\u00e9t\u00e9o"}, {"desc": null, "start_date": "2026-04-30T10:45:00+00:00", "title": "Midi en Nouvelle-Aquitaine"}, {"desc": null, "start_date": "2026-04-30T10:56:00+00:00", "title": "M\u00e9t\u00e9o"}, {"desc": null, "start_date": "2026-04-30T11:00:00+00:00", "title": "Midi en Nouvelle-Aquitaine"}, {"desc": null, "start_date": "2026-04-30T11:11:00+00:00", "title": "M\u00e9t\u00e9o"}, {"desc": null, "start_date": "2026-04-30T11:15:00+00:00", "title": "Midi en Nouvelle-Aquitaine"}, {"desc": null, "start_date": "2026-04-30T11:28:00+00:00", "title": "M\u00e9t\u00e9o"}, {"desc": null, "start_date": "2026-04-30T11:30:00+00:00", "title": "Midi en Nouvelle-Aquitaine"}, {"desc": null, "start_date": "2026-04-30T11:43:00+00:00", "title": "S\u00e9rie en langue r\u00e9gionale"}, {"desc": null, "start_date": "2026-04-30T11:46:00+00:00", "title": "M\u00e9t\u00e9o"}, {"desc": "Cette \u00e9mission de 26', enti\u00e8rement consacr\u00e9e \u00e0 l'accord\u00e9on, vous pr\u00e9sente chaque semaine des artistes et vous fait d\u00e9couvrir de nouveaux talents.", "start_date": "2026-04-30T11:50:00+00:00", "title": "1, 2, 3 musette"}, {"desc": null, "start_date": "2026-04-30T12:20:00+00:00", "title": "Gironde Mag'"}, {"desc": "Chaque semaine, l'animateur Pierre-Yves Lombard et son chroniqueur programmateur J\u00e9r\u00f4me Richard re\u00e7oivent les meilleurs accord\u00e9onistes de France.", "start_date": "2026-04-30T12:25:00+00:00", "title": "1, 2, 3 dansez"}, {"desc": null, "start_date": "2026-04-30T12:54:00+00:00", "title": "S\u00e9rie en langue r\u00e9gionale"}, {"desc": null, "start_date": "2026-04-30T13:00:00+00:00", "title": "BivouAq'"}, {"desc": null, "start_date": "2026-04-30T13:30:00+00:00", "title": "BivouAq'"}, {"desc": "Ce programme mensuel produit par TIME UP PROD va \u00e0 la rencontre des plus grands collectionneurs de voitures anciennes d'exception ! Une \u00e9mission pr\u00e9sent\u00e9e par la chroniqueuse Ang\u00e9lique Rayssiguier (T\u00e9l\u00e9Foot, Lci, Equipe 21) et Morgan Moulin Traffort, pilote professionnel champion de France de Grand Tourisme 2013 au cot\u00e9 de Fabien Barth\u00e8s chez Ferrari !", "start_date": "2026-04-30T14:00:00+00:00", "title": "Auto legend"}, {"desc": "Ce programme mensuel produit par TIME UP PROD va \u00e0 la rencontre des plus grands collectionneurs de voitures anciennes d'exception ! Une \u00e9mission pr\u00e9sent\u00e9e par la chroniqueuse Ang\u00e9lique Rayssiguier (T\u00e9l\u00e9Foot, Lci, Equipe 21) et Morgan Moulin Traffort, pilote professionnel champion de France de Grand Tourisme 2013 au cot\u00e9 de Fabien Barth\u00e8s chez Ferrari !", "start_date": "2026-04-30T14:30:00+00:00", "title": "Auto legend"}, {"desc": null, "start_date": "2026-04-30T15:00:00+00:00", "title": "19h sports"}, {"desc": "Actualit\u00e9 boursi\u00e8re et financi\u00e8re, \u00e9pargne, vie des entreprises, consommation, immobilier, retraite, imp\u00f4ts, e-commerce\u2026 Chaque jeudi \u00e0 18h dans \"L'Hebdo Eco\", les journalistes du p\u00f4le Economie de Sud Ouest proposent d'approfondir un sujet d'actualit\u00e9, qui touche aussi bien le citoyen dans son quotidien que les PME-TPE, et ce dans tous les secteurs d'activit\u00e9s, et d'en d\u00e9battre avec un invit\u00e9 afin", "start_date": "2026-04-30T15:30:00+00:00", "title": "L'Hebdo \u00e9co"}, {"desc": "Ces pros qui nous inspirent : dans ce rendez-vous hebdomadaire, on d\u00e9couvre les coulisses du monde du travail en Nouvelle-Aquitaine, on comprend les probl\u00e9matiques des entreprises, leurs innovations, et leur agilit\u00e9 dans un monde en pleine mutation.", "start_date": "2026-04-30T15:47:00+00:00", "title": "Modes d'emplois"}, {"desc": null, "start_date": "2026-04-30T15:55:00+00:00", "title": "Au c\u0153ur de Bordeaux M\u00e9tropole"}, {"desc": null, "start_date": "2026-04-30T16:00:00+00:00", "title": "La grande \u00e9dition"}, {"desc": null, "start_date": "2026-04-30T16:28:00+00:00", "title": "M\u00e9t\u00e9o"}, {"desc": null, "start_date": "2026-04-30T16:30:00+00:00", "title": "La grande \u00e9dition"}, {"desc": null, "start_date": "2026-04-30T16:56:00+00:00", "title": "M\u00e9t\u00e9o"}, {"desc": null, "start_date": "2026-04-30T17:00:00+00:00", "title": "19h sports"}, {"desc": null, "start_date": "2026-04-30T17:27:00+00:00", "title": "M\u00e9t\u00e9o"}, {"desc": null, "start_date": "2026-04-30T17:30:00+00:00", "title": "La grande \u00e9dition"}, {"desc": null, "start_date": "2026-04-30T17:57:00+00:00", "title": "M\u00e9t\u00e9o"}, {"desc": "Actualit\u00e9 boursi\u00e8re et financi\u00e8re, \u00e9pargne, vie des entreprises, consommation, immobilier, retraite, imp\u00f4ts, e-commerce\u2026 Chaque jeudi \u00e0 18h dans \"L'Hebdo Eco\", les journalistes du p\u00f4le Economie de Sud Ouest proposent d'approfondir un sujet d'actualit\u00e9, qui touche aussi bien le citoyen dans son quotidien que les PME-TPE, et ce dans tous les secteurs d'activit\u00e9s, et d'en d\u00e9battre avec un invit\u00e9 afin", "start_date": "2026-04-30T18:00:00+00:00", "title": "L'Hebdo \u00e9co"}, {"desc": "Ces pros qui nous inspirent : dans ce rendez-vous hebdomadaire, on d\u00e9couvre les coulisses du monde du travail en Nouvelle-Aquitaine, on comprend les probl\u00e9matiques des entreprises, leurs innovations, et leur agilit\u00e9 dans un monde en pleine mutation.", "start_date": "2026-04-30T18:15:00+00:00", "title": "Modes d'emplois"}, {"desc": null, "start_date": "2026-04-30T18:23:00+00:00", "title": "Au c\u0153ur de Bordeaux M\u00e9tropole"}, {"desc": null, "start_date": "2026-04-30T18:30:00+00:00", "title": "La grande \u00e9dition"}, {"desc": null, "start_date": "2026-04-30T18:56:00+00:00", "title": "M\u00e9t\u00e9o"}, {"desc": null, "start_date": "2026-04-30T19:00:00+00:00", "title": "La grande \u00e9dition"}, {"desc": null, "start_date": "2026-04-30T19:26:00+00:00", "title": "M\u00e9t\u00e9o"}, {"desc": null, "start_date": "2026-04-30T19:30:00+00:00", "title": "19h sports"}, {"desc": "Actualit\u00e9 boursi\u00e8re et financi\u00e8re, \u00e9pargne, vie des entreprises, consommation, immobilier, retraite, imp\u00f4ts, e-commerce\u2026 Chaque jeudi \u00e0 18h dans \"L'Hebdo Eco\", les journalistes du p\u00f4le Economie de Sud Ouest proposent d'approfondir un sujet d'actualit\u00e9, qui touche aussi bien le citoyen dans son quotidien que les PME-TPE, et ce dans tous les secteurs d'activit\u00e9s, et d'en d\u00e9battre avec un invit\u00e9 afin", "start_date": "2026-04-30T20:00:00+00:00", "title": "L'Hebdo \u00e9co"}, {"desc": "Ces pros qui nous inspirent : dans ce rendez-vous hebdomadaire, on d\u00e9couvre les coulisses du monde du travail en Nouvelle-Aquitaine, on comprend les probl\u00e9matiques des entreprises, leurs innovations, et leur agilit\u00e9 dans un monde en pleine mutation.", "start_date": "2026-04-30T20:15:00+00:00", "title": "Modes d'emplois"}, {"desc": null, "start_date": "2026-04-30T20:24:00+00:00", "title": "Gironde Mag'"}, {"desc": null, "start_date": "2026-04-30T20:30:00+00:00", "title": "La grande \u00e9dition"}, {"desc": null, "start_date": "2026-04-30T20:56:00+00:00", "title": "M\u00e9t\u00e9o"}, {"desc": null, "start_date": "2026-04-30T21:00:00+00:00", "title": "La grande \u00e9dition"}, {"desc": null, "start_date": "2026-04-30T21:27:00+00:00", "title": "M\u00e9t\u00e9o"}, {"desc": null, "start_date": "2026-04-30T21:30:00+00:00", "title": "19h sports"}, {"desc": null, "start_date": "2026-04-30T21:59:00+00:00", "title": "L'Hebdo \u00e9co"}, {"desc": null, "start_date": "2026-05-01T04:10:00+00:00", "title": "Fais ton sport \u00e0 la maison !"}, {"desc": "Le bulletin des pr\u00e9visions m\u00e9t\u00e9orologiques du lendemain sur l'ensemble de la Nouvelle-Aquitaine.", "start_date": "2026-05-01T04:58:00+00:00", "title": "M\u00e9t\u00e9o"}, {"desc": "La Grande \u00c9dition de TV7 c'est l'actualit\u00e9 incontournable de la Nouvelle-Aquitaine tous les soirs d\u00e8s 18h00. Du direct, des reportages, des expert.e.s en plateau pour tout comprendre de la vie \u00e9conomique, politique, sociale, environnementale, culturelle... de notre territoire !", "start_date": "2026-05-01T05:00:00+00:00", "title": "La grande \u00e9dition"}, {"desc": "Le bulletin des pr\u00e9visions m\u00e9t\u00e9orologiques du lendemain sur l'ensemble de la Nouvelle-Aquitaine.", "start_date": "2026-05-01T05:26:00+00:00", "title": "M\u00e9t\u00e9o"}, {"desc": null, "start_date": "2026-05-01T05:27:00+00:00", "title": "Ketokole"}, {"desc": "La Grande \u00c9dition de TV7 c'est l'actualit\u00e9 incontournable de la Nouvelle-Aquitaine tous les soirs d\u00e8s 18h00. Du direct, des reportages, des expert.e.s en plateau pour tout comprendre de la vie \u00e9conomique, politique, sociale, environnementale, culturelle... de notre territoire !", "start_date": "2026-05-01T05:30:00+00:00", "title": "La grande \u00e9dition"}, {"desc": "Le bulletin des pr\u00e9visions m\u00e9t\u00e9orologiques du lendemain sur l'ensemble de la Nouvelle-Aquitaine.", "start_date": "2026-05-01T05:57:00+00:00", "title": "M\u00e9t\u00e9o"}, {"desc": null, "start_date": "2026-05-01T05:58:00+00:00", "title": "Ketokole"}, {"desc": "Tous les jeudis \u00e0 19h, d\u00e9couvrez ces clubs pro et amateurs qui vivent avec passion leurs disciplines sportives.", "start_date": "2026-05-01T06:00:00+00:00", "title": "19h sports"}, {"desc": "Le bulletin des pr\u00e9visions m\u00e9t\u00e9orologiques du lendemain sur l'ensemble de la Nouvelle-Aquitaine.", "start_date": "2026-05-01T06:28:00+00:00", "title": "M\u00e9t\u00e9o"}, {"desc": "La Grande \u00c9dition de TV7 c'est l'actualit\u00e9 incontournable de la Nouvelle-Aquitaine tous les soirs d\u00e8s 18h00. Du direct, des reportages, des expert.e.s en plateau pour tout comprendre de la vie \u00e9conomique, politique, sociale, environnementale, culturelle... de notre territoire !", "start_date": "2026-05-01T06:30:00+00:00", "title": "La grande \u00e9dition"}, {"desc": null, "start_date": "2026-05-01T06:53:00+00:00", "title": "Ketokole"}, {"desc": "Le bulletin des pr\u00e9visions m\u00e9t\u00e9orologiques du lendemain sur l'ensemble de la Nouvelle-Aquitaine.", "start_date": "2026-05-01T06:56:00+00:00", "title": "M\u00e9t\u00e9o"}, {"desc": null, "start_date": "2026-05-01T07:00:00+00:00", "title": "Du Champ \u00e0 l'assiette"}, {"desc": "V\u00e9ritable vitrine du magazine Gironde Mag qui, tout au long de l'ann\u00e9e, va \u00e0 la rencontre des habitants, ce programme vise \u00e0 rendre plus simple et plus lisible l'action et les missions du D\u00e9partement en donnant la parole aux acteurs Girondins. Avec au c\u0153ur des th\u00e9matiques abord\u00e9es, une dimension de coh\u00e9sion sociale et de solidarit\u00e9 qui fait du d\u00e9partement de la Gironde une terre d'inclusion et un ", "start_date": "2026-05-01T07:08:00+00:00", "title": "Gironde Mag'"}, {"desc": "En Charente, un fruit color\u00e9 et sucr\u00e9 est connu dans le monde entier. Le melon charentais est le symbole culinaire du d\u00e9partement. Il fait la fiert\u00e9 de la famille Millon Mesnard, propri\u00e9taire du domaine du Tambourinour. Une fois entre les mains de Thierry Verrat, le melon charentais r\u00e9v\u00e8le toute sa sucrosit\u00e9 et sa fra\u00eecheur. Le chef des cuisines de la Ribaudi\u00e8re a d\u00e9clin\u00e9 le melon sous toutes ses ", "start_date": "2026-05-01T07:10:00+00:00", "title": "Du Champ \u00e0 l'assiette"}, {"desc": "Au c\u0153ur de Bordeaux M\u00e9tropole, c'est le rendez-vous qui informe les habitants de l'agglom\u00e9ration bordelaise sur les actions, initiatives et comp\u00e9tences de Bordeaux M\u00e9tropole et des 28 communes qui la composent. Il traite des enjeux d'aujourd'hui et met \u00e9galement en avant les projets et r\u00e9alisations de la collectivit\u00e9 sur son territoire.", "start_date": "2026-05-01T07:17:00+00:00", "title": "Au c\u0153ur de Bordeaux M\u00e9tropole"}, {"desc": "Dans cet \u00e9pisode, Du champ \u00e0 l'assiette vous emm\u00e8ne au fil de l'eau, \u00e0 la d\u00e9couverte d'un produit aussi discret que prestigieux : le caviar. Des bassins d'\u00e9levage d'esturgeons, aux mains expertes qui le transforment, nous suivons chaque \u00e9tape de sa cr\u00e9ation, au plus pr\u00e8s de celles et ceux qui lui consacrent leur quotidien.Un voyage entre terre et eau, tradition et cr\u00e9ation, pour red\u00e9couvrir le cav", "start_date": "2026-05-01T07:20:00+00:00", "title": "Du Champ \u00e0 l'assiette"}, {"desc": null, "start_date": "2026-05-01T07:30:00+00:00", "title": "Fais ton sport \u00e0 la maison !"}, {"desc": "Cette \u00e9mission de 26', enti\u00e8rement consacr\u00e9e \u00e0 l'accord\u00e9on, vous pr\u00e9sente chaque semaine des artistes et vous fait d\u00e9couvrir de nouveaux talents.", "start_date": "2026-05-01T08:15:00+00:00", "title": "1, 2, 3 musette"}, {"desc": "Chaque semaine, l'animateur Pierre-Yves Lombard et son chroniqueur programmateur J\u00e9r\u00f4me Richard (L'accord\u00e9oniste le plus titr\u00e9: 6 fois champion du monde), re\u00e7oivent les meilleurs accord\u00e9onistes de France.", "start_date": "2026-05-01T08:45:00+00:00", "title": "1, 2, 3 dansez"}, {"desc": null, "start_date": "2026-05-01T09:15:00+00:00", "title": "L'Hebdo \u00e9co"}, {"desc": "V\u00e9ritable vitrine du magazine Gironde Mag qui, tout au long de l'ann\u00e9e, va \u00e0 la rencontre des habitants, ce programme vise \u00e0 rendre plus simple et plus lisible l'action et les missions du D\u00e9partement en donnant la parole aux acteurs Girondins. Avec au c\u0153ur des th\u00e9matiques abord\u00e9es, une dimension de coh\u00e9sion sociale et de solidarit\u00e9 qui fait du d\u00e9partement de la Gironde une terre d'inclusion et un ", "start_date": "2026-05-01T09:28:00+00:00", "title": "Gironde Mag'"}, {"desc": null, "start_date": "2026-05-01T09:30:00+00:00", "title": "BivouAq'"}, {"desc": "Le bulletin des pr\u00e9visions m\u00e9t\u00e9orologiques de l'apr\u00e8s-midi sur l'ensemble de la Nouvelle-Aquitaine.", "start_date": "2026-05-01T09:56:00+00:00", "title": "M\u00e9t\u00e9o"}, {"desc": null, "start_date": "2026-05-01T10:00:00+00:00", "title": "Midi en Nouvelle-Aquitaine"}, {"desc": "Le bulletin des pr\u00e9visions m\u00e9t\u00e9orologiques de l'apr\u00e8s-midi sur l'ensemble de la Nouvelle-Aquitaine.", "start_date": "2026-05-01T10:13:00+00:00", "title": "M\u00e9t\u00e9o"}, {"desc": null, "start_date": "2026-05-01T10:15:00+00:00", "title": "Midi en Nouvelle-Aquitaine"}, {"desc": "Le bulletin des pr\u00e9visions m\u00e9t\u00e9orologiques de l'apr\u00e8s-midi sur l'ensemble de la Nouvelle-Aquitaine.", "start_date": "2026-05-01T10:26:00+00:00", "title": "M\u00e9t\u00e9o"}, {"desc": null, "start_date": "2026-05-01T10:30:00+00:00", "title": "Midi en Nouvelle-Aquitaine"}, {"desc": "Le bulletin des pr\u00e9visions m\u00e9t\u00e9orologiques de l'apr\u00e8s-midi sur l'ensemble de la Nouvelle-Aquitaine.", "start_date": "2026-05-01T10:43:00+00:00", "title": "M\u00e9t\u00e9o"}, {"desc": null, "start_date": "2026-05-01T10:45:00+00:00", "title": "Midi en Nouvelle-Aquitaine"}, {"desc": "Le bulletin des pr\u00e9visions m\u00e9t\u00e9orologiques de l'apr\u00e8s-midi sur l'ensemble de la Nouvelle-Aquitaine.", "start_date": "2026-05-01T10:56:00+00:00", "title": "M\u00e9t\u00e9o"}, {"desc": null, "start_date": "2026-05-01T11:00:00+00:00", "title": "Midi en Nouvelle-Aquitaine"}, {"desc": "Le bulletin des pr\u00e9visions m\u00e9t\u00e9orologiques de l'apr\u00e8s-midi sur l'ensemble de la Nouvelle-Aquitaine.", "start_date": "2026-05-01T11:11:00+00:00", "title": "M\u00e9t\u00e9o"}, {"desc": null, "start_date": "2026-05-01T11:15:00+00:00", "title": "Midi en Nouvelle-Aquitaine"}, {"desc": "Le bulletin des pr\u00e9visions m\u00e9t\u00e9orologiques de l'apr\u00e8s-midi sur l'ensemble de la Nouvelle-Aquitaine.", "start_date": "2026-05-01T11:28:00+00:00", "title": "M\u00e9t\u00e9o"}, {"desc": null, "start_date": "2026-05-01T11:30:00+00:00", "title": "Midi en Nouvelle-Aquitaine"}, {"desc": null, "start_date": "2026-05-01T11:43:00+00:00", "title": "Ketokole"}, {"desc": "Le bulletin des pr\u00e9visions m\u00e9t\u00e9orologiques de l'apr\u00e8s-midi sur l'ensemble de la Nouvelle-Aquitaine.", "start_date": "2026-05-01T11:46:00+00:00", "title": "M\u00e9t\u00e9o"}, {"desc": "Cette \u00e9mission de 26', enti\u00e8rement consacr\u00e9e \u00e0 l'accord\u00e9on, vous pr\u00e9sente chaque semaine des artistes et vous fait d\u00e9couvrir de nouveaux talents.", "start_date": "2026-05-01T11:50:00+00:00", "title": "1, 2, 3 musette"}, {"desc": "V\u00e9ritable vitrine du magazine Gironde Mag qui, tout au long de l'ann\u00e9e, va \u00e0 la rencontre des habitants, ce programme vise \u00e0 rendre plus simple et plus lisible l'action et les missions du D\u00e9partement en donnant la parole aux acteurs Girondins. Avec au c\u0153ur des th\u00e9matiques abord\u00e9es, une dimension de coh\u00e9sion sociale et de solidarit\u00e9 qui fait du d\u00e9partement de la Gironde une terre d'inclusion et un ", "start_date": "2026-05-01T12:20:00+00:00", "title": "Gironde Mag'"}, {"desc": "Chaque semaine, l'animateur Pierre-Yves Lombard et son chroniqueur programmateur J\u00e9r\u00f4me Richard (L'accord\u00e9oniste le plus titr\u00e9: 6 fois champion du monde), re\u00e7oivent les meilleurs accord\u00e9onistes de France.", "start_date": "2026-05-01T12:25:00+00:00", "title": "1, 2, 3 dansez"}, {"desc": null, "start_date": "2026-05-01T12:54:00+00:00", "title": "Ketokole"}, {"desc": "Auto Legend vous pr\u00e9sente l'usine et toute la gamme Devinci Cars en exclusivit\u00e9 dans ce nouvel \u00e9pisode.", "start_date": "2026-05-01T13:00:00+00:00", "title": "Auto legend"}, {"desc": null, "start_date": "2026-05-01T13:30:00+00:00", "title": "Vino Veritas"}, {"desc": "Quoi de neuf au cin\u00e9ma cette semaine ? Ci Na Ma c'est votre magazine d\u00e9di\u00e9 aux sorties cin\u00e9 de la semaine.", "start_date": "2026-05-01T14:00:00+00:00", "title": "Ci n\u00e9 ma"}, {"desc": null, "start_date": "2026-05-01T14:16:00+00:00", "title": "Du Champ \u00e0 l'assiette"}, {"desc": "V\u00e9ritable vitrine du magazine Gironde Mag qui, tout au long de l'ann\u00e9e, va \u00e0 la rencontre des habitants, ce programme vise \u00e0 rendre plus simple et plus lisible l'action et les missions du D\u00e9partement en donnant la parole aux acteurs Girondins. Avec au c\u0153ur des th\u00e9matiques abord\u00e9es, une dimension de coh\u00e9sion sociale et de solidarit\u00e9 qui fait du d\u00e9partement de la Gironde une terre d'inclusion et un ", "start_date": "2026-05-01T14:24:00+00:00", "title": "Gironde Mag'"}, {"desc": null, "start_date": "2026-05-01T14:30:00+00:00", "title": "L'Hebdo \u00e9co"}, {"desc": "Ces pros qui nous inspirent : dans ce rendez-vous hebdomadaire, on d\u00e9couvre les coulisses du monde du travail en Nouvelle-Aquitaine, on comprend les probl\u00e9matiques des entreprises, leurs innovations, et leur agilit\u00e9 dans un monde en pleine mutation.", "start_date": "2026-05-01T14:46:00+00:00", "title": "Modes d'emplois"}, {"desc": null, "start_date": "2026-05-01T14:54:00+00:00", "title": "L'instant UBB"}, {"desc": "Et si la culture \u00e9mergente et les pionniers de la cr\u00e9ation \u00e9taient nos voisins de palier ? Rendez-vous avec Sonia Moumen qui aborde les th\u00e8mes les plus surprenants de l'art et du patrimoine en Nouvelle-Aquitaine, pour que l'essentiel reste accessible \u00e0 tous.", "start_date": "2026-05-01T15:00:00+00:00", "title": "Cultivons la d\u00e9couverte"}, {"desc": "Quoi de neuf au cin\u00e9ma cette semaine ? Ci Na Ma c'est votre magazine d\u00e9di\u00e9 aux sorties cin\u00e9 de la semaine.", "start_date": "2026-05-01T15:30:00+00:00", "title": "Ci n\u00e9 ma"}, {"desc": null, "start_date": "2026-05-01T15:47:00+00:00", "title": "Du Champ \u00e0 l'assiette"}, {"desc": null, "start_date": "2026-05-01T15:57:00+00:00", "title": "L'instant UBB"}, {"desc": "Vive le Week-end ! TV7 Week-end Nouveau RDV apr\u00e8s le JT d'Elise Comarteau, Benjamin Bardel re\u00e7oit sur le plateau ses invit\u00e9s pour tout savoir sur les id\u00e9es sorties, les bons plans, les \u00e9v\u00e8nements culturels, il va \u00e0 la rencontre des artistes de la r\u00e9gion et de France, sans oublier les sports avec Dorian Malvesin le tout dans une ambiance d\u00e9tendue comme un bon week-end !", "start_date": "2026-05-01T16:00:00+00:00", "title": "TV7 Week-End"}, {"desc": "Au c\u0153ur de Bordeaux M\u00e9tropole, c'est le rendez-vous qui informe les habitants de l'agglom\u00e9ration bordelaise sur les actions, initiatives et comp\u00e9tences de Bordeaux M\u00e9tropole et des 28 communes qui la composent. Il traite des enjeux d'aujourd'hui et met \u00e9galement en avant les projets et r\u00e9alisations de la collectivit\u00e9 sur son territoire.", "start_date": "2026-05-01T16:07:00+00:00", "title": "Au c\u0153ur de Bordeaux M\u00e9tropole"}, {"desc": null, "start_date": "2026-05-01T16:10:00+00:00", "title": "TV7 Week-End"}, {"desc": "Le bulletin des pr\u00e9visions m\u00e9t\u00e9orologiques du lendemain sur l'ensemble de la Nouvelle-Aquitaine.", "start_date": "2026-05-01T16:28:00+00:00", "title": "M\u00e9t\u00e9o"}, {"desc": "Vive le Week-end ! TV7 Week-end Nouveau RDV apr\u00e8s le JT d'Elise Comarteau, Benjamin Bardel re\u00e7oit sur le plateau ses invit\u00e9s pour tout savoir sur les id\u00e9es sorties, les bons plans, les \u00e9v\u00e8nements culturels, il va \u00e0 la rencontre des artistes de la r\u00e9gion et de France, sans oublier les sports avec Dorian Malvesin le tout dans une ambiance d\u00e9tendue comme un bon week-end !", "start_date": "2026-05-01T16:29:00+00:00", "title": "TV7 Week-End"}, {"desc": "Le bulletin des pr\u00e9visions m\u00e9t\u00e9orologiques du lendemain sur l'ensemble de la Nouvelle-Aquitaine.", "start_date": "2026-05-01T16:56:00+00:00", "title": "M\u00e9t\u00e9o"}, {"desc": "Tous les vendredis \u00e0 19h, on d\u00e9cortique les grandes affiches du week-end. Rugby, Handball, Basket, Hockey, retrouvez toutes les infos sur les matchs \u00e0 ne pas manquer. Sans oublier notre rendez-vous 100% Girondins de Bordeaux avec chaque semaine de nouvelles informations exclusives.", "start_date": "2026-05-01T17:00:00+00:00", "title": "19h sports"}, {"desc": "Le bulletin des pr\u00e9visions m\u00e9t\u00e9orologiques du lendemain sur l'ensemble de la Nouvelle-Aquitaine.", "start_date": "2026-05-01T17:27:00+00:00", "title": "M\u00e9t\u00e9o"}, {"desc": null, "start_date": "2026-05-01T17:30:00+00:00", "title": "TV7 Week-End"}, {"desc": "Le bulletin des pr\u00e9visions m\u00e9t\u00e9orologiques du lendemain sur l'ensemble de la Nouvelle-Aquitaine.", "start_date": "2026-05-01T17:44:00+00:00", "title": "M\u00e9t\u00e9o"}, {"desc": null, "start_date": "2026-05-01T17:45:00+00:00", "title": "Du Champ \u00e0 l'assiette"}, {"desc": "Au c\u0153ur de Bordeaux M\u00e9tropole, c'est le rendez-vous qui informe les habitants de l'agglom\u00e9ration bordelaise sur les actions, initiatives et comp\u00e9tences de Bordeaux M\u00e9tropole et des 28 communes qui la composent. Il traite des enjeux d'aujourd'hui et met \u00e9galement en avant les projets et r\u00e9alisations de la collectivit\u00e9 sur son territoire.", "start_date": "2026-05-01T17:52:00+00:00", "title": "Au c\u0153ur de Bordeaux M\u00e9tropole"}, {"desc": "Le bulletin des pr\u00e9visions m\u00e9t\u00e9orologiques du lendemain sur l'ensemble de la Nouvelle-Aquitaine.", "start_date": "2026-05-01T17:57:00+00:00", "title": "M\u00e9t\u00e9o"}, {"desc": "Quoi de neuf au cin\u00e9ma cette semaine ? Ci Na Ma c'est votre magazine d\u00e9di\u00e9 aux sorties cin\u00e9 de la semaine.", "start_date": "2026-05-01T18:00:00+00:00", "title": "Ci n\u00e9 ma"}, {"desc": null, "start_date": "2026-05-01T18:15:00+00:00", "title": "Du Champ \u00e0 l'assiette"}, {"desc": "V\u00e9ritable vitrine du magazine Gironde Mag qui, tout au long de l'ann\u00e9e, va \u00e0 la rencontre des habitants, ce programme vise \u00e0 rendre plus simple et plus lisible l'action et les missions du D\u00e9partement en donnant la parole aux acteurs Girondins. Avec au c\u0153ur des th\u00e9matiques abord\u00e9es, une dimension de coh\u00e9sion sociale et de solidarit\u00e9 qui fait du d\u00e9partement de la Gironde une terre d'inclusion et un ", "start_date": "2026-05-01T18:23:00+00:00", "title": "Gironde Mag'"}, {"desc": "Vive le Week-end ! TV7 Week-end Nouveau RDV apr\u00e8s le JT d'Elise Comarteau, Benjamin Bardel re\u00e7oit sur le plateau ses invit\u00e9s pour tout savoir sur les id\u00e9es sorties, les bons plans, les \u00e9v\u00e8nements culturels, il va \u00e0 la rencontre des artistes de la r\u00e9gion et de France, sans oublier les sports avec Dorian Malvesin le tout dans une ambiance d\u00e9tendue comme un bon week-end !", "start_date": "2026-05-01T18:30:00+00:00", "title": "TV7 Week-End"}, {"desc": "Au c\u0153ur de Bordeaux M\u00e9tropole, c'est le rendez-vous qui informe les habitants de l'agglom\u00e9ration bordelaise sur les actions, initiatives et comp\u00e9tences de Bordeaux M\u00e9tropole et des 28 communes qui la composent. Il traite des enjeux d'aujourd'hui et met \u00e9galement en avant les projets et r\u00e9alisations de la collectivit\u00e9 sur son territoire.", "start_date": "2026-05-01T18:36:00+00:00", "title": "Au c\u0153ur de Bordeaux M\u00e9tropole"}, {"desc": null, "start_date": "2026-05-01T18:40:00+00:00", "title": "TV7 Week-End"}, {"desc": "Le bulletin des pr\u00e9visions m\u00e9t\u00e9orologiques du lendemain sur l'ensemble de la Nouvelle-Aquitaine.", "start_date": "2026-05-01T18:56:00+00:00", "title": "M\u00e9t\u00e9o"}, {"desc": "Vive le Week-end ! TV7 Week-end Nouveau RDV apr\u00e8s le JT d'Elise Comarteau, Benjamin Bardel re\u00e7oit sur le plateau ses invit\u00e9s pour tout savoir sur les id\u00e9es sorties, les bons plans, les \u00e9v\u00e8nements culturels, il va \u00e0 la rencontre des artistes de la r\u00e9gion et de France, sans oublier les sports avec Dorian Malvesin le tout dans une ambiance d\u00e9tendue comme un bon week-end !", "start_date": "2026-05-01T18:59:00+00:00", "title": "TV7 Week-End"}, {"desc": "Le bulletin des pr\u00e9visions m\u00e9t\u00e9orologiques du lendemain sur l'ensemble de la Nouvelle-Aquitaine.", "start_date": "2026-05-01T19:26:00+00:00", "title": "M\u00e9t\u00e9o"}, {"desc": "Tous les vendredis \u00e0 19h, on d\u00e9cortique les grandes affiches du week-end. Rugby, Handball, Basket, Hockey, retrouvez toutes les infos sur les matchs \u00e0 ne pas manquer. Sans oublier notre rendez-vous 100% Girondins de Bordeaux avec chaque semaine de nouvelles informations exclusives.", "start_date": "2026-05-01T19:30:00+00:00", "title": "19h sports"}, {"desc": "Quoi de neuf au cin\u00e9ma cette semaine ? Ci Na Ma c'est votre magazine d\u00e9di\u00e9 aux sorties cin\u00e9 de la semaine.", "start_date": "2026-05-01T20:00:00+00:00", "title": "Ci n\u00e9 ma"}, {"desc": null, "start_date": "2026-05-01T20:15:00+00:00", "title": "Du Champ \u00e0 l'assiette"}, {"desc": null, "start_date": "2026-05-01T20:24:00+00:00", "title": "L'instant UBB"}, {"desc": "Vive le Week-end ! TV7 Week-end Nouveau RDV apr\u00e8s le JT d'Elise Comarteau, Benjamin Bardel re\u00e7oit sur le plateau ses invit\u00e9s pour tout savoir sur les id\u00e9es sorties, les bons plans, les \u00e9v\u00e8nements culturels, il va \u00e0 la rencontre des artistes de la r\u00e9gion et de France, sans oublier les sports avec Dorian Malvesin le tout dans une ambiance d\u00e9tendue comme un bon week-end !", "start_date": "2026-05-01T20:30:00+00:00", "title": "TV7 Week-End"}, {"desc": "Au c\u0153ur de Bordeaux M\u00e9tropole, c'est le rendez-vous qui informe les habitants de l'agglom\u00e9ration bordelaise sur les actions, initiatives et comp\u00e9tences de Bordeaux M\u00e9tropole et des 28 communes qui la composent. Il traite des enjeux d'aujourd'hui et met \u00e9galement en avant les projets et r\u00e9alisations de la collectivit\u00e9 sur son territoire.", "start_date": "2026-05-01T20:37:00+00:00", "title": "Au c\u0153ur de Bordeaux M\u00e9tropole"}, {"desc": null, "start_date": "2026-05-01T20:40:00+00:00", "title": "TV7 Week-End"}, {"desc": "Le bulletin des pr\u00e9visions m\u00e9t\u00e9orologiques du lendemain sur l'ensemble de la Nouvelle-Aquitaine.", "start_date": "2026-05-01T20:56:00+00:00", "title": "M\u00e9t\u00e9o"}, {"desc": "Vive le Week-end ! TV7 Week-end Nouveau RDV apr\u00e8s le JT d'Elise Comarteau, Benjamin Bardel re\u00e7oit sur le plateau ses invit\u00e9s pour tout savoir sur les id\u00e9es sorties, les bons plans, les \u00e9v\u00e8nements culturels, il va \u00e0 la rencontre des artistes de la r\u00e9gion et de France, sans oublier les sports avec Dorian Malvesin le tout dans une ambiance d\u00e9tendue comme un bon week-end !", "start_date": "2026-05-01T20:59:00+00:00", "title": "TV7 Week-End"}, {"desc": "Le bulletin des pr\u00e9visions m\u00e9t\u00e9orologiques du lendemain sur l'ensemble de la Nouvelle-Aquitaine.", "start_date": "2026-05-01T21:27:00+00:00", "title": "M\u00e9t\u00e9o"}, {"desc": "Tous les vendredis \u00e0 19h, on d\u00e9cortique les grandes affiches du week-end. Rugby, Handball, Basket, Hockey, retrouvez toutes les infos sur les matchs \u00e0 ne pas manquer. Sans oublier notre rendez-vous 100% Girondins de Bordeaux avec chaque semaine de nouvelles informations exclusives.", "start_date": "2026-05-01T21:30:00+00:00", "title": "19h sports"}, {"desc": "Quoi de neuf au cin\u00e9ma cette semaine ? Ci Na Ma c'est votre magazine d\u00e9di\u00e9 aux sorties cin\u00e9 de la semaine.", "start_date": "2026-05-01T21:59:00+00:00", "title": "Ci n\u00e9 ma"}], "offset": "+00:00", "timezone": "UTC", "error_code": -1, "start_date": "2026-04-30", "icon": ""}