{"end_date": "2026-05-01", "name": "TVG EUROPA", "info_url": "https://epg.pw/channels/413024/20260413.html", "country": "France", "description": null, "error_message": "", "provider": "", "source_url": "https://epg.pw/api/epg.json?channel_id=413024&date=20260413&timezone=None", "epg_list": [{"desc": "Comedia que narra las aventuras de una familia y de los clientes que pasan por su bar.", "start_date": "2026-04-30T01:05:00+00:00", "title": "Pratos combinados"}, {"desc": "Comedia que narra las aventuras de una familia y de los clientes que pasan por su bar.", "start_date": "2026-04-30T02:00:00+00:00", "title": "Pratos combinados"}, {"desc": "Comedia que narra las aventuras de una familia y de los clientes que pasan por su bar.", "start_date": "2026-04-30T03:00:00+00:00", "title": "Pratos combinados"}, {"desc": "Comedia que narra las aventuras de una familia y de los clientes que pasan por su bar.", "start_date": "2026-04-30T03:55:00+00:00", "title": "Pratos combinados"}, {"desc": "Microespacio que ofrece la informaci\u00f3n meteorol\u00f3gica mar\u00edtima. \"Estado do mar\" est\u00e1 dedicado fundamentalmente a la gente de mar y a los aficionados de los deportes n\u00e1uticos.", "start_date": "2026-04-30T04:55:00+00:00", "title": "Informaci\u00f3n estado do mar ma\u00f1\u00e1"}, {"desc": "Emisi\u00f3n en directo do faladoiro do programa da Radio Galega 'Galicia por Diante'.", "start_date": "2026-04-30T05:00:00+00:00", "title": "Galicia por diante"}, {"desc": "Espacio matinal realizado por los servicios informativos de Televisi\u00f3n de Galicia que hace un repaso de la actualidad. La informaci\u00f3n da paso a una entrevista diaria as\u00ed como conexiones en directo y otras secciones de salud, gastronom\u00eda y opini\u00f3n.", "start_date": "2026-04-30T06:00:00+00:00", "title": "Bos d\u00edas"}, {"desc": "Eddy Insua propone una rutina diaria de ejercicio adaptado para mejorar la salud, combatir el sedentarismo y llenar las ma\u00f1anas de energ\u00eda positiva.", "start_date": "2026-04-30T09:00:00+00:00", "title": "Pulso activo"}, {"desc": "Ra\u00fal Qui\u00e1n presenta este espacio que Televisi\u00f3n de Galicia dedica a la informaci\u00f3n de proximidad, prestando especial atenci\u00f3n a la actualidad de la comunidad aut\u00f3noma gallega.", "start_date": "2026-04-30T11:50:00+00:00", "title": "Galicia Noticias Ma\u00f1\u00e1"}, {"desc": "Edici\u00f3n del mediod\u00eda de los informativos diarios del canal auton\u00f3mico gallego. En \"Telexornal\" se ofrecen las noticias m\u00e1s recientes tanto nacionales como internacionales.", "start_date": "2026-04-30T12:25:00+00:00", "title": "Telexornal mediod\u00eda"}, {"desc": "Espacio de los servicios informativos de la Televisi\u00f3n de Galicia dedicado a las noticias m\u00e1s relevantes de la actualidad deportiva tanto nacional como internacional. Presenta Sevi Mart\u00ednez.", "start_date": "2026-04-30T13:15:00+00:00", "title": "Telexornal deportes mediod\u00eda"}, {"desc": "Diego Via\u00f1o, Ana Celia V\u00e1zquez y Noelia Rodr\u00edguez son los encargados de acercar al p\u00fablico la informaci\u00f3n meteorol\u00f3gica de Galicia. Con el aval de Meteogalicia, este espacio ofrece la previsi\u00f3n del tiempo de manera pr\u00f3xima y sencilla.", "start_date": "2026-04-30T13:30:00+00:00", "title": "O tempo"}, {"desc": "Edici\u00f3n vespertina de los informativos diarios de Televisi\u00f3n de Galicia. Ofrecemos un repaso de las noticias m\u00e1s recientes de \u00e1mbito auton\u00f3mico, nacional e internacional.", "start_date": "2026-04-30T19:00:00+00:00", "title": "Telexornal ser\u00e1n"}, {"desc": "Diego Via\u00f1o, Ana Celia V\u00e1zquez y Noelia Rodr\u00edguez son los encargados de acercar al p\u00fablico la informaci\u00f3n meteorol\u00f3gica de Galicia. Con el aval de Meteogalicia, este espacio ofrece la previsi\u00f3n del tiempo de manera pr\u00f3xima y sencilla.", "start_date": "2026-04-30T19:35:00+00:00", "title": "O tempo"}, {"desc": null, "start_date": "2026-04-30T19:45:00+00:00", "title": "Land Rober + Show"}, {"desc": "Mar\u00eda Mera y Eva Iglesias presentan un programa de entretenimiento para las noches de TVG.", "start_date": "2026-04-30T20:45:00+00:00", "title": "Malas p\u00e9coras"}, {"desc": null, "start_date": "2026-04-30T21:50:00+00:00", "title": "Non lle chames amor"}, {"desc": "Programa divulgativo presentado por el expedicionista Carlos Caraglia.", "start_date": "2026-04-30T22:50:00+00:00", "title": "Expedici\u00f3n Galicia"}, {"desc": "Espacio de reforma y decoraci\u00f3n interior destinado a cambiar las casas gallegas, gracias a los reformadores Inda y Julio.", "start_date": "2026-04-30T23:45:00+00:00", "title": "Imos ao choio"}, {"desc": "Cando \u00d3scar atopa a pluma do seu pai empeza a sospeitar, pero Lupe disu\u00e1deo con evasivas e excusas e informa rapidamente das sospeitas a Daniel. Estalle facendo creer que est\u00e1 tola, pero o que se ve, a visita de Ram\u00f3n, s\u00e1caa de toda d\u00fabida, e proporci\u00f3nalle certas novas que non a deixan nin contenta nin conforme.", "start_date": "2026-05-01T01:03:00+00:00", "title": "Libro de familia"}, {"desc": "Lupe p\u00eddelle contas a Daniel da aparici\u00f3n de Ram\u00f3n e do desenvolvemento do seu investimento, agora que as circunstancias cambiaron. Entre isto e a teima da granxa de co\u00f1ecer os investidores, Daniel est\u00e1 moi nervioso. M\u00e1is despois da visita de Ram\u00f3n e da chamada de \u00c1lvaro.", "start_date": "2026-05-01T01:30:00+00:00", "title": "Libro de familia"}, {"desc": "Programa que lles achega aos espectadores galegos toda a actualidade cultural, presentado de luns a venres por Pilar G. Rego e por Mar\u00eda Solar os s\u00e1bados.", "start_date": "2026-05-01T02:31:00+00:00", "title": "Zigzag"}, {"desc": "Deli est\u00e1 encantad\u00edsima con Freire logo do espect\u00e1culo do concurso de baile, tanto que parece esquecer todo o referente a Manuel \u00e9 a situaci\u00f3n tirante entre eles desaparece.", "start_date": "2026-05-01T02:55:00+00:00", "title": "Libro de familia"}, {"desc": "Manuel ten pesadelos coa escena que viu entre \u00c1lvaro e Daniel, algo o ten preocupado e o alerta, todo o que pasou m\u00e1is o que viu dalle mala espi\u00f1a. Vai onde Tom\u00e1s a contarlle todo o que lle preocupa e as s\u00faas impresi\u00f3ns, pero Tom\u00e1s lonxe de preocuparse intenta convencelo de que est\u00e1 sendo esaxerado e desconfiado de m\u00e1is.", "start_date": "2026-05-01T03:52:00+00:00", "title": "Libro de familia"}, {"desc": "Microespacio que ofrece la informaci\u00f3n meteorol\u00f3gica mar\u00edtima. \"Estado do mar\" est\u00e1 dedicado fundamentalmente a la gente de mar y a los aficionados de los deportes n\u00e1uticos.", "start_date": "2026-05-01T04:56:00+00:00", "title": "Informaci\u00f3n estado do mar ma\u00f1\u00e1"}, {"desc": "Emisi\u00f3n en directo do faladoiro do programa da Radio Galega 'Galicia por Diante'.", "start_date": "2026-05-01T05:00:00+00:00", "title": "Galicia por diante"}, {"desc": "Espacio matinal realizado por los servicios informativos de Televisi\u00f3n de Galicia que hace un repaso de la actualidad. La informaci\u00f3n da paso a una entrevista diaria as\u00ed como conexiones en directo y otras secciones de salud, gastronom\u00eda y opini\u00f3n.", "start_date": "2026-05-01T06:00:00+00:00", "title": "Bos d\u00edas"}, {"desc": "A TVG pon o corpo en movemento con 'Pulso activo', un novo formato diario de sa\u00fade e benestar. O espazo, presentado por Eddy Insua, prop\u00f3n unha rutina diaria de exercicio adaptado para mellorar a sa\u00fade, combater o sedentarismo e encher as ma\u00f1\u00e1s de enerx\u00eda positiva.", "start_date": "2026-05-01T08:45:00+00:00", "title": "Pulso activo"}, {"desc": "Na clase de hoxe, Eddy, o noso preparador, prop\u00f3n unha sesi\u00f3n con halteres e esteira centrada no \"core\" e na zona lumbar. Anxo, Noemi, Raquel e Estrella acomp\u00e1\u00f1ano nesta rutina esixente. Nos testemu\u00f1os, comparten as sensaci\u00f3ns e impresi\u00f3ns que lles deixou a pr\u00e1ctica dos exercicios e ademais falan do corte de pelo, das u\u00f1as e de facer bromas segundo o ambiente.", "start_date": "2026-05-01T09:00:00+00:00", "title": "Pulso activo"}, {"desc": "Magazine diario, presentado por Roc\u00edo Delgado e Bernardo Monta\u00f1a, que lle toma o pulso cada ma\u00f1\u00e1 a Galicia. Centrado na realidade social galega, ofrece unha ampla cobertura en directo da actualidade.", "start_date": "2026-05-01T09:30:00+00:00", "title": "O term\u00f3metro"}, {"desc": "Ra\u00fal Qui\u00e1n presenta este espacio que Televisi\u00f3n de Galicia dedica a la informaci\u00f3n de proximidad, prestando especial atenci\u00f3n a la actualidad de la comunidad aut\u00f3noma gallega.", "start_date": "2026-05-01T11:54:00+00:00", "title": "Galicia Noticias Ma\u00f1\u00e1"}, {"desc": "Edici\u00f3n del mediod\u00eda de los informativos diarios del canal auton\u00f3mico gallego. En \"Telexornal\" se ofrecen las noticias m\u00e1s recientes tanto nacionales como internacionales.", "start_date": "2026-05-01T12:30:00+00:00", "title": "Telexornal mediod\u00eda"}, {"desc": "Espacio de los servicios informativos de la Televisi\u00f3n de Galicia dedicado a las noticias m\u00e1s relevantes de la actualidad deportiva tanto nacional como internacional. Presenta Sevi Mart\u00ednez.", "start_date": "2026-05-01T13:15:00+00:00", "title": "Telexornal deportes mediod\u00eda"}, {"desc": "Diego Via\u00f1o, Ana Celia V\u00e1zquez y Noelia Rodr\u00edguez son los encargados de acercar al p\u00fablico la informaci\u00f3n meteorol\u00f3gica de Galicia. Con el aval de Meteogalicia, este espacio ofrece la previsi\u00f3n del tiempo de manera pr\u00f3xima y sencilla.", "start_date": "2026-05-01T13:30:00+00:00", "title": "O tempo"}, {"desc": "Concurso presentado por Rodrigo V\u00e1zquez.", "start_date": "2026-05-01T13:45:00+00:00", "title": "Atr\u00e1pame se podes"}, {"desc": "Magazine divertido e participativo, en directo, presentado por Juan Fuentes e Raquel Atanes, que entret\u00e9n os espectadores con contidos frescos e sorprendentes.", "start_date": "2026-05-01T14:30:00+00:00", "title": "Quen anda a\u00ed?"}, {"desc": "\"O domingo por Rober...aband\u00f3nasme\" aposta polo mellor humor de 'Land Rober + Show'. Roberto Vilar lidera esta proposta de entretemento que re\u00fane colaboradores, sketchs e o esp\u00edrito do \"Land Rober\" no \"prime time\" da TVG. O espazo da Galega achegar\u00e1 unha escolma de sketchs cheos do humor m\u00e1is caracter\u00edstico do Land Rober.", "start_date": "2026-05-01T17:00:00+00:00", "title": "O domingo por Rober... aband\u00f3nasme"}, {"desc": "Edici\u00f3n vespertina de los informativos diarios de Televisi\u00f3n de Galicia. Ofrecemos un repaso de las noticias m\u00e1s recientes de \u00e1mbito auton\u00f3mico, nacional e internacional.", "start_date": "2026-05-01T19:00:00+00:00", "title": "Telexornal ser\u00e1n"}, {"desc": "Diego Via\u00f1o, Ana Celia V\u00e1zquez y Noelia Rodr\u00edguez son los encargados de acercar al p\u00fablico la informaci\u00f3n meteorol\u00f3gica de Galicia. Con el aval de Meteogalicia, este espacio ofrece la previsi\u00f3n del tiempo de manera pr\u00f3xima y sencilla.", "start_date": "2026-05-01T19:35:00+00:00", "title": "O tempo"}, {"desc": "Espacio musical al que acuden los int\u00e9rpretes m\u00e1s destacados del panorama musical actual. Adem\u00e1s, se presta especial atenci\u00f3n a la m\u00fasica gallega.", "start_date": "2026-05-01T19:45:00+00:00", "title": "Luar"}, {"desc": "Programa musical presentado por Lu\u00eds Iglesia, en que artistas de todo o mundo interpretan versi\u00f3ns das canci\u00f3ns m\u00e1is variadas.", "start_date": "2026-05-01T22:03:00+00:00", "title": "Heicho cantar, queridi\u00f1a"}, {"desc": null, "start_date": "2026-05-01T22:30:00+00:00", "title": "Malas p\u00e9coras"}, {"desc": "Programa no que Javier Varela e Rafa Dur\u00e1n percorren os mercados ambulantes galegos m\u00e1is destacados. Amais de entretemento e de descubrir numerosas an\u00e9cdotas sobre a vida dos feirantes, \"Imos de Feira\" promete diversi\u00f3n e premios en cada edici\u00f3n para os asistentes. Os presentadores percorrer\u00e1n hoxe Maceda para buscar aspirantes que loiten por conseguir ata 300 euros no d\u00eda de feira.", "start_date": "2026-05-01T23:30:00+00:00", "title": "Imos de feira"}], "offset": "+00:00", "timezone": "UTC", "error_code": -1, "start_date": "2026-04-30", "icon": ""}