{"end_date": "2026-05-01", "name": "Arte HD", "info_url": "https://epg.pw/channels/423844/20260430.html", "country": "Russian Federation", "description": null, "error_message": "", "provider": "", "source_url": "https://epg.pw/api/epg.json?channel_id=423844&date=20260430&timezone=None", "epg_list": [{"desc": null, "start_date": "2026-04-30T00:25:00+00:00", "title": "La ville-proie (2/3) \u2013 Lizzy"}, {"desc": null, "start_date": "2026-04-30T00:55:00+00:00", "title": "La ville-proie (3/3) \u2013 Ohboy"}, {"desc": null, "start_date": "2026-04-30T01:35:00+00:00", "title": "L'Espagne sauvage \u2013 Le Sud m\u00e9diterran\u00e9en"}, {"desc": null, "start_date": "2026-04-30T02:20:00+00:00", "title": "ARTE Regards \u2013 Une m\u00e9decin de village en Russie"}, {"desc": null, "start_date": "2026-04-30T02:25:00+00:00", "title": "ARTE Regards \u2013 Carpates : soigner les soldats ukrainiens"}, {"desc": null, "start_date": "2026-04-30T03:20:00+00:00", "title": "Charles Ier d'Angleterre \u2013 Du tr\u00f4ne a l'\u00e9chafaud"}, {"desc": null, "start_date": "2026-04-30T04:55:00+00:00", "title": "360\u00b0 Reportage \u2013 La foret secrete de la Spree"}, {"desc": null, "start_date": "2026-04-30T05:50:00+00:00", "title": "Voyage en cuisine \u2013 Suede : le steak de renne"}, {"desc": null, "start_date": "2026-04-30T06:20:00+00:00", "title": "Invitation au voyage"}, {"desc": null, "start_date": "2026-04-30T07:05:00+00:00", "title": "Invitation au voyage"}, {"desc": null, "start_date": "2026-04-30T07:55:00+00:00", "title": "Sur les sentiers des pays baltes \u2013 Estonie et Lettonie"}, {"desc": null, "start_date": "2026-04-30T08:40:00+00:00", "title": "Sur les sentiers des pays baltes \u2013 Lettonie et Lituanie"}, {"desc": null, "start_date": "2026-04-30T09:25:00+00:00", "title": "Corridors sauvages \u2013 Vivre avec les ours des Carpates"}, {"desc": null, "start_date": "2026-04-30T10:10:00+00:00", "title": "Corridors sauvages \u2013 Vivre avec les tigres du Bengale"}, {"desc": null, "start_date": "2026-04-30T11:00:00+00:00", "title": "ARTE Regards \u2013 Suisse : a Blatten enseveli, repartir de z\u00e9ro"}, {"desc": null, "start_date": "2026-04-30T11:35:00+00:00", "title": "Spartacus"}, {"desc": null, "start_date": "2026-04-30T14:35:00+00:00", "title": "Cultures animales \u2013 Florilege"}, {"desc": null, "start_date": "2026-04-30T15:20:00+00:00", "title": "Invitation au voyage"}, {"desc": null, "start_date": "2026-04-30T16:10:00+00:00", "title": "Invitation au voyage"}, {"desc": null, "start_date": "2026-04-30T16:50:00+00:00", "title": "Voyage en cuisine \u2013 Liban : le kebb\u00e9"}, {"desc": null, "start_date": "2026-04-30T17:30:00+00:00", "title": "Le dessous des images \u2013 Iran : Trump et la guerre sauce Hollywood"}, {"desc": null, "start_date": "2026-04-30T17:45:00+00:00", "title": "ARTE Journal"}, {"desc": null, "start_date": "2026-04-30T18:05:00+00:00", "title": "28 minutes"}, {"desc": null, "start_date": "2026-04-30T18:50:00+00:00", "title": "Le dessous des cartes \u2013 L'essentiel"}, {"desc": null, "start_date": "2026-04-30T18:55:00+00:00", "title": "Des gens bien (1/6)"}, {"desc": null, "start_date": "2026-04-30T19:45:00+00:00", "title": "Des gens bien (2/6)"}, {"desc": null, "start_date": "2026-04-30T20:35:00+00:00", "title": "Des gens bien (3/6)"}, {"desc": null, "start_date": "2026-04-30T21:25:00+00:00", "title": "Des gens bien (4/6)"}, {"desc": null, "start_date": "2026-04-30T23:10:00+00:00", "title": "Des gens bien (6/6)"}, {"desc": null, "start_date": "2026-05-01T00:00:00+00:00", "title": "Marie et \u00c9lisabeth Tudor \u2013 Seurs, rivales et reines"}, {"desc": null, "start_date": "2026-05-01T00:55:00+00:00", "title": "La barge a queue noire \u2013 L'oiseau m\u00e9connu des rivages"}, {"desc": null, "start_date": "2026-05-01T01:50:00+00:00", "title": "Voyage gourmand \u2013 Asperges"}, {"desc": null, "start_date": "2026-05-01T02:20:00+00:00", "title": "ARTE Regards \u2013 Un village espagnol prend soin de ses a\u00een\u00e9s"}, {"desc": null, "start_date": "2026-05-01T03:20:00+00:00", "title": "Un joyau a la fran\u00e7aise, la cath\u00e9drale de Cologne"}, {"desc": null, "start_date": "2026-05-01T03:25:00+00:00", "title": "Un joyau a la fran\u00e7aise, la cath\u00e9drale de Cologne"}, {"desc": null, "start_date": "2026-05-01T04:55:00+00:00", "title": "360\u00b0 Reportage \u2013 Grece, les petites seurs de la terre"}, {"desc": null, "start_date": "2026-05-01T05:50:00+00:00", "title": "Voyage en cuisine \u2013 Liban : le kebb\u00e9"}, {"desc": null, "start_date": "2026-05-01T06:20:00+00:00", "title": "Invitation au voyage"}, {"desc": null, "start_date": "2026-05-01T07:05:00+00:00", "title": "Invitation au voyage"}, {"desc": null, "start_date": "2026-05-01T07:55:00+00:00", "title": "Apollo 1 \u2013 L'histoire d'une trag\u00e9die"}, {"desc": null, "start_date": "2026-05-01T09:25:00+00:00", "title": "Artemis \u2013 Les d\u00e9fis d'un retour sur la Lune"}, {"desc": null, "start_date": "2026-05-01T10:25:00+00:00", "title": "Mars, en quete de vie"}, {"desc": null, "start_date": "2026-05-01T11:35:00+00:00", "title": "Capitaine sans peur"}, {"desc": null, "start_date": "2026-05-01T13:50:00+00:00", "title": "Paysages d'Europe \u2013 Montagnes, forets et marais"}, {"desc": null, "start_date": "2026-05-01T14:35:00+00:00", "title": "Paysages d'Europe \u2013 Champs, landes et c\u00f4tes"}, {"desc": null, "start_date": "2026-05-01T15:20:00+00:00", "title": "Invitation au voyage \u2013 Marseille"}, {"desc": null, "start_date": "2026-05-01T16:05:00+00:00", "title": "Invitation au voyage"}, {"desc": null, "start_date": "2026-05-01T16:50:00+00:00", "title": "Voyage gourmand \u2013 Melons et pasteques"}, {"desc": null, "start_date": "2026-05-01T17:30:00+00:00", "title": "Le dessous des cartes \u2013 C\u00f4te d'Ivoire : l'Afrique des possibles"}, {"desc": null, "start_date": "2026-05-01T17:45:00+00:00", "title": "ARTE Journal"}, {"desc": null, "start_date": "2026-05-01T18:05:00+00:00", "title": "28 minutes \u2013 Les \u00e9ditions du week-end"}, {"desc": null, "start_date": "2026-05-01T18:52:00+00:00", "title": "A Mus\u00e9e Vous, A Mus\u00e9e Moi \u2013 Saison 3 \u2013 Autoportrait a l'oreille band\u00e9e ou l'homme a la pipe, Vincent"}, {"desc": null, "start_date": "2026-05-01T18:55:00+00:00", "title": "Je ne me laisserai plus faire"}, {"desc": null, "start_date": "2026-05-01T20:35:00+00:00", "title": "Marilyn Monroe (1/3) \u2013 La c\u00e9l\u00e9brit\u00e9 a tout prix"}, {"desc": null, "start_date": "2026-05-01T21:30:00+00:00", "title": "Marilyn Monroe (2/3) \u2013 La c\u00e9l\u00e9brit\u00e9 a tout prix"}, {"desc": null, "start_date": "2026-05-01T23:25:00+00:00", "title": "Les hommes prot\u00e9g\u00e9s"}], "offset": "+00:00", "timezone": "UTC", "error_code": -1, "start_date": "2026-04-30", "icon": "https://epg.pw/media/images/epg/2025/04/11/20250411021759940866_26.png"}