{"end_date": "2026-05-02", "name": "Arte HD", "info_url": "https://epg.pw/channels/423844/20260501.html", "country": "Russian Federation", "description": null, "error_message": "", "provider": "", "source_url": "https://epg.pw/api/epg.json?channel_id=423844&date=20260501&timezone=None", "epg_list": [{"desc": null, "start_date": "2026-05-01T00:00:00+00:00", "title": "Marie et \u00c9lisabeth Tudor \u2013 Seurs, rivales et reines"}, {"desc": null, "start_date": "2026-05-01T00:55:00+00:00", "title": "La barge a queue noire \u2013 L'oiseau m\u00e9connu des rivages"}, {"desc": null, "start_date": "2026-05-01T01:50:00+00:00", "title": "Voyage gourmand \u2013 Asperges"}, {"desc": null, "start_date": "2026-05-01T02:20:00+00:00", "title": "ARTE Regards \u2013 Un village espagnol prend soin de ses a\u00een\u00e9s"}, {"desc": null, "start_date": "2026-05-01T03:20:00+00:00", "title": "Un joyau a la fran\u00e7aise, la cath\u00e9drale de Cologne"}, {"desc": null, "start_date": "2026-05-01T03:25:00+00:00", "title": "Un joyau a la fran\u00e7aise, la cath\u00e9drale de Cologne"}, {"desc": null, "start_date": "2026-05-01T04:55:00+00:00", "title": "360\u00b0 Reportage \u2013 Grece, les petites seurs de la terre"}, {"desc": null, "start_date": "2026-05-01T05:50:00+00:00", "title": "Voyage en cuisine \u2013 Liban : le kebb\u00e9"}, {"desc": null, "start_date": "2026-05-01T06:20:00+00:00", "title": "Invitation au voyage"}, {"desc": null, "start_date": "2026-05-01T07:05:00+00:00", "title": "Invitation au voyage"}, {"desc": null, "start_date": "2026-05-01T07:55:00+00:00", "title": "Apollo 1 \u2013 L'histoire d'une trag\u00e9die"}, {"desc": null, "start_date": "2026-05-01T09:25:00+00:00", "title": "Artemis \u2013 Les d\u00e9fis d'un retour sur la Lune"}, {"desc": null, "start_date": "2026-05-01T10:25:00+00:00", "title": "Mars, en quete de vie"}, {"desc": null, "start_date": "2026-05-01T11:35:00+00:00", "title": "Capitaine sans peur"}, {"desc": null, "start_date": "2026-05-01T13:50:00+00:00", "title": "Paysages d'Europe \u2013 Montagnes, forets et marais"}, {"desc": null, "start_date": "2026-05-01T14:35:00+00:00", "title": "Paysages d'Europe \u2013 Champs, landes et c\u00f4tes"}, {"desc": null, "start_date": "2026-05-01T15:20:00+00:00", "title": "Invitation au voyage \u2013 Marseille"}, {"desc": null, "start_date": "2026-05-01T16:05:00+00:00", "title": "Invitation au voyage"}, {"desc": null, "start_date": "2026-05-01T16:50:00+00:00", "title": "Voyage gourmand \u2013 Melons et pasteques"}, {"desc": null, "start_date": "2026-05-01T17:30:00+00:00", "title": "Le dessous des cartes \u2013 C\u00f4te d'Ivoire : l'Afrique des possibles"}, {"desc": null, "start_date": "2026-05-01T17:45:00+00:00", "title": "ARTE Journal"}, {"desc": null, "start_date": "2026-05-01T18:05:00+00:00", "title": "28 minutes \u2013 Les \u00e9ditions du week-end"}, {"desc": null, "start_date": "2026-05-01T18:52:00+00:00", "title": "A Mus\u00e9e Vous, A Mus\u00e9e Moi \u2013 Saison 3 \u2013 Autoportrait a l'oreille band\u00e9e ou l'homme a la pipe, Vincent"}, {"desc": null, "start_date": "2026-05-01T18:55:00+00:00", "title": "Je ne me laisserai plus faire"}, {"desc": null, "start_date": "2026-05-01T20:35:00+00:00", "title": "Marilyn Monroe (1/3) \u2013 La c\u00e9l\u00e9brit\u00e9 a tout prix"}, {"desc": null, "start_date": "2026-05-01T21:30:00+00:00", "title": "Marilyn Monroe (2/3) \u2013 La c\u00e9l\u00e9brit\u00e9 a tout prix"}, {"desc": null, "start_date": "2026-05-01T23:25:00+00:00", "title": "Les hommes prot\u00e9g\u00e9s"}, {"desc": null, "start_date": "2026-05-02T01:05:00+00:00", "title": "\u00c9quateur, un campus au ceur de la foret"}, {"desc": null, "start_date": "2026-05-02T01:55:00+00:00", "title": "Bonnes nouvelles de la planete \u2013 Vers une protection citoyenne de la nature"}, {"desc": null, "start_date": "2026-05-02T02:00:00+00:00", "title": "Bonnes nouvelles de la planete \u2013 Vers une protection citoyenne de la nature"}, {"desc": null, "start_date": "2026-05-02T03:30:00+00:00", "title": "Le dessous des cartes \u2013 C\u00f4te d'Ivoire : l'Afrique des possibles"}, {"desc": null, "start_date": "2026-05-02T03:45:00+00:00", "title": "D\u00e9mocraties animales \u2013 Le chef consulte"}, {"desc": null, "start_date": "2026-05-02T04:35:00+00:00", "title": "D\u00e9mocraties animales \u2013 Le peuple gouverne"}, {"desc": null, "start_date": "2026-05-02T05:30:00+00:00", "title": "360\u00b0 Reportage \u2013 Namibie, l'espoir rena\u00eet pour les gu\u00e9pards"}, {"desc": null, "start_date": "2026-05-02T06:25:00+00:00", "title": "360\u00b0 Reportage \u2013 Cactus, l'or vert du Mexique"}, {"desc": null, "start_date": "2026-05-02T07:20:00+00:00", "title": "Invitation au voyage \u2013 Sp\u00e9cial N\u00e9pal"}, {"desc": null, "start_date": "2026-05-02T08:00:00+00:00", "title": "Cuisines des terroirs \u2013 Le canton d'Argovie \u2013 Suisse"}, {"desc": null, "start_date": "2026-05-02T08:30:00+00:00", "title": "L'Espagne rurale \u2013 Des Asturies a Zamora"}, {"desc": null, "start_date": "2026-05-02T09:15:00+00:00", "title": "L'Espagne rurale \u2013 De Teruel a Soria"}, {"desc": null, "start_date": "2026-05-02T10:00:00+00:00", "title": "L'Espagne rurale \u2013 De C\u00e1ceres a Tolede"}, {"desc": null, "start_date": "2026-05-02T10:45:00+00:00", "title": "L'Espagne rurale \u2013 De Cuenca a Albacete"}, {"desc": null, "start_date": "2026-05-02T11:30:00+00:00", "title": "Alamo"}, {"desc": null, "start_date": "2026-05-02T14:20:00+00:00", "title": "March\u00e9s du monde \u2013 Inde, le march\u00e9 aux fleurs"}, {"desc": null, "start_date": "2026-05-02T14:50:00+00:00", "title": "Invitation au voyage \u2013 Sp\u00e9cial Oman"}, {"desc": null, "start_date": "2026-05-02T15:30:00+00:00", "title": "360\u00b0 Reportage \u2013 Mexique, les amoureux du danz\u00f3n"}, {"desc": null, "start_date": "2026-05-02T16:05:00+00:00", "title": "Tokyo, il \u00e9tait une fois le march\u00e9 aux poissons"}, {"desc": null, "start_date": "2026-05-02T16:50:00+00:00", "title": "ARTE Reportage"}, {"desc": null, "start_date": "2026-05-02T17:45:00+00:00", "title": "ARTE Journal"}, {"desc": null, "start_date": "2026-05-02T18:05:00+00:00", "title": "28 minutes"}, {"desc": null, "start_date": "2026-05-02T18:55:00+00:00", "title": "Grand Canyon \u2013 Un voyage au centre de la Terre"}, {"desc": null, "start_date": "2026-05-02T20:30:00+00:00", "title": "A l'origine de la vie \u2013 Les impacts d'ast\u00e9roides"}, {"desc": null, "start_date": "2026-05-02T21:25:00+00:00", "title": "Alerte aux ast\u00e9roides"}, {"desc": null, "start_date": "2026-05-02T23:30:00+00:00", "title": "Max Beckmann \u2013 Un voyageur"}], "offset": "+00:00", "timezone": "UTC", "error_code": -1, "start_date": "2026-05-01", "icon": "https://epg.pw/media/images/epg/2025/04/11/20250411021759940866_26.png"}