{"end_date": "2026-09-07", "name": "S\u00e3o Paulo/SP  BIS HD \u00b3", "info_url": "https://epg.pw/channels/426011/20260906.html", "country": "Brazil", "description": null, "error_message": "", "provider": "", "source_url": "https://epg.pw/api/epg.json?channel_id=426011&date=20260906&timezone=None", "epg_list": [{"desc": null, "start_date": "2026-09-06T00:05:00+00:00", "title": "Rock In Rio"}, {"desc": null, "start_date": "2026-09-06T01:30:00+00:00", "title": "Rock In Rio"}, {"desc": null, "start_date": "2026-09-06T03:00:00+00:00", "title": "Rock In Rio"}, {"desc": null, "start_date": "2026-09-06T04:30:00+00:00", "title": "Rock In Rio"}, {"desc": null, "start_date": "2026-09-06T06:05:00+00:00", "title": "Chit\u00e3ozinho & Xoror\u00f3"}, {"desc": "S\u00e9rie que est\u00e1 em sua 9\u00aa temporada, apresenta bandas que come\u00e7am a despontar no cen\u00e1rio musical brasileiro.", "start_date": "2026-09-06T06:59:00+00:00", "title": "Experimente"}, {"desc": "Na temporada em que o Experimente completa dez anos, o cantor ga\u00facho Evandro Vedovelli estreia sua carreira solo, ap\u00f3s viagem \u00e0 Tail\u00e2ndia.", "start_date": "2026-09-06T08:00:00+00:00", "title": "Experimente"}, {"desc": "A 12\u00aa temporada do Experimente traz novos artistas com diferentes origens, estilos e propostas musicais.", "start_date": "2026-09-06T09:00:00+00:00", "title": "Experimente"}, {"desc": null, "start_date": "2026-09-06T09:30:00+00:00", "title": "Experimente"}, {"desc": "\u201cRock Est\u00fadio\u201d \u00e9 um programa de m\u00fasica nacional de Rock e Pop, em que grandes bandas conversam e tocam com os apresentadores Jimmy London e China.", "start_date": "2026-09-06T10:00:00+00:00", "title": "Rock Est\u00fadio"}, {"desc": "Olivia Hime e Francis Hime homenageiam grandes m\u00fasicas que marcaram a Bossa Nova.No programa de hoje sucessos como \"Desafinado\" , \"Cora\u00e7\u00e3o Vagabundo\" e \"N\u00e3o Existo Sem Voc\u00ea\".", "start_date": "2026-09-06T10:25:00+00:00", "title": "Inesquec\u00edveis Bossa Nova"}, {"desc": null, "start_date": "2026-09-06T10:50:00+00:00", "title": "Na Voz Delas"}, {"desc": null, "start_date": "2026-09-06T11:19:00+00:00", "title": "Afrofluxo: O Som Da M\u00fasica Preta"}, {"desc": null, "start_date": "2026-09-06T11:50:00+00:00", "title": "Lounge"}, {"desc": null, "start_date": "2026-09-06T12:17:00+00:00", "title": "Arquivo Musical: A \u00daltima Banda De Rock"}, {"desc": null, "start_date": "2026-09-06T13:29:00+00:00", "title": "Experimente"}, {"desc": "3\u00aaTemporada do Programa Vers\u00f5es. Artistas s\u00e3o convidados para fazerem suas vers\u00f5es de cl\u00e1ssicos da m\u00fasica. Uma banda/ artista \u00e9 homenageada por epis\u00f3dio.", "start_date": "2026-09-06T14:27:00+00:00", "title": "Vers\u00f5es"}, {"desc": null, "start_date": "2026-09-06T15:25:00+00:00", "title": "Encontros Orquestrados"}, {"desc": "Uma homenagem dos filhos interpretando grandes cl\u00e1ssicos dos seus pais e da m\u00fasica nacional, alternando momentos de performances e entrevistas.", "start_date": "2026-09-06T15:53:00+00:00", "title": "Filhos Da M\u00fasica"}, {"desc": null, "start_date": "2026-09-06T16:22:00+00:00", "title": "Elton John: The Million Dollar Piano Live In Las Vegas"}, {"desc": "Grava\u00e7\u00e3o do show da turn\u00ea comemorativa de 50 anos de carreira dos cantores Caetano Veloso e Gilberto Gil diretamente de S\u00e3o Paulo.", "start_date": "2026-09-06T17:52:00+00:00", "title": "Multishow Ao Vivo"}, {"desc": null, "start_date": "2026-09-06T18:19:00+00:00", "title": "Experimente"}, {"desc": null, "start_date": "2026-09-06T18:50:00+00:00", "title": "Rock In Rio"}, {"desc": null, "start_date": "2026-09-06T19:50:00+00:00", "title": "Rock In Rio"}, {"desc": null, "start_date": "2026-09-06T21:00:00+00:00", "title": "Rock In Rio"}, {"desc": null, "start_date": "2026-09-06T22:10:00+00:00", "title": "Rock In Rio"}, {"desc": null, "start_date": "2026-09-06T23:10:00+00:00", "title": "Rock In Rio"}, {"desc": null, "start_date": "2026-09-07T00:05:00+00:00", "title": "Rock In Rio"}, {"desc": null, "start_date": "2026-09-07T01:30:00+00:00", "title": "Rock In Rio"}, {"desc": null, "start_date": "2026-09-07T03:00:00+00:00", "title": "Rock In Rio"}, {"desc": null, "start_date": "2026-09-07T04:40:00+00:00", "title": "Rock In Rio"}, {"desc": "A cada epis\u00f3dio um artista convidado toca seu \u00e1lbum preferido de algum outro m\u00fasico. Nesse epis\u00f3dio, os Detonautas tocam \"Dois\", da Legi\u00e3o Urbana.", "start_date": "2026-09-07T06:05:00+00:00", "title": "Depois Daquele \u00c1lbum"}, {"desc": null, "start_date": "2026-09-07T06:36:00+00:00", "title": "Arquivo Musical: A \u00daltima Banda De Rock"}, {"desc": null, "start_date": "2026-09-07T07:49:00+00:00", "title": "Chit\u00e3ozinho & Xoror\u00f3"}, {"desc": "Olivia Hime e Francis Hime homenageiam grandes m\u00fasicas que marcaram a Bossa Nova.No programa de hoje sucessos como \"Desafinado\" , \"Cora\u00e7\u00e3o Vagabundo\" e \"N\u00e3o Existo Sem Voc\u00ea\".", "start_date": "2026-09-07T08:35:00+00:00", "title": "Inesquec\u00edveis Bossa Nova"}, {"desc": "3\u00aaTemporada do Programa Vers\u00f5es. Artistas s\u00e3o convidados para fazerem suas vers\u00f5es de cl\u00e1ssicos da m\u00fasica. Uma banda/ artista \u00e9 homenageada por epis\u00f3dio.", "start_date": "2026-09-07T09:01:00+00:00", "title": "Vers\u00f5es"}, {"desc": null, "start_date": "2026-09-07T10:00:00+00:00", "title": "Lollapalooza 2026"}, {"desc": "Neste epis\u00f3dio, vers\u00f5es inesperadas de hits cl\u00e1ssicos como \"Socorro\", \"O Pulso\", \"Longe\" e uma performance arrebatadora de \"O Real Resiste\" tomam conta do MAM, da igreja ao p\u00eder.", "start_date": "2026-09-07T11:00:00+00:00", "title": "L\u00e1grimas No Mam"}, {"desc": null, "start_date": "2026-09-07T11:42:00+00:00", "title": "Par\u00e1 Musical"}, {"desc": null, "start_date": "2026-09-07T12:11:00+00:00", "title": "Setlist"}, {"desc": null, "start_date": "2026-09-07T12:14:00+00:00", "title": "Setlist"}, {"desc": null, "start_date": "2026-09-07T12:17:00+00:00", "title": "Setlist"}, {"desc": null, "start_date": "2026-09-07T12:20:00+00:00", "title": "Setlist"}, {"desc": null, "start_date": "2026-09-07T12:23:00+00:00", "title": "Setlist"}, {"desc": null, "start_date": "2026-09-07T12:26:00+00:00", "title": "Setlist"}, {"desc": null, "start_date": "2026-09-07T12:29:00+00:00", "title": "Setlist"}, {"desc": null, "start_date": "2026-09-07T12:35:00+00:00", "title": "Setlist"}, {"desc": null, "start_date": "2026-09-07T12:38:00+00:00", "title": "Setlist"}, {"desc": null, "start_date": "2026-09-07T12:41:00+00:00", "title": "Bjork: Cornucopia"}, {"desc": null, "start_date": "2026-09-07T14:22:00+00:00", "title": "Sting: Live At The Olympia Paris"}, {"desc": null, "start_date": "2026-09-07T14:51:00+00:00", "title": "Hip Hop Machine"}, {"desc": null, "start_date": "2026-09-07T15:22:00+00:00", "title": "Experimente"}, {"desc": "\u201cVamos Tocar\" \u00e9 um programa de performances musicais, em que Leo Gandelman se re\u00fane com grandes nomes da nossa m\u00fasica, em grava\u00e7\u00f5es em est\u00fadio, onde perguntas sucintas d\u00e3o espa\u00e7o para respostas.", "start_date": "2026-09-07T15:53:00+00:00", "title": "Vamos Tocar"}, {"desc": "Show gravado em 31 de janeiro de 2009 no Vivo Rio, Rio de Janeiro.", "start_date": "2026-09-07T16:22:00+00:00", "title": "Multishow Ao Vivo"}, {"desc": null, "start_date": "2026-09-07T17:23:00+00:00", "title": "Setlist"}, {"desc": null, "start_date": "2026-09-07T17:26:00+00:00", "title": "Setlist"}, {"desc": null, "start_date": "2026-09-07T17:29:00+00:00", "title": "Setlist"}, {"desc": null, "start_date": "2026-09-07T17:32:00+00:00", "title": "Setlist"}, {"desc": null, "start_date": "2026-09-07T17:35:00+00:00", "title": "Setlist"}, {"desc": null, "start_date": "2026-09-07T17:38:00+00:00", "title": "Setlist"}, {"desc": null, "start_date": "2026-09-07T17:41:00+00:00", "title": "Setlist"}, {"desc": null, "start_date": "2026-09-07T17:47:00+00:00", "title": "Setlist"}, {"desc": null, "start_date": "2026-09-07T17:50:00+00:00", "title": "Setlist"}, {"desc": null, "start_date": "2026-09-07T17:53:00+00:00", "title": "Rihanna Loud Tour Live At The O2"}, {"desc": null, "start_date": "2026-09-07T18:19:00+00:00", "title": "Experimente"}, {"desc": null, "start_date": "2026-09-07T18:50:00+00:00", "title": "Rock In Rio"}, {"desc": null, "start_date": "2026-09-07T19:50:00+00:00", "title": "Rock In Rio"}, {"desc": null, "start_date": "2026-09-07T21:00:00+00:00", "title": "Rock In Rio"}, {"desc": null, "start_date": "2026-09-07T22:10:00+00:00", "title": "Rock In Rio"}, {"desc": null, "start_date": "2026-09-07T23:10:00+00:00", "title": "Rock In Rio"}], "offset": "+00:00", "timezone": "UTC", "error_code": -1, "start_date": "2026-09-06", "icon": ""}