{"end_date": "2026-04-28", "name": "S\u00e3o Paulo/SP  Rede Gospel", "info_url": "https://epg.pw/channels/426018/20260427.html", "country": "Brazil", "description": null, "error_message": "", "provider": "", "source_url": "https://epg.pw/api/epg.json?channel_id=426018&date=20260427&timezone=None", "epg_list": [{"desc": "Pioneiro no g\u00eanero de clipes no cen\u00e1rio Gospel nacional e internacional, o programa traz muita interatividade nas m\u00eddias sociais.", "start_date": "2026-04-28T18:30:00+00:00", "title": "Clip Gospel"}, {"desc": "Bispo Lal\u00e1 e Karen Chrisostomo comandam um bate papo descontra\u00eddo sobre o maior evento crist\u00e3o do mundo, a Marcha para Jesus. S\u00e3o 30 anos de uma hist\u00f3ria que se multiplica dentro e fora do Pa\u00eds.", "start_date": "2026-04-28T19:30:00+00:00", "title": "Jornal da Marcha"}, {"desc": "Receba inspira\u00e7\u00e3o di\u00e1ria da Palavra de Deus com ap\u00f3stolo Estevam Hernandes. Seja aben\u00e7oado e aprenda a confiar em Deus.", "start_date": "2026-04-28T20:00:00+00:00", "title": "Palavra Do Dia Com Ap\u00f3stolo Estevam"}, {"desc": "Um programa educativo que acrescenta conhecimento ao abordar um estudo detalhado da b\u00edblia. Uma v\u00eddeo aula de f\u00e1cil compreens\u00e3o e interatividade sobre a hist\u00f3ria das civiliza\u00e7\u00f5es e cultura dos povos.", "start_date": "2026-04-28T20:30:00+00:00", "title": "Escola de Profetas"}, {"desc": "Nos momentos que voc\u00ea n\u00e3o v\u00ea caminho e solu\u00e7\u00e3o junte-se ao Ap\u00f3stolo Estevam Hernandes e fa\u00e7a essa ora\u00e7\u00e3o poderosa de f\u00e9.", "start_date": "2026-04-28T21:00:00+00:00", "title": "Ora\u00e7\u00e3o da F\u00e9"}, {"desc": "Receba o conforto e se alimente da palavra de Deus transmitida ao vivo do Renascer Hall sede Internacional, \u00e9 Culto de Celebra\u00e7\u00e3o da Fam\u00edlia. Venha nessa jornada crist\u00e3 ter comunh\u00e3o com Jesus.", "start_date": "2026-04-28T21:05:00+00:00", "title": "Celebra\u00e7\u00e3o da Fam\u00edlia"}, {"desc": "Um notici\u00e1rio din\u00e2mico com conte\u00fado nacional, internacional e presta\u00e7\u00e3o de servi\u00e7o, al\u00e9m de entrevistas que repercutem assuntos atuais.", "start_date": "2026-04-28T22:00:00+00:00", "title": "Di\u00e1rio de Not\u00edcias"}, {"desc": "Uma palavra de reflex\u00e3o, de motiva\u00e7\u00e3o, de exerc\u00edcio da f\u00e9, ministrada nas igrejas Renascer em Cristo.", "start_date": "2026-04-28T23:00:00+00:00", "title": "Culto Dos 318"}], "offset": "+00:00", "timezone": "UTC", "error_code": -1, "start_date": "2026-04-28", "icon": ""}