{"end_date": "2026-09-03", "name": "S\u00e3o Paulo/SP  Futura", "info_url": "https://epg.pw/channels/426052/20260901.html", "country": "Brazil", "description": null, "error_message": "", "provider": "", "source_url": "https://epg.pw/api/epg.json?channel_id=426052&date=20260901&timezone=None", "epg_list": [{"desc": "Nessa temporada, Ronaldo Lemos est\u00e1 em Honduras para conhecer Vitalia, uma cidade pop-up dedicada \u00e0 acelera\u00e7\u00e3o do desenvolvimento de tecnologias de extens\u00e3o da vida.", "start_date": "2026-09-01T00:00:00+00:00", "title": "Expresso Futuro"}, {"desc": "A escola estimula os alunos a criarem roupas com materiais reciclados.", "start_date": "2026-09-01T00:30:00+00:00", "title": "Desafio Nas Escolas"}, {"desc": null, "start_date": "2026-09-01T00:45:00+00:00", "title": "E A\u00ed, Professora?"}, {"desc": "Neste epis\u00f3dio, fala-se do uso de materiais org\u00e2nicos e biomassa. O que \u00e9, como \u00e9 gerada e como utiliz\u00e1-la.", "start_date": "2026-09-01T01:00:00+00:00", "title": "Reconstruindo Nosso Ambiente"}, {"desc": "Sil Bahia e Al\u00ea Sayad conversam com Ci\u00e7a Melo, do Movimento Paratodos, sobre como pessoas com defici\u00eancia usam a educa\u00e7\u00e3o midi\u00e1tica e a tecnologia para vencer preconceitos e conquistar mais espa\u00e7o em.", "start_date": "2026-09-01T01:30:00+00:00", "title": "Assunto Na Mesa"}, {"desc": "A Universidade Federal da Integra\u00e7\u00e3o Latino-Americana fica em Foz de Igua\u00e7u, Paran\u00e1.", "start_date": "2026-09-01T02:00:00+00:00", "title": "Sementes Da Educa\u00e7\u00e3o"}, {"desc": null, "start_date": "2026-09-01T02:30:00+00:00", "title": "Claquete"}, {"desc": null, "start_date": "2026-09-01T03:00:00+00:00", "title": "Adeus, Lenin!"}, {"desc": null, "start_date": "2026-09-01T05:20:00+00:00", "title": "Autores 4\u00aa Temporada"}, {"desc": null, "start_date": "2026-09-01T05:45:00+00:00", "title": "(In)confid\u00eancias"}, {"desc": null, "start_date": "2026-09-01T06:00:00+00:00", "title": "Todo Mundo \u00c9 Filho De Santo"}, {"desc": null, "start_date": "2026-09-01T06:30:00+00:00", "title": "Da Nascente \u00c0 Foz"}, {"desc": null, "start_date": "2026-09-01T07:00:00+00:00", "title": "Da Nascente \u00c0 Foz"}, {"desc": "O turismo comunit\u00e1rio na Amaz\u00f4nia abre novas possibilidades de gera\u00e7\u00e3o de renda para as comunidades do interior da regi\u00e3o. Al\u00e9m disso, promove a conscientiza\u00e7\u00e3o sobre o desenvolvimento sustent\u00e1vel.", "start_date": "2026-09-01T07:30:00+00:00", "title": "Amaz\u00f4nia: Novas Hist\u00f3rias"}, {"desc": null, "start_date": "2026-09-01T07:45:00+00:00", "title": "Sou Carimb\u00f3"}, {"desc": null, "start_date": "2026-09-01T08:15:00+00:00", "title": "Entrevista"}, {"desc": "A linguista, escritora e pesquisadora fala de quando tamb\u00e9m experimentou participa\u00e7\u00f5es diante das c\u00e2meras. E ela comenta sua literatura, reconhecida no Brasil e no mundo.", "start_date": "2026-09-01T08:30:00+00:00", "title": "A(U)tores"}, {"desc": "Quando a COVID-19 pegou o mundo de surpresa e exigiu respostas r\u00e1pidas, a FAPESP lan\u00e7ou editais convocando pesquisadores a estudar o v\u00edrus e propor solu\u00e7\u00f5es de sa\u00fade p\u00fablica.", "start_date": "2026-09-01T08:45:00+00:00", "title": "Ci\u00eancia Para Todos"}, {"desc": "O segundo epis\u00f3dio da s\u00e9rie vai ao Cariri cearense, na Chapada do Araripe, uma das mais ricas regi\u00f5es fossil\u00edferas do mundo, percorrendo diversos s\u00edtios, o laborat\u00f3rio da Universidade Regional (URCA).", "start_date": "2026-09-01T09:00:00+00:00", "title": "Dinos Do Brasil"}, {"desc": null, "start_date": "2026-09-01T09:30:00+00:00", "title": "Brasil Da Paz"}, {"desc": null, "start_date": "2026-09-01T10:00:00+00:00", "title": "O Dia Em Que Me Tornei Mais Forte"}, {"desc": null, "start_date": "2026-09-01T10:05:00+00:00", "title": "Tuiga"}, {"desc": "A turma recebe uma encomenda inusitada \u2014 levar um F\u00f3ssil de dinossauro at\u00e9 o Museu a tempo da Grande Exposi\u00e7\u00e3o. Contudo, um bando de Papagaios Piratas vai fazer de tudo para impedir!", "start_date": "2026-09-01T10:10:00+00:00", "title": "Tuiga"}, {"desc": null, "start_date": "2026-09-01T10:15:00+00:00", "title": "Mytikah"}, {"desc": null, "start_date": "2026-09-01T10:25:00+00:00", "title": "Contos Do I\u00e9ti"}, {"desc": null, "start_date": "2026-09-01T10:30:00+00:00", "title": "Contos Do I\u00e9ti"}, {"desc": "O seu Cururu n\u00e3o sabe mais o que fazer.", "start_date": "2026-09-01T10:40:00+00:00", "title": "Tain\u00e1 E Os Guardi\u00f5es Da Amaz\u00f4nia"}, {"desc": null, "start_date": "2026-09-01T10:50:00+00:00", "title": "Mytikah"}, {"desc": "Dois instrutores de astronomia conversam sobre o universo com as crian\u00e7as, que discutem uma estranha possibilidade.", "start_date": "2026-09-01T11:00:00+00:00", "title": "O Mundo Que Sei"}, {"desc": "Tuca faz o bolo mais bonito que j\u00e1 fez! Fica uma verdadeira obra de arte e ele decide manter o bolo fora do alcance de todos. Afinal, arte \u00e9 para ser vista, n\u00e3o comida.", "start_date": "2026-09-01T11:15:00+00:00", "title": "Tuca, O Mestre Cuca"}, {"desc": null, "start_date": "2026-09-01T11:25:00+00:00", "title": "Tuca, O Mestre Cuca."}, {"desc": "Camilo \u00e9 o l\u00edder da galera, joga basquete muito bem e sabe fazer boas piadas. Ele s\u00f3 faz o m\u00ednimo necess\u00e1rio para a escola e se acha bom o suficiente - at\u00e9 que ele descobre que vai repetir de ano.", "start_date": "2026-09-01T11:30:00+00:00", "title": "O Dia Em Que Me Tornei Mais Forte"}, {"desc": "Depois de dois raios atingirem a caverna, Petra e J\u00falia conhecem Carmen Sorte, uma criatura muito simp\u00e1tica e diferente de todas que elas j\u00e1 viram\u2026mas espera, a Carmen Sorte \u00e9 muito azarada!", "start_date": "2026-09-01T11:35:00+00:00", "title": "A Caverna De Petra"}, {"desc": null, "start_date": "2026-09-01T11:45:00+00:00", "title": "Queimamufa"}, {"desc": null, "start_date": "2026-09-01T12:00:00+00:00", "title": "Mytikah"}, {"desc": null, "start_date": "2026-09-01T12:10:00+00:00", "title": "Pipo E Fifi"}, {"desc": null, "start_date": "2026-09-01T12:15:00+00:00", "title": "Tuiga"}, {"desc": "Em frente a uma grande antena de r\u00e1dio telesc\u00f3pio, a caixa de correio aparece muito doente. Sem saber o que fazer, Tuiga pede ajuda ao operador do telesc\u00f3pio, um macaco cientista.", "start_date": "2026-09-01T12:20:00+00:00", "title": "Tuiga"}, {"desc": "O matem\u00e1gico Eric prova que tamanho e peso s\u00e3o medidas bem diferentes; mostra um truque de c\u00e1lculo desenhando blocos em um calend\u00e1rio; e ensina a ler mapas com linhas de grade para achar um tesouro.", "start_date": "2026-09-01T12:30:00+00:00", "title": "Matem\u00e1gica"}, {"desc": null, "start_date": "2026-09-01T12:45:00+00:00", "title": "Quintal Tv"}, {"desc": null, "start_date": "2026-09-01T13:00:00+00:00", "title": "Canal Da Quebrada"}, {"desc": null, "start_date": "2026-09-01T13:30:00+00:00", "title": "Manual De Sobreviv\u00eancia Para O S\u00e9culo X X I"}, {"desc": null, "start_date": "2026-09-01T14:00:00+00:00", "title": "Sou Carimb\u00f3"}, {"desc": null, "start_date": "2026-09-01T14:30:00+00:00", "title": "Da Nascente \u00c0 Foz"}, {"desc": null, "start_date": "2026-09-01T15:00:00+00:00", "title": "Cidades E Solu\u00e7\u00f5es"}, {"desc": null, "start_date": "2026-09-01T15:30:00+00:00", "title": "Conex\u00e3o"}, {"desc": "Nessa temporada, Ronaldo Lemos est\u00e1 em Honduras para conhecer Vitalia, uma cidade pop-up dedicada \u00e0 acelera\u00e7\u00e3o do desenvolvimento de tecnologias de extens\u00e3o da vida.", "start_date": "2026-09-01T16:00:00+00:00", "title": "Expresso Futuro"}, {"desc": "A escola estimula os alunos a criarem roupas com materiais reciclados.", "start_date": "2026-09-01T16:30:00+00:00", "title": "Desafio Nas Escolas"}, {"desc": null, "start_date": "2026-09-01T16:45:00+00:00", "title": "E A\u00ed, Professora?"}, {"desc": "Neste epis\u00f3dio, fala-se do uso de materiais org\u00e2nicos e biomassa. O que \u00e9, como \u00e9 gerada e como utiliz\u00e1-la.", "start_date": "2026-09-01T17:00:00+00:00", "title": "Reconstruindo Nosso Ambiente"}, {"desc": "Sil Bahia e Al\u00ea Sayad conversam com Ci\u00e7a Melo, do Movimento Paratodos, sobre como pessoas com defici\u00eancia usam a educa\u00e7\u00e3o midi\u00e1tica e a tecnologia para vencer preconceitos e conquistar mais espa\u00e7o em.", "start_date": "2026-09-01T17:30:00+00:00", "title": "Assunto Na Mesa"}, {"desc": null, "start_date": "2026-09-01T18:00:00+00:00", "title": "A \u00daltima Categoria"}, {"desc": null, "start_date": "2026-09-01T18:15:00+00:00", "title": "O \u00daltimo Marujo"}, {"desc": null, "start_date": "2026-09-01T18:30:00+00:00", "title": "Autores 4\u00aa Temporada"}, {"desc": null, "start_date": "2026-09-01T19:00:00+00:00", "title": "Da Nascente \u00c0 Foz"}, {"desc": null, "start_date": "2026-09-01T19:30:00+00:00", "title": "Sou Carimb\u00f3"}, {"desc": "O turismo comunit\u00e1rio na Amaz\u00f4nia abre novas possibilidades de gera\u00e7\u00e3o de renda para as comunidades do interior da regi\u00e3o. Al\u00e9m disso, promove a conscientiza\u00e7\u00e3o sobre o desenvolvimento sustent\u00e1vel.", "start_date": "2026-09-01T20:00:00+00:00", "title": "Amaz\u00f4nia: Novas Hist\u00f3rias"}, {"desc": null, "start_date": "2026-09-01T20:15:00+00:00", "title": "Janela Amaz\u00f4nia Vox"}, {"desc": "Em Bragan\u00e7a, o caranguejo \u00e9 um dos ingredientes mais apreciados. Nos manguezais, Thiago conhece a extra\u00e7\u00e3o e a import\u00e2ncia dessa esp\u00e9cie na economia e nos ecossistemas da regi\u00e3o.", "start_date": "2026-09-01T20:30:00+00:00", "title": "Sabores Da Floresta"}, {"desc": null, "start_date": "2026-09-01T21:00:00+00:00", "title": "Da Nascente \u00c0 Foz"}, {"desc": "Do sabor ex\u00f3tico do mandacaru \u00e0 cacha\u00e7a feita com frutas do bioma, o Semi\u00e1rido transforma-se em um prato sofisticado.", "start_date": "2026-09-01T21:30:00+00:00", "title": "Natureza Forte"}, {"desc": null, "start_date": "2026-09-01T22:00:00+00:00", "title": "Amaz\u00f4nia: Novas Hist\u00f3rias"}, {"desc": null, "start_date": "2026-09-01T22:15:00+00:00", "title": "Som E Prosa"}, {"desc": null, "start_date": "2026-09-01T22:40:00+00:00", "title": "Ca\u00e7a Joia"}, {"desc": null, "start_date": "2026-09-01T23:30:00+00:00", "title": "Tem Clima Pra Isso?"}, {"desc": null, "start_date": "2026-09-02T00:00:00+00:00", "title": "Negros Em Foco"}, {"desc": null, "start_date": "2026-09-02T00:30:00+00:00", "title": "Todo Mundo \u00c9 Filho De Santo"}, {"desc": null, "start_date": "2026-09-02T01:00:00+00:00", "title": "Canal Da Quebrada"}, {"desc": null, "start_date": "2026-09-02T01:30:00+00:00", "title": "\u00c0gb\u00e1ra D\u00fad\u00fa 2\u00aa Temporada"}, {"desc": "Hist\u00f3ria da primeira d\u00e9cada do Ballet Parais\u00f3polis, contada por meio de sua fundadora, a core\u00f3grafa, bailarina e professora M\u00f4nica Tarrag\u00f3.", "start_date": "2026-09-02T02:00:00+00:00", "title": "Passo a Passo"}, {"desc": null, "start_date": "2026-09-02T03:00:00+00:00", "title": "Mutir\u00e3o Sa\u00fade"}, {"desc": "A extra\u00e7\u00e3o de produtos das florestas, como castanhas, geram riqueza de maneira sustent\u00e1vel e promovem a cultura brasileira.", "start_date": "2026-09-02T03:30:00+00:00", "title": "Inspira Fundo"}, {"desc": null, "start_date": "2026-09-02T03:45:00+00:00", "title": "Conex\u00e3o"}, {"desc": null, "start_date": "2026-09-02T04:15:00+00:00", "title": "Claquete"}, {"desc": "Como garantir uma pr\u00e1tica religiosa livre, saud\u00e1vel e respeitosa para as crian\u00e7as? O doutor em filosofia Renato Noguera analisa esse direito previsto no Estatuto da Crian\u00e7a e do Adolescente.", "start_date": "2026-09-02T04:45:00+00:00", "title": "Entrevista"}, {"desc": null, "start_date": "2026-09-02T05:00:00+00:00", "title": "A \u00daltima Categoria"}, {"desc": null, "start_date": "2026-09-02T05:15:00+00:00", "title": "O \u00daltimo Marujo"}, {"desc": null, "start_date": "2026-09-02T05:30:00+00:00", "title": "Futurando"}, {"desc": "Nessa temporada, Ronaldo Lemos est\u00e1 em Honduras para conhecer Vitalia, uma cidade pop-up dedicada \u00e0 acelera\u00e7\u00e3o do desenvolvimento de tecnologias de extens\u00e3o da vida.", "start_date": "2026-09-02T06:00:00+00:00", "title": "Expresso Futuro"}, {"desc": null, "start_date": "2026-09-02T06:30:00+00:00", "title": "Identidade Brasil"}, {"desc": null, "start_date": "2026-09-02T07:00:00+00:00", "title": "Da Nascente \u00c0 Foz"}, {"desc": null, "start_date": "2026-09-02T07:30:00+00:00", "title": "Amaz\u00f4nia: Novas Hist\u00f3rias"}, {"desc": null, "start_date": "2026-09-02T07:45:00+00:00", "title": "Sou Carimb\u00f3"}, {"desc": null, "start_date": "2026-09-02T08:15:00+00:00", "title": "Entrevista"}, {"desc": "\u00cdcone da TV, do Teatro e do Cinema brasileiro apresenta sua paix\u00e3o por livros. Autor de \"Tem um Livro Aqui que Voc\u00ea Vai Gostar\", Fagundes aborda o poder da imagina\u00e7\u00e3o para quem l\u00ea.", "start_date": "2026-09-02T08:30:00+00:00", "title": "A(U)tores"}, {"desc": null, "start_date": "2026-09-02T08:35:00+00:00", "title": "Bicos"}, {"desc": "Biof\u00e1rmacos s\u00e3o medicamentos feitos com subst\u00e2ncias biol\u00f3gicas, como prote\u00ednas e anticorpos. A UNESP abrigar\u00e1 uma f\u00e1brica desses produtos que ser\u00e1 fundamental para o nosso pa\u00eds.", "start_date": "2026-09-02T08:45:00+00:00", "title": "Ci\u00eancia Para Todos"}, {"desc": "Do sabor ex\u00f3tico do mandacaru \u00e0 cacha\u00e7a feita com frutas do bioma, o Semi\u00e1rido transforma-se em um prato sofisticado.", "start_date": "2026-09-02T09:00:00+00:00", "title": "Natureza Forte"}, {"desc": "Na segunda temporada, Thiago Castanho vai em busca de mais 13 ingredientes cheios de personalidade e hist\u00f3ria na culin\u00e1ria da regi\u00e3o Amaz\u00f4nica.", "start_date": "2026-09-02T09:30:00+00:00", "title": "Sabores Da Floresta"}, {"desc": null, "start_date": "2026-09-02T10:00:00+00:00", "title": "O Dia Em Que Me Tornei Mais Forte"}, {"desc": null, "start_date": "2026-09-02T10:05:00+00:00", "title": "Tuiga"}, {"desc": "Em frente a uma grande antena de r\u00e1dio telesc\u00f3pio, a caixa de correio aparece muito doente. Sem saber o que fazer, Tuiga pede ajuda ao operador do telesc\u00f3pio, um macaco cientista.", "start_date": "2026-09-02T10:10:00+00:00", "title": "Tuiga"}, {"desc": null, "start_date": "2026-09-02T10:15:00+00:00", "title": "Mytikah"}, {"desc": null, "start_date": "2026-09-02T10:25:00+00:00", "title": "Contos Do I\u00e9ti"}, {"desc": null, "start_date": "2026-09-02T10:30:00+00:00", "title": "Contos Do I\u00e9ti"}, {"desc": "A Preguicinha n\u00e3o consegue dormir. Ela s\u00f3 quer saber de fazer bagun\u00e7a e brincar. Seus pais, o Senhor Pregui\u00e7a e a Dona Pregui\u00e7a, n\u00e3o conseguem descansar.", "start_date": "2026-09-02T10:40:00+00:00", "title": "Tain\u00e1 E Os Guardi\u00f5es Da Amaz\u00f4nia"}, {"desc": null, "start_date": "2026-09-02T10:50:00+00:00", "title": "Mytikah"}, {"desc": null, "start_date": "2026-09-02T11:00:00+00:00", "title": "Comer, Beber E Aprender"}, {"desc": "Com pepino em conserva, Tuca prepara um sandu\u00edche que inspira Isa a ser ainda melhor nos esportes.", "start_date": "2026-09-02T11:15:00+00:00", "title": "Tuca, O Mestre Cuca"}, {"desc": null, "start_date": "2026-09-02T11:25:00+00:00", "title": "Tuca, O Mestre Cuca."}, {"desc": "Mar\u00eda vai se apresentar em p\u00fablico pela primeira vez na vida. Ela come\u00e7a a cantar, mas no meio da m\u00fasica, esquece a letra. Como ela pode superar este momento horr\u00edvel e se lembrar da letra?", "start_date": "2026-09-02T11:30:00+00:00", "title": "O Dia Em Que Me Tornei Mais Forte"}, {"desc": "No LAB DE CHEF ci\u00eancia e gastronomia v\u00e3o se misturar em deliciosas receitas e surpreendentes experimentos feitos por Maya e Tom, com a ajuda do rob\u00f4 mestre-cuca temperamental.", "start_date": "2026-09-02T11:35:00+00:00", "title": "Lab De Chef"}, {"desc": null, "start_date": "2026-09-02T12:00:00+00:00", "title": "Mytikah"}, {"desc": null, "start_date": "2026-09-02T12:10:00+00:00", "title": "Pipo E Fifi"}, {"desc": null, "start_date": "2026-09-02T12:15:00+00:00", "title": "Tuiga"}, {"desc": "No fundo do mar, Canjica conhece Pap, um peixe papagaio muito cantante.", "start_date": "2026-09-02T12:20:00+00:00", "title": "Tuiga"}, {"desc": "Olivia tenta fazer as pazes com Hannah depois do incidente na festa de Jazzie, mas Hannah acha dif\u00edcil perdoar sua amiga. O Grupo do Orgulho come\u00e7a a atrair membros e Billy mostra interesse em Hannah.", "start_date": "2026-09-02T12:30:00+00:00", "title": "Primeiro Dia"}, {"desc": "O segundo epis\u00f3dio da s\u00e9rie vai ao Cariri cearense, na Chapada do Araripe, uma das mais ricas regi\u00f5es fossil\u00edferas do mundo, percorrendo diversos s\u00edtios, o laborat\u00f3rio da Universidade Regional (URCA).", "start_date": "2026-09-02T13:00:00+00:00", "title": "Dinos Do Brasil"}, {"desc": "Seja o prato vegano ou n\u00e3o, d\u00e1 para ter uma alimenta\u00e7\u00e3o saud\u00e1vel, com baixo impacto ambiental e que cabe no bolso. Na Rocinha, os extremos de uma alimenta\u00e7\u00e3o ruim est\u00e3o presentes no dia a dia.", "start_date": "2026-09-02T13:30:00+00:00", "title": "Eco Brasil"}, {"desc": null, "start_date": "2026-09-02T14:00:00+00:00", "title": "Sou Carimb\u00f3"}, {"desc": null, "start_date": "2026-09-02T14:30:00+00:00", "title": "Da Nascente \u00c0 Foz"}, {"desc": null, "start_date": "2026-09-02T15:00:00+00:00", "title": "Deu Bola"}, {"desc": null, "start_date": "2026-09-02T15:30:00+00:00", "title": "Planeta Menos Um Lixo"}, {"desc": "O artesanato \u00e9 fonte de renda para milh\u00f5es de fam\u00edlias, mas a dificuldade de acesso a maiores mercados e preconceitos limitam o alcance dessa cultura.", "start_date": "2026-09-02T15:45:00+00:00", "title": "Inspira Fundo"}, {"desc": null, "start_date": "2026-09-02T16:00:00+00:00", "title": "Brasil Da Paz"}, {"desc": null, "start_date": "2026-09-02T16:30:00+00:00", "title": "Bicos"}, {"desc": null, "start_date": "2026-09-02T16:40:00+00:00", "title": "Meu Olhar"}, {"desc": null, "start_date": "2026-09-02T16:45:00+00:00", "title": "Giro Universidades"}, {"desc": null, "start_date": "2026-09-02T17:00:00+00:00", "title": "\u00c0gb\u00e1ra D\u00fad\u00fa 2\u00aa Temporada"}, {"desc": null, "start_date": "2026-09-02T17:30:00+00:00", "title": "Negros Em Foco"}, {"desc": null, "start_date": "2026-09-02T18:00:00+00:00", "title": "Todo Mundo \u00c9 Filho De Santo"}, {"desc": null, "start_date": "2026-09-02T18:30:00+00:00", "title": "Canal Da Quebrada"}, {"desc": null, "start_date": "2026-09-02T19:00:00+00:00", "title": "Da Nascente \u00c0 Foz"}, {"desc": null, "start_date": "2026-09-02T19:30:00+00:00", "title": "Sou Palha\u00e7o"}, {"desc": null, "start_date": "2026-09-02T20:00:00+00:00", "title": "Amaz\u00f4nia: Novas Hist\u00f3rias"}, {"desc": null, "start_date": "2026-09-02T20:15:00+00:00", "title": "(In)confid\u00eancias"}, {"desc": "O arquip\u00e9lago do Maraj\u00f3 possui um queijo fresco vindo do leite de b\u00fafala. O chef Thiago Castanho viaja at\u00e9 l\u00e1 para ver esta produ\u00e7\u00e3o que acontece h\u00e1 mais de 200 anos.", "start_date": "2026-09-02T20:30:00+00:00", "title": "Sabores Da Floresta"}, {"desc": "Nessa temporada, Ronaldo Lemos est\u00e1 em Honduras para conhecer Vitalia, uma cidade pop-up dedicada \u00e0 acelera\u00e7\u00e3o do desenvolvimento de tecnologias de extens\u00e3o da vida.", "start_date": "2026-09-02T21:00:00+00:00", "title": "Expresso Futuro"}, {"desc": "A Universidade Federal da Integra\u00e7\u00e3o Latino-Americana fica em Foz de Igua\u00e7u, Paran\u00e1.", "start_date": "2026-09-02T21:30:00+00:00", "title": "Sementes Da Educa\u00e7\u00e3o"}, {"desc": null, "start_date": "2026-09-02T22:00:00+00:00", "title": "Amaz\u00f4nia: Novas Hist\u00f3rias"}, {"desc": null, "start_date": "2026-09-02T22:15:00+00:00", "title": "E A\u00ed, Professora?"}, {"desc": null, "start_date": "2026-09-02T22:30:00+00:00", "title": "Identidade Brasil"}, {"desc": "Sil Bahia e Al\u00ea Sayad conversam com Ci\u00e7a Melo, do Movimento Paratodos, sobre como pessoas com defici\u00eancia usam a educa\u00e7\u00e3o midi\u00e1tica e a tecnologia para vencer preconceitos e conquistar mais espa\u00e7o em.", "start_date": "2026-09-02T23:00:00+00:00", "title": "Assunto Na Mesa"}, {"desc": "Mulamb\u00f6 explora desde a pintura, cria\u00e7\u00e3o de bandeiras e objetos at\u00e9 a internet como plataforma de trabalho e, assim, faz arte para afirmar que n\u00e3o tem museu no mundo como a casa da nossa V\u00f3.", "start_date": "2026-09-02T23:30:00+00:00", "title": "Territ\u00f3rios"}, {"desc": null, "start_date": "2026-09-02T23:45:00+00:00", "title": "Janela Amaz\u00f4nia Vox"}, {"desc": null, "start_date": "2026-09-03T00:00:00+00:00", "title": "Manual De Sobreviv\u00eancia Para O S\u00e9culo X X I"}], "offset": "+00:00", "timezone": "UTC", "error_code": -1, "start_date": "2026-09-01", "icon": ""}