{"end_date": "2026-09-07", "name": "S\u00e3o Paulo/SP  Futura", "info_url": "https://epg.pw/channels/426052/20260905.html", "country": "Brazil", "description": null, "error_message": "", "provider": "", "source_url": "https://epg.pw/api/epg.json?channel_id=426052&date=20260905&timezone=None", "epg_list": [{"desc": null, "start_date": "2026-09-05T00:00:00+00:00", "title": "Ca\u00e7a Joia"}, {"desc": null, "start_date": "2026-09-05T01:00:00+00:00", "title": "Natureza Forte"}, {"desc": null, "start_date": "2026-09-05T01:30:00+00:00", "title": "Autores 4\u00aa Temporada"}, {"desc": null, "start_date": "2026-09-05T02:00:00+00:00", "title": "Claquete"}, {"desc": null, "start_date": "2026-09-05T02:30:00+00:00", "title": "Curtas"}, {"desc": null, "start_date": "2026-09-05T03:00:00+00:00", "title": "Todo Mundo \u00c9 Filho De Santo"}, {"desc": null, "start_date": "2026-09-05T03:30:00+00:00", "title": "Diz A\u00ed"}, {"desc": null, "start_date": "2026-09-05T03:45:00+00:00", "title": "Canal Da Quebrada"}, {"desc": "A escola estimula os alunos a criarem roupas com materiais reciclados.", "start_date": "2026-09-05T04:15:00+00:00", "title": "Desafio Nas Escolas"}, {"desc": null, "start_date": "2026-09-05T04:30:00+00:00", "title": "Giro Universidades"}, {"desc": "C\u00e1ssia Bittens, mestra em Literatura e criadora de um projeto de leitura para beb\u00eas, explica por que \u00e9 importante ler para eles e proporcionar o contato com livros desde a primeir\u00edssima inf\u00e2ncia.", "start_date": "2026-09-05T04:45:00+00:00", "title": "Entrevista"}, {"desc": null, "start_date": "2026-09-05T05:00:00+00:00", "title": "Janela Amaz\u00f4nia Vox"}, {"desc": null, "start_date": "2026-09-05T05:15:00+00:00", "title": "Hora De Agir"}, {"desc": null, "start_date": "2026-09-05T05:40:00+00:00", "title": "Planeta Menos Um Lixo"}, {"desc": "Assunto na Mesa conta com uma dupla de mulheres conectadas com a inova\u00e7\u00e3o: Nina da Hora e Gi Santos v\u00e3o receber convidados em conversas cheias de informa\u00e7\u00e3o sobre a rela\u00e7\u00e3o da Intelig\u00eancia Artificial.", "start_date": "2026-09-05T06:00:00+00:00", "title": "Assunto Na Mesa"}, {"desc": null, "start_date": "2026-09-05T06:30:00+00:00", "title": "Claquete"}, {"desc": null, "start_date": "2026-09-05T07:00:00+00:00", "title": "Da Nascente \u00c0 Foz"}, {"desc": "Neste epis\u00f3dio, destacamos as Unidades de Conserva\u00e7\u00e3o do Amazonas, fundamentais para proteger a biodiversidade e recursos h\u00eddricos.", "start_date": "2026-09-05T07:30:00+00:00", "title": "Amaz\u00f4nia: Novas Hist\u00f3rias"}, {"desc": null, "start_date": "2026-09-05T07:45:00+00:00", "title": "Sou Palha\u00e7o"}, {"desc": null, "start_date": "2026-09-05T08:15:00+00:00", "title": "Entrevista"}, {"desc": "Atriz, escritora e ilustradora, recentemente abriu uma editora para livros artesanais criados e assinados por ela ou por pseud\u00f4nimos que inventa. Um mergulho em suas refer\u00eancias.", "start_date": "2026-09-05T08:30:00+00:00", "title": "A(U)tores"}, {"desc": "Hebet da Silva \u00e9 apresentado neste epis\u00f3dio, conciliando seu trabalho administrativo com fun\u00e7\u00f5es de motorista de aplicativo e venda de cosm\u00e9ticos.", "start_date": "2026-09-05T08:35:00+00:00", "title": "Bicos"}, {"desc": "Servi\u00e7os ecossist\u00eamicos s\u00e3o benef\u00edcios que obtemos da natureza, como alimentos e \u00e1gua. A perda de biodiversidade compromete a oferta desses servi\u00e7os e amea\u00e7a nossa exist\u00eancia.", "start_date": "2026-09-05T08:45:00+00:00", "title": "Ci\u00eancia Para Todos"}, {"desc": null, "start_date": "2026-09-05T09:00:00+00:00", "title": "Deu Bola"}, {"desc": "Sil Bahia e Al\u00ea Sayad conversam com Ci\u00e7a Melo, do Movimento Paratodos, sobre como pessoas com defici\u00eancia usam a educa\u00e7\u00e3o midi\u00e1tica e a tecnologia para vencer preconceitos e conquistar mais espa\u00e7o em.", "start_date": "2026-09-05T09:30:00+00:00", "title": "Assunto Na Mesa"}, {"desc": "O seu Cururu n\u00e3o sabe mais o que fazer.", "start_date": "2026-09-05T10:00:00+00:00", "title": "Tain\u00e1 E Os Guardi\u00f5es Da Amaz\u00f4nia"}, {"desc": "Tain\u00e1 e sua turma precisam salvar tr\u00eas filhotes de tartarugas da Amaz\u00f4nia que est\u00e3o sendo levados pela correnteza do rio at\u00e9 uma cachoeira.", "start_date": "2026-09-05T10:10:00+00:00", "title": "Tain\u00e1 E Os Guardi\u00f5es Da Amaz\u00f4nia"}, {"desc": "Dois instrutores de astronomia conversam sobre o universo com as crian\u00e7as, que discutem uma estranha possibilidade.", "start_date": "2026-09-05T10:20:00+00:00", "title": "O Mundo Que Sei"}, {"desc": "Tuca faz o bolo mais bonito que j\u00e1 fez! Fica uma verdadeira obra de arte e ele decide manter o bolo fora do alcance de todos. Afinal, arte \u00e9 para ser vista, n\u00e3o comida.", "start_date": "2026-09-05T10:35:00+00:00", "title": "Tuca, O Mestre Cuca"}, {"desc": null, "start_date": "2026-09-05T10:45:00+00:00", "title": "Contos Do I\u00e9ti"}, {"desc": null, "start_date": "2026-09-05T10:50:00+00:00", "title": "Contos Do I\u00e9ti"}, {"desc": "Tuiga e sua fam\u00edlia precisam fazer uma entrega para um Panda, o que deixa todo mundo esperan\u00e7oso por ganhar um abra\u00e7o de um animal t\u00e3o fofo.", "start_date": "2026-09-05T10:55:00+00:00", "title": "Tuiga"}, {"desc": "Olivia tenta fazer as pazes com Hannah depois do incidente na festa de Jazzie, mas Hannah acha dif\u00edcil perdoar sua amiga. O Grupo do Orgulho come\u00e7a a atrair membros e Billy mostra interesse em Hannah.", "start_date": "2026-09-05T11:10:00+00:00", "title": "Primeiro Dia"}, {"desc": "O matem\u00e1gico Eric desvenda o mist\u00e9rio das pipas; mostra uma ilus\u00e3o que faz uma linha reta parecer uma linha curva; e mostra como padr\u00f5es matem\u00e1ticos s\u00e3o usados na dan\u00e7a, na arte e na arquitetura.", "start_date": "2026-09-05T11:35:00+00:00", "title": "Matem\u00e1gica"}, {"desc": null, "start_date": "2026-09-05T11:45:00+00:00", "title": "Comer, Beber E Aprender"}, {"desc": null, "start_date": "2026-09-05T12:00:00+00:00", "title": "Queimamufa"}, {"desc": null, "start_date": "2026-09-05T12:15:00+00:00", "title": "Quintal Tv"}, {"desc": "No LAB DE CHEF ci\u00eancia e gastronomia v\u00e3o se misturar em deliciosas receitas e surpreendentes experimentos feitos por Maya e Tom, com a ajuda do rob\u00f4 mestre-cuca temperamental.", "start_date": "2026-09-05T12:30:00+00:00", "title": "Lab De Chef"}, {"desc": null, "start_date": "2026-09-05T13:00:00+00:00", "title": "Mutir\u00e3o Sa\u00fade"}, {"desc": "Na segunda temporada, Thiago Castanho vai em busca de mais 13 ingredientes cheios de personalidade e hist\u00f3ria na culin\u00e1ria da regi\u00e3o Amaz\u00f4nica.", "start_date": "2026-09-05T13:30:00+00:00", "title": "Sabores Da Floresta"}, {"desc": null, "start_date": "2026-09-05T14:00:00+00:00", "title": "Negros Em Foco"}, {"desc": null, "start_date": "2026-09-05T14:30:00+00:00", "title": "Janela Amaz\u00f4nia Vox"}, {"desc": null, "start_date": "2026-09-05T14:45:00+00:00", "title": "Giro Universidades"}, {"desc": null, "start_date": "2026-09-05T15:00:00+00:00", "title": "Autores 4\u00aa Temporada"}, {"desc": null, "start_date": "2026-09-05T15:30:00+00:00", "title": "Manual De Sobreviv\u00eancia Para O S\u00e9culo X X I"}, {"desc": null, "start_date": "2026-09-05T16:00:00+00:00", "title": "Da Nascente \u00c0 Foz"}, {"desc": "Como educar entre mitos e fatos? Usar os recursos, mas tamb\u00e9m reflorestar? Em uma visita aos Karipunas, em conversa com Daniel Munduruku e Michelyne Verunschk apresentaremos um leque de.", "start_date": "2026-09-05T16:30:00+00:00", "title": "Eco Brasil"}, {"desc": null, "start_date": "2026-09-05T17:00:00+00:00", "title": "E A\u00ed, Professora?"}, {"desc": "A escola estimula os alunos a criarem roupas com materiais reciclados.", "start_date": "2026-09-05T17:15:00+00:00", "title": "Desafio Nas Escolas"}, {"desc": null, "start_date": "2026-09-05T17:30:00+00:00", "title": "Futurando"}, {"desc": null, "start_date": "2026-09-05T18:00:00+00:00", "title": "Tem Clima Pra Isso?"}, {"desc": null, "start_date": "2026-09-05T18:30:00+00:00", "title": "Brasil Da Paz"}, {"desc": null, "start_date": "2026-09-05T19:00:00+00:00", "title": "Canal Da Quebrada"}, {"desc": null, "start_date": "2026-09-05T19:30:00+00:00", "title": "Ca\u00e7a Joia"}, {"desc": null, "start_date": "2026-09-05T20:30:00+00:00", "title": "Todo Mundo \u00c9 Filho De Santo"}, {"desc": null, "start_date": "2026-09-05T21:00:00+00:00", "title": "Curtas"}, {"desc": null, "start_date": "2026-09-05T21:30:00+00:00", "title": "\u00c0gb\u00e1ra D\u00fad\u00fa 2\u00aa Temporada"}, {"desc": null, "start_date": "2026-09-05T22:00:00+00:00", "title": "Conex\u00e3o"}, {"desc": "Sil Bahia e Al\u00ea Sayad conversam com Ci\u00e7a Melo, do Movimento Paratodos, sobre como pessoas com defici\u00eancia usam a educa\u00e7\u00e3o midi\u00e1tica e a tecnologia para vencer preconceitos e conquistar mais espa\u00e7o em.", "start_date": "2026-09-05T22:30:00+00:00", "title": "Assunto Na Mesa"}, {"desc": null, "start_date": "2026-09-05T23:00:00+00:00", "title": "Pcdpod"}, {"desc": null, "start_date": "2026-09-06T00:00:00+00:00", "title": "Krenak"}, {"desc": null, "start_date": "2026-09-06T01:15:00+00:00", "title": "Adeus, Lenin!"}, {"desc": null, "start_date": "2026-09-06T03:35:00+00:00", "title": "Claquete"}, {"desc": null, "start_date": "2026-09-06T04:10:00+00:00", "title": "Tem Clima Pra Isso?"}, {"desc": "Como educar entre mitos e fatos? Usar os recursos, mas tamb\u00e9m reflorestar? Em uma visita aos Karipunas, em conversa com Daniel Munduruku e Michelyne Verunschk apresentaremos um leque de.", "start_date": "2026-09-06T04:35:00+00:00", "title": "Eco Brasil"}, {"desc": null, "start_date": "2026-09-06T05:00:00+00:00", "title": "Manual De Sobreviv\u00eancia Para O S\u00e9culo X X I"}, {"desc": null, "start_date": "2026-09-06T05:30:00+00:00", "title": "Deu Bola"}, {"desc": null, "start_date": "2026-09-06T06:00:00+00:00", "title": "\u00c0gb\u00e1ra D\u00fad\u00fa 2\u00aa Temporada"}, {"desc": "O segundo epis\u00f3dio da s\u00e9rie vai ao Cariri cearense, na Chapada do Araripe, uma das mais ricas regi\u00f5es fossil\u00edferas do mundo, percorrendo diversos s\u00edtios, o laborat\u00f3rio da Universidade Regional (URCA).", "start_date": "2026-09-06T06:30:00+00:00", "title": "Dinos Do Brasil"}, {"desc": "Neste epis\u00f3dio, fala-se do uso de materiais org\u00e2nicos e biomassa. O que \u00e9, como \u00e9 gerada e como utiliz\u00e1-la.", "start_date": "2026-09-06T07:00:00+00:00", "title": "Reconstruindo Nosso Ambiente"}, {"desc": null, "start_date": "2026-09-06T07:30:00+00:00", "title": "Giro Universidades"}, {"desc": null, "start_date": "2026-09-06T07:45:00+00:00", "title": "Pcdpod"}, {"desc": "O programa apresenta entrevistas com autores da literatura brasileira, ib\u00e9rica e latino-americana realizadas a partir do estudo de suas obras.", "start_date": "2026-09-06T08:45:00+00:00", "title": "(In)confid\u00eancias"}, {"desc": null, "start_date": "2026-09-06T09:00:00+00:00", "title": "Planeta Menos Um Lixo"}, {"desc": null, "start_date": "2026-09-06T09:15:00+00:00", "title": "Som E Prosa"}, {"desc": null, "start_date": "2026-09-06T09:40:00+00:00", "title": "E A\u00ed, Professora?"}, {"desc": "A escola estimula os alunos a criarem roupas com materiais reciclados.", "start_date": "2026-09-06T09:50:00+00:00", "title": "Desafio Nas Escolas"}, {"desc": null, "start_date": "2026-09-06T10:00:00+00:00", "title": "Comer, Beber E Aprender"}, {"desc": "O matem\u00e1gico Eric prova que tamanho e peso s\u00e3o medidas bem diferentes; mostra um truque de c\u00e1lculo desenhando blocos em um calend\u00e1rio; e ensina a ler mapas com linhas de grade para achar um tesouro.", "start_date": "2026-09-06T10:15:00+00:00", "title": "Matem\u00e1gica"}, {"desc": "O matem\u00e1gico Eric desvenda o mist\u00e9rio das pipas; mostra uma ilus\u00e3o que faz uma linha reta parecer uma linha curva; e mostra como padr\u00f5es matem\u00e1ticos s\u00e3o usados na dan\u00e7a, na arte e na arquitetura.", "start_date": "2026-09-06T10:25:00+00:00", "title": "Matem\u00e1gica"}, {"desc": null, "start_date": "2026-09-06T10:35:00+00:00", "title": "Queimamufa"}, {"desc": null, "start_date": "2026-09-06T10:50:00+00:00", "title": "Mytikah"}, {"desc": null, "start_date": "2026-09-06T10:55:00+00:00", "title": "Contos Do I\u00e9ti"}, {"desc": null, "start_date": "2026-09-06T11:00:00+00:00", "title": "Contos Do I\u00e9ti"}, {"desc": "Tuca e Pri est\u00e3o empolgados com a viagem \u00e0 praia. Tuca at\u00e9 fez um quindim! Por\u00e9m, o pai de Tuca e Pri fica atarefado demais e se esquece da viagem.", "start_date": "2026-09-06T11:05:00+00:00", "title": "Tuca, O Mestre Cuca"}, {"desc": null, "start_date": "2026-09-06T11:15:00+00:00", "title": "Tuca, O Mestre Cuca."}, {"desc": "Desta vez, quem precisa de ajuda \u00e9 Beto, um jovem boto-cor-de-rosa. Ele resolveu enfrentar, antes da idade, a Pororoca: o dram\u00e1tico e perigoso encontro do rio com o mar.", "start_date": "2026-09-06T11:25:00+00:00", "title": "Tain\u00e1 E Os Guardi\u00f5es Da Amaz\u00f4nia"}, {"desc": "No LAB DE CHEF ci\u00eancia e gastronomia v\u00e3o se misturar em deliciosas receitas e surpreendentes experimentos feitos por Maya e Tom, com a ajuda do rob\u00f4 mestre-cuca temperamental.", "start_date": "2026-09-06T11:35:00+00:00", "title": "Lab De Chef"}, {"desc": "A Brux Bruxa \u00e9 uma bruxa muito famosa no mundo m\u00e1gico pois \u00e9 ela quem traz o inverno que faz todas as folhinhas de todas as plantas ca\u00edrem\u2026para salvar sua plantinha preferida, Petra tenta parar o.", "start_date": "2026-09-06T12:00:00+00:00", "title": "A Caverna De Petra"}, {"desc": "Olivia tenta fazer as pazes com Hannah depois do incidente na festa de Jazzie, mas Hannah acha dif\u00edcil perdoar sua amiga. O Grupo do Orgulho come\u00e7a a atrair membros e Billy mostra interesse em Hannah.", "start_date": "2026-09-06T12:15:00+00:00", "title": "Primeiro Dia"}, {"desc": null, "start_date": "2026-09-06T12:40:00+00:00", "title": "Quintal Tv"}, {"desc": null, "start_date": "2026-09-06T13:00:00+00:00", "title": "Manual De Sobreviv\u00eancia Para O S\u00e9culo X X I"}, {"desc": null, "start_date": "2026-09-06T13:30:00+00:00", "title": "Deu Bola"}, {"desc": null, "start_date": "2026-09-06T14:00:00+00:00", "title": "Todo Mundo \u00c9 Filho De Santo"}, {"desc": null, "start_date": "2026-09-06T14:30:00+00:00", "title": "Brasil Da Paz"}, {"desc": null, "start_date": "2026-09-06T15:00:00+00:00", "title": "\u00c0gb\u00e1ra D\u00fad\u00fa 2\u00aa Temporada"}, {"desc": "A Universidade Federal da Integra\u00e7\u00e3o Latino-Americana fica em Foz de Igua\u00e7u, Paran\u00e1.", "start_date": "2026-09-06T15:30:00+00:00", "title": "Sementes Da Educa\u00e7\u00e3o"}, {"desc": null, "start_date": "2026-09-06T16:00:00+00:00", "title": "Giro Universidades"}, {"desc": "Ci\u00eancia para Todos \u00e9 uma s\u00e9rie documental que mostra como importantes iniciativas cient\u00edficas apoiadas pela FAPESP impactam diretamente o nosso dia a dia.", "start_date": "2026-09-06T16:15:00+00:00", "title": "Ci\u00eancia Para Todos"}, {"desc": "Nessa temporada, Ronaldo Lemos est\u00e1 em Honduras para conhecer Vitalia, uma cidade pop-up dedicada \u00e0 acelera\u00e7\u00e3o do desenvolvimento de tecnologias de extens\u00e3o da vida.", "start_date": "2026-09-06T16:30:00+00:00", "title": "Expresso Futuro"}, {"desc": null, "start_date": "2026-09-06T17:00:00+00:00", "title": "Pequenas Empresas & Grandes Neg\u00f3cios"}, {"desc": null, "start_date": "2026-09-06T17:30:00+00:00", "title": "Conex\u00e3o"}, {"desc": null, "start_date": "2026-09-06T18:00:00+00:00", "title": "Da Nascente \u00c0 Foz"}, {"desc": null, "start_date": "2026-09-06T18:30:00+00:00", "title": "Natureza Forte"}, {"desc": null, "start_date": "2026-09-06T19:00:00+00:00", "title": "Pcdpod"}, {"desc": "O segundo epis\u00f3dio da s\u00e9rie vai ao Cariri cearense, na Chapada do Araripe, uma das mais ricas regi\u00f5es fossil\u00edferas do mundo, percorrendo diversos s\u00edtios, o laborat\u00f3rio da Universidade Regional (URCA).", "start_date": "2026-09-06T20:00:00+00:00", "title": "Dinos Do Brasil"}, {"desc": "Na segunda temporada, Thiago Castanho vai em busca de mais 13 ingredientes cheios de personalidade e hist\u00f3ria na culin\u00e1ria da regi\u00e3o Amaz\u00f4nica.", "start_date": "2026-09-06T20:30:00+00:00", "title": "Sabores Da Floresta"}, {"desc": null, "start_date": "2026-09-06T21:00:00+00:00", "title": "Tem Clima Pra Isso?"}, {"desc": null, "start_date": "2026-09-06T21:30:00+00:00", "title": "Cidades E Solu\u00e7\u00f5es"}, {"desc": null, "start_date": "2026-09-06T22:00:00+00:00", "title": "Janela Amaz\u00f4nia Vox"}, {"desc": "Poeta, rapper, slammer e graduanda em Geografia.", "start_date": "2026-09-06T22:15:00+00:00", "title": "Territ\u00f3rios"}, {"desc": null, "start_date": "2026-09-06T22:30:00+00:00", "title": "Canal Da Quebrada"}, {"desc": null, "start_date": "2026-09-06T23:00:00+00:00", "title": "Mutir\u00e3o Sa\u00fade"}, {"desc": null, "start_date": "2026-09-06T23:30:00+00:00", "title": "Manual De Sobreviv\u00eancia Para O S\u00e9culo X X I"}, {"desc": null, "start_date": "2026-09-07T00:00:00+00:00", "title": "Autores 4\u00aa Temporada"}], "offset": "+00:00", "timezone": "UTC", "error_code": -1, "start_date": "2026-09-05", "icon": ""}