{"end_date": "2026-08-30", "name": "S\u00e3o Paulo/SP  SporTV", "info_url": "https://epg.pw/channels/426062/20260828.html", "country": "Brazil", "description": null, "error_message": "", "provider": "", "source_url": "https://epg.pw/api/epg.json?channel_id=426062&date=20260828&timezone=None", "epg_list": [{"desc": null, "start_date": "2026-08-28T20:30:00+00:00", "title": "Campeonato Brasileiro de Futebol Sub-20"}, {"desc": null, "start_date": "2026-08-28T23:00:00+00:00", "title": "N\u00e1utico x Athetic"}, {"desc": null, "start_date": "2026-08-29T01:30:00+00:00", "title": "Troca de Passes"}, {"desc": null, "start_date": "2026-08-29T04:00:00+00:00", "title": "Giro da Rodada"}, {"desc": null, "start_date": "2026-08-29T05:00:00+00:00", "title": "VT"}, {"desc": null, "start_date": "2026-08-29T06:00:00+00:00", "title": "VT"}, {"desc": null, "start_date": "2026-08-29T07:00:00+00:00", "title": "VT"}, {"desc": null, "start_date": "2026-08-29T08:00:00+00:00", "title": "VT"}, {"desc": null, "start_date": "2026-08-29T08:30:00+00:00", "title": "VT"}, {"desc": null, "start_date": "2026-08-29T09:00:00+00:00", "title": "VT"}, {"desc": null, "start_date": "2026-08-29T09:30:00+00:00", "title": "VT"}, {"desc": null, "start_date": "2026-08-29T10:00:00+00:00", "title": "Troca de Passes"}, {"desc": null, "start_date": "2026-08-29T11:30:00+00:00", "title": "sportv News"}, {"desc": "Acompanhe as informa\u00e7\u00f5es di\u00e1rias sobre o esporte no Brasil e no mundo. Marcelo Barreto recebe jornalistas convidados no est\u00fadio e conta com a participa\u00e7\u00e3o de correspondentes internacionais.", "start_date": "2026-08-29T13:00:00+00:00", "title": "Reda\u00e7\u00e3o sportv"}, {"desc": null, "start_date": "2026-08-29T15:15:00+00:00", "title": "T\u00e1 On"}, {"desc": null, "start_date": "2026-08-29T16:00:00+00:00", "title": "Sele\u00e7\u00e3o sportv"}, {"desc": "Sinopse n\u00e3o dispon\u00edvel.", "start_date": "2026-08-29T17:45:00+00:00", "title": "Programa\u00e7\u00e3o sportv"}, {"desc": "O Globo Esporte atualiza o notici\u00e1rio esportivo do dia.", "start_date": "2026-08-29T20:00:00+00:00", "title": "Globo Esporte"}, {"desc": null, "start_date": "2026-08-29T20:45:00+00:00", "title": "T\u00e1 na \u00c1rea"}, {"desc": null, "start_date": "2026-08-29T23:00:00+00:00", "title": "VT"}, {"desc": null, "start_date": "2026-08-30T00:00:00+00:00", "title": "Troca de Passes"}], "offset": "+00:00", "timezone": "UTC", "error_code": -1, "start_date": "2026-08-28", "icon": ""}