{"end_date": "2026-09-05", "name": "S\u00e3o Paulo/SP  SporTV", "info_url": "https://epg.pw/channels/426062/20260903.html", "country": "Brazil", "description": null, "error_message": "", "provider": "", "source_url": "https://epg.pw/api/epg.json?channel_id=426062&date=20260903&timezone=None", "epg_list": [{"desc": null, "start_date": "2026-09-03T00:30:00+00:00", "title": "Santos x Palmeiras"}, {"desc": null, "start_date": "2026-09-03T02:30:00+00:00", "title": "Troca de Passes"}, {"desc": null, "start_date": "2026-09-03T04:00:00+00:00", "title": "VT"}, {"desc": null, "start_date": "2026-09-03T05:00:00+00:00", "title": "VT"}, {"desc": null, "start_date": "2026-09-03T06:00:00+00:00", "title": "VT"}, {"desc": null, "start_date": "2026-09-03T07:00:00+00:00", "title": "VT"}, {"desc": null, "start_date": "2026-09-03T08:00:00+00:00", "title": "VT"}, {"desc": null, "start_date": "2026-09-03T09:00:00+00:00", "title": "VT"}, {"desc": null, "start_date": "2026-09-03T10:00:00+00:00", "title": "Troca de Passes"}, {"desc": null, "start_date": "2026-09-03T11:30:00+00:00", "title": "sportv News"}, {"desc": "Acompanhe as informa\u00e7\u00f5es di\u00e1rias sobre o esporte no Brasil e no mundo. Marcelo Barreto recebe jornalistas convidados no est\u00fadio e conta com a participa\u00e7\u00e3o de correspondentes internacionais.", "start_date": "2026-09-03T13:00:00+00:00", "title": "Reda\u00e7\u00e3o sportv"}, {"desc": null, "start_date": "2026-09-03T15:15:00+00:00", "title": "T\u00e1 On"}, {"desc": null, "start_date": "2026-09-03T16:00:00+00:00", "title": "Sele\u00e7\u00e3o sportv"}, {"desc": null, "start_date": "2026-09-03T17:45:00+00:00", "title": "Diriyah x Al Qadisiyah"}, {"desc": "O Globo Esporte atualiza o notici\u00e1rio esportivo do dia.", "start_date": "2026-09-03T20:00:00+00:00", "title": "Globo Esporte"}, {"desc": null, "start_date": "2026-09-03T20:45:00+00:00", "title": "T\u00e1 na \u00c1rea"}, {"desc": null, "start_date": "2026-09-03T22:40:00+00:00", "title": "N\u00e1utico x Botafogo SP"}, {"desc": null, "start_date": "2026-09-04T01:00:00+00:00", "title": "Troca de Passes"}, {"desc": null, "start_date": "2026-09-04T02:30:00+00:00", "title": "VT"}, {"desc": null, "start_date": "2026-09-04T03:30:00+00:00", "title": "VT"}, {"desc": null, "start_date": "2026-09-04T04:30:00+00:00", "title": "VT"}, {"desc": null, "start_date": "2026-09-04T05:30:00+00:00", "title": "VT"}, {"desc": null, "start_date": "2026-09-04T06:30:00+00:00", "title": "VT"}, {"desc": null, "start_date": "2026-09-04T07:30:00+00:00", "title": "VT"}, {"desc": null, "start_date": "2026-09-04T08:30:00+00:00", "title": "VT"}, {"desc": null, "start_date": "2026-09-04T09:00:00+00:00", "title": "VT"}, {"desc": null, "start_date": "2026-09-04T09:30:00+00:00", "title": "VT"}, {"desc": null, "start_date": "2026-09-04T10:00:00+00:00", "title": "Troca de Passes"}, {"desc": null, "start_date": "2026-09-04T11:30:00+00:00", "title": "sportv News"}, {"desc": "Acompanhe as informa\u00e7\u00f5es di\u00e1rias sobre o esporte no Brasil e no mundo. Marcelo Barreto recebe jornalistas convidados no est\u00fadio e conta com a participa\u00e7\u00e3o de correspondentes internacionais.", "start_date": "2026-09-04T13:00:00+00:00", "title": "Reda\u00e7\u00e3o sportv"}, {"desc": null, "start_date": "2026-09-04T15:15:00+00:00", "title": "T\u00e1 On"}, {"desc": null, "start_date": "2026-09-04T16:00:00+00:00", "title": "Sele\u00e7\u00e3o sportv"}, {"desc": null, "start_date": "2026-09-04T18:00:00+00:00", "title": "Stuttgart x Col\u00f4nia"}, {"desc": null, "start_date": "2026-09-04T20:30:00+00:00", "title": "T\u00e1 na \u00c1rea"}, {"desc": null, "start_date": "2026-09-04T21:30:00+00:00", "title": "Palmeiras x Vasco"}, {"desc": null, "start_date": "2026-09-05T00:00:00+00:00", "title": "Palmeiras x Bahia"}], "offset": "+00:00", "timezone": "UTC", "error_code": -1, "start_date": "2026-09-03", "icon": ""}