{"end_date": "2026-09-03", "name": "S\u00e3o Paulo/SP  Canal Brasil", "info_url": "https://epg.pw/channels/426064/20260827.html", "country": "Brazil", "description": null, "error_message": "", "provider": "", "source_url": "https://epg.pw/api/epg.json?channel_id=426064&date=20260827&timezone=None", "epg_list": [{"desc": null, "start_date": "2026-09-02T00:40:00+00:00", "title": "Maratona Festival De Veneza: Manas"}, {"desc": null, "start_date": "2026-09-02T02:25:00+00:00", "title": "Maratona Festival De Veneza: O C\u00e9u De Suely"}, {"desc": null, "start_date": "2026-09-02T03:50:00+00:00", "title": "Maratona Festival De Veneza: Boi Neon"}, {"desc": null, "start_date": "2026-09-02T05:35:00+00:00", "title": "Maratona Festival De Veneza: Salamandra"}, {"desc": null, "start_date": "2026-09-02T07:30:00+00:00", "title": "Maratona Festival De Veneza: A Idade Da Terra"}, {"desc": null, "start_date": "2026-09-02T10:00:00+00:00", "title": "Cinejornal"}, {"desc": null, "start_date": "2026-09-02T10:15:00+00:00", "title": "Esquinas"}, {"desc": null, "start_date": "2026-09-02T10:30:00+00:00", "title": "O Dia Da Posse"}, {"desc": null, "start_date": "2026-09-02T11:45:00+00:00", "title": "Moscou"}, {"desc": null, "start_date": "2026-09-02T13:05:00+00:00", "title": "Augusto Boal E O Teatro Do Oprimido"}, {"desc": null, "start_date": "2026-09-02T14:10:00+00:00", "title": "P\u00edlulas Espelho"}, {"desc": null, "start_date": "2026-09-02T14:15:00+00:00", "title": "Isto \u00c9 Noel Rosa"}, {"desc": null, "start_date": "2026-09-02T15:06:00+00:00", "title": "Noturnas"}, {"desc": "O projeto mostra a homenagem de Renato Braz a Jo\u00e3o Gilberto, em um conte\u00fado que n\u00e3o se prende a um formato tradicional.", "start_date": "2026-09-02T15:15:00+00:00", "title": "Ensaio Sobre O Sil\u00eancio"}, {"desc": null, "start_date": "2026-09-02T16:30:00+00:00", "title": "Curta Na Tela: Humberto Mauro (1970)"}, {"desc": null, "start_date": "2026-09-02T16:51:00+00:00", "title": "Curta Na Tela: Hoje Eu S\u00f3 Volto Amanh\u00e3"}, {"desc": null, "start_date": "2026-09-02T17:00:00+00:00", "title": "Alucina\u00e7\u00e3o"}, {"desc": null, "start_date": "2026-09-02T17:46:00+00:00", "title": "Noturnas"}, {"desc": null, "start_date": "2026-09-02T17:55:00+00:00", "title": "G\u00eameas"}, {"desc": "Grandes nomes da cultura brasileira se encontram de forma l\u00fadica nessa s\u00e9rie animada de pequenas entrevistas dirigida por Bebeto Abrantes.", "start_date": "2026-09-02T19:05:00+00:00", "title": "In\u00e9ditas, Dispersas E Animadas"}, {"desc": null, "start_date": "2026-09-02T19:10:00+00:00", "title": "A Terra Negra Dos Kawa"}, {"desc": null, "start_date": "2026-09-02T20:55:00+00:00", "title": "As Primeiras"}, {"desc": null, "start_date": "2026-09-02T22:15:00+00:00", "title": "Cantos Gerais"}, {"desc": null, "start_date": "2026-09-02T22:30:00+00:00", "title": "Cinejornal"}, {"desc": null, "start_date": "2026-09-02T22:45:00+00:00", "title": "Esquinas"}, {"desc": null, "start_date": "2026-09-02T23:00:00+00:00", "title": "\u00c9 Tudo Verdade"}, {"desc": null, "start_date": "2026-09-03T00:15:00+00:00", "title": "Choque De Cultura"}, {"desc": "Ap\u00f3s se mudar para S\u00e3o Paulo em busca do sonho de se tornar atriz, Let\u00edcia v\u00ea seus objetivos desmoronarem por conta da pandemia.", "start_date": "2026-09-03T00:30:00+00:00", "title": "Curta Na Tela: Corpo Celeste"}, {"desc": null, "start_date": "2026-09-03T00:45:00+00:00", "title": "Curta Na Tela: Peixe Morto"}, {"desc": null, "start_date": "2026-09-03T01:00:00+00:00", "title": "Quarta Sapat\u00e3o: M\u00e3es Do Derick"}, {"desc": null, "start_date": "2026-09-03T02:20:00+00:00", "title": "As Pragas: Tampa de Vaso"}, {"desc": "F\u00e1tima \u00e9 uma tar\u00f3loga trambiqueira que aplica golpes em seus clientes com a ajuda de seu marido. Sem querer, ela se envolve no roubo de um anel e acaba tendo que fugir para sua cidade natal.", "start_date": "2026-09-03T02:25:00+00:00", "title": "Tire 5 Cartas"}, {"desc": null, "start_date": "2026-09-03T03:55:00+00:00", "title": "O Caso Escola Base"}, {"desc": null, "start_date": "2026-09-03T05:55:00+00:00", "title": "As Pragas: Corinthians"}, {"desc": "Rubens \u00e9 um professor de nata\u00e7\u00e3o infantil acusado de beijar um de seus alunos. Quando a quest\u00e3o viraliza nos grupos e redes sociais da escola, come\u00e7a um julgamento precipitado sobre suas inten\u00e7\u00f5es.", "start_date": "2026-09-03T06:00:00+00:00", "title": "Aos Teus Olhos"}, {"desc": "Um brilhante psiquiatra \u00e9 aterrorizado por pesadelos nos quais Z\u00e9 do Caix\u00e3o tenta roubar sua esposa. O homem procura ajuda de m\u00e9dicos que lhe recomendam conversar com o cineasta Jos\u00e9 Mojica Marins.", "start_date": "2026-09-03T07:30:00+00:00", "title": "Del\u00edrios De Um Anormal"}, {"desc": null, "start_date": "2026-09-03T08:57:00+00:00", "title": "P\u00edlulas Espelho"}, {"desc": null, "start_date": "2026-09-03T09:00:00+00:00", "title": "Gal\u00e1xias"}, {"desc": null, "start_date": "2026-09-03T10:35:00+00:00", "title": "Mata"}, {"desc": null, "start_date": "2026-09-03T11:55:00+00:00", "title": "Nelson Freire"}, {"desc": null, "start_date": "2026-09-03T13:40:00+00:00", "title": "Um Outro Francisco"}, {"desc": null, "start_date": "2026-09-03T15:00:00+00:00", "title": "Babil\u00f4nia 2000"}, {"desc": null, "start_date": "2026-09-03T16:30:00+00:00", "title": "Curta Na Tela: Aruanda"}, {"desc": null, "start_date": "2026-09-03T16:52:00+00:00", "title": "Curta Na Tela: A Velha A Fiar"}, {"desc": null, "start_date": "2026-09-03T17:00:00+00:00", "title": "Cinejornal"}, {"desc": null, "start_date": "2026-09-03T17:15:00+00:00", "title": "Esquinas"}, {"desc": null, "start_date": "2026-09-03T17:30:00+00:00", "title": "Maratona The Beat Di\u00e1spora"}, {"desc": null, "start_date": "2026-09-03T17:58:00+00:00", "title": "Maratona The Beat Di\u00e1spora"}, {"desc": null, "start_date": "2026-09-03T18:27:00+00:00", "title": "Maratona The Beat Di\u00e1spora"}, {"desc": null, "start_date": "2026-09-03T18:52:00+00:00", "title": "Maratona The Beat Di\u00e1spora"}, {"desc": null, "start_date": "2026-09-03T19:13:00+00:00", "title": "Maratona The Beat Di\u00e1spora"}, {"desc": null, "start_date": "2026-09-03T19:37:00+00:00", "title": "Maratona The Beat Di\u00e1spora"}, {"desc": null, "start_date": "2026-09-03T20:10:00+00:00", "title": "Augusto Boal E O Teatro Do Oprimido"}, {"desc": null, "start_date": "2026-09-03T21:15:00+00:00", "title": "\u00c9 Tudo Verdade"}, {"desc": null, "start_date": "2026-09-03T22:30:00+00:00", "title": "Buenosaires"}, {"desc": null, "start_date": "2026-09-03T23:45:00+00:00", "title": "A Terra Negra Dos Kawa"}], "offset": "+00:00", "timezone": "UTC", "error_code": -1, "start_date": "2026-09-02", "icon": ""}