{"end_date": "2026-08-31", "name": "S\u00e3o Paulo/SP  Canal Brasil", "info_url": "https://epg.pw/channels/426064/20260830.html", "country": "Brazil", "description": null, "error_message": "", "provider": "", "source_url": "https://epg.pw/api/epg.json?channel_id=426064&date=20260830&timezone=None", "epg_list": [{"desc": null, "start_date": "2026-08-30T01:00:00+00:00", "title": "Alucina\u00e7\u00e3o"}, {"desc": "Pedro Bala, Professor, Gato, Sem Pernas e Boa Vida s\u00e3o adolescentes abandonados por suas fam\u00edlias, e crescem nas ruas de Salvador. Eles praticam assaltos e s\u00e3o constantemente perseguidos pela pol\u00edcia.", "start_date": "2026-08-30T02:00:00+00:00", "title": "Capit\u00e3es Da Areia"}, {"desc": null, "start_date": "2026-08-30T03:40:00+00:00", "title": "Bufo & Spallanzani"}, {"desc": "O alem\u00e3o Johann atravessa o in\u00f3spito sert\u00e3o brasileiro, vendendo frascos de Aspirinas e exibindo filmes sobre o produto. No trajeto, conhece Ranulpho, morador de uma pequena vila que passa a ajud\u00e1-lo.", "start_date": "2026-08-30T05:25:00+00:00", "title": "Cinema, Aspirinas E Urubus"}, {"desc": null, "start_date": "2026-08-30T07:05:00+00:00", "title": "O Estranho Mundo De Z\u00e9 Do Caix\u00e3o"}, {"desc": null, "start_date": "2026-08-30T08:35:00+00:00", "title": "Mamonas Pra Sempre"}, {"desc": null, "start_date": "2026-08-30T10:00:00+00:00", "title": "Maratona Curta Na Tela: Socorro Nobre"}, {"desc": null, "start_date": "2026-08-30T10:23:00+00:00", "title": "Maratona Curta Na Tela: Mercearias De Beag\u00e1"}, {"desc": "Gabriel descobriu que tem HIV e resolveu contar pra todo mundo.", "start_date": "2026-08-30T10:52:00+00:00", "title": "Maratona Curta Na Tela: Horizonte De Eventos"}, {"desc": null, "start_date": "2026-08-30T11:08:00+00:00", "title": "Maratona Curta Na Tela: A Linguagem Da Persuas\u00e3o"}, {"desc": null, "start_date": "2026-08-30T11:20:00+00:00", "title": "Maratona Curta Na Tela: Mist\u00e9rios Do Nixipae"}, {"desc": null, "start_date": "2026-08-30T11:45:00+00:00", "title": "Maratona Curta Na Tela: Terra Sincera"}, {"desc": null, "start_date": "2026-08-30T11:49:00+00:00", "title": "Maratona Curta Na Tela: Maioria Absoluta"}, {"desc": null, "start_date": "2026-08-30T12:08:00+00:00", "title": "Maratona Curta Na Tela: Recife Frio"}, {"desc": null, "start_date": "2026-08-30T12:33:00+00:00", "title": "Maratona Curta Na Tela: P\u00e1ria"}, {"desc": null, "start_date": "2026-08-30T12:41:00+00:00", "title": "Maratona Curta Na Tela: Depois do Fim"}, {"desc": null, "start_date": "2026-08-30T13:00:00+00:00", "title": "Cinejornal"}, {"desc": null, "start_date": "2026-08-30T13:15:00+00:00", "title": "Cinejornal"}, {"desc": null, "start_date": "2026-08-30T13:45:00+00:00", "title": "Comeback"}, {"desc": null, "start_date": "2026-08-30T15:15:00+00:00", "title": "Choque De Cultura"}, {"desc": null, "start_date": "2026-08-30T15:40:00+00:00", "title": "Angeli"}, {"desc": null, "start_date": "2026-08-30T16:00:00+00:00", "title": "Vizinhos"}, {"desc": "Um painel hist\u00f3rico, musical e informativo sobre o nascimento da Bossa Nova na d\u00e9cada de 50. Os m\u00fasicos Roberto Menescal e Carlos Lyra relembram hist\u00f3rias e descrevem apresenta\u00e7\u00f5es.", "start_date": "2026-08-30T16:35:00+00:00", "title": "Coisa Mais Linda: Hist\u00f3rias E Casos Da Bossa Nova"}, {"desc": null, "start_date": "2026-08-30T18:45:00+00:00", "title": "Tinnitus"}, {"desc": null, "start_date": "2026-08-30T20:30:00+00:00", "title": "Maratona Choque De Cultura"}, {"desc": null, "start_date": "2026-08-30T21:02:00+00:00", "title": "Maratona Choque De Cultura"}, {"desc": null, "start_date": "2026-08-30T21:37:00+00:00", "title": "Maratona Choque De Cultura"}, {"desc": null, "start_date": "2026-08-30T22:01:00+00:00", "title": "Maratona Choque De Cultura"}, {"desc": null, "start_date": "2026-08-30T22:45:00+00:00", "title": "Esquinas"}, {"desc": null, "start_date": "2026-08-30T23:00:00+00:00", "title": "Alucina\u00e7\u00e3o"}, {"desc": null, "start_date": "2026-08-31T00:00:00+00:00", "title": "Batismo De Sangue"}, {"desc": null, "start_date": "2026-08-31T02:00:00+00:00", "title": "Curta Na Tela: Caranguejo Rei"}, {"desc": "Uma mulher e seu corpo. O filme aborda um universo ainda cercado de preconceitos no Brasil, a popula\u00e7\u00e3o transexual.", "start_date": "2026-08-31T02:23:00+00:00", "title": "Curta Na Tela: Ingrid"}, {"desc": null, "start_date": "2026-08-31T02:30:00+00:00", "title": "Choque De Cultura"}, {"desc": null, "start_date": "2026-08-31T02:45:00+00:00", "title": "Sobrepostas"}, {"desc": null, "start_date": "2026-08-31T03:00:00+00:00", "title": "Angeli"}, {"desc": null, "start_date": "2026-08-31T03:15:00+00:00", "title": "Bela Donna"}, {"desc": null, "start_date": "2026-08-31T05:05:00+00:00", "title": "Angeli"}, {"desc": "A trajet\u00f3ria de uma escrava que se tornou a primeira dama negra da hist\u00f3ria brasileira, seduzindo o milion\u00e1rio Jo\u00e3o Fernandes.", "start_date": "2026-08-31T05:20:00+00:00", "title": "Xica Da Silva"}, {"desc": null, "start_date": "2026-08-31T07:20:00+00:00", "title": "Angeli"}, {"desc": null, "start_date": "2026-08-31T07:35:00+00:00", "title": "O Passageiro"}, {"desc": null, "start_date": "2026-08-31T09:26:00+00:00", "title": "P\u00edlulas Espelho"}, {"desc": null, "start_date": "2026-08-31T09:30:00+00:00", "title": "Curta Na Tela: Samba De Partido Alto"}, {"desc": null, "start_date": "2026-08-31T10:00:00+00:00", "title": "Esquinas"}, {"desc": null, "start_date": "2026-08-31T10:15:00+00:00", "title": "Um Copo De Veneno"}, {"desc": null, "start_date": "2026-08-31T10:30:00+00:00", "title": "Angeli"}, {"desc": null, "start_date": "2026-08-31T10:50:00+00:00", "title": "O Engenho De Z\u00e9 Lins"}, {"desc": null, "start_date": "2026-08-31T12:20:00+00:00", "title": "Angeli"}, {"desc": null, "start_date": "2026-08-31T12:35:00+00:00", "title": "Anabazys"}, {"desc": null, "start_date": "2026-08-31T14:20:00+00:00", "title": "Angeli"}, {"desc": null, "start_date": "2026-08-31T14:35:00+00:00", "title": "Amores"}, {"desc": null, "start_date": "2026-08-31T16:15:00+00:00", "title": "Angeli"}, {"desc": null, "start_date": "2026-08-31T16:30:00+00:00", "title": "Curta Na Tela: Filhos Da Noite"}, {"desc": "Crua, mal passada, ao ponto, passada e bem passada. Atrav\u00e9s de relatos \u00edntimos e pessoais, cinco mulheres compartilham as suas experi\u00eancias em rela\u00e7\u00e3o ao corpo, desde a inf\u00e2ncia at\u00e9 \u00e0 velhice.", "start_date": "2026-08-31T16:46:00+00:00", "title": "Curta Na Tela: Carne"}, {"desc": null, "start_date": "2026-08-31T17:00:00+00:00", "title": "\u00c9 Tudo Verdade: Samuel Wainer"}, {"desc": null, "start_date": "2026-08-31T18:15:00+00:00", "title": "Angeli"}, {"desc": null, "start_date": "2026-08-31T18:30:00+00:00", "title": "Maratona Choque De Cultura"}, {"desc": null, "start_date": "2026-08-31T19:02:00+00:00", "title": "Maratona Choque De Cultura"}, {"desc": null, "start_date": "2026-08-31T19:37:00+00:00", "title": "Maratona Choque De Cultura"}, {"desc": null, "start_date": "2026-08-31T20:01:00+00:00", "title": "Maratona Choque De Cultura"}, {"desc": null, "start_date": "2026-08-31T20:35:00+00:00", "title": "Choque De Cultura"}, {"desc": null, "start_date": "2026-08-31T20:50:00+00:00", "title": "Angeli"}, {"desc": null, "start_date": "2026-08-31T21:05:00+00:00", "title": "Curta Na Tela: Tentei"}, {"desc": null, "start_date": "2026-08-31T21:30:00+00:00", "title": "Alucina\u00e7\u00e3o"}, {"desc": null, "start_date": "2026-08-31T22:30:00+00:00", "title": "Cinejornal"}, {"desc": null, "start_date": "2026-08-31T22:45:00+00:00", "title": "Angeli"}, {"desc": null, "start_date": "2026-08-31T23:00:00+00:00", "title": "Negritudes No Canal Brasil: Mal\u00eas"}], "offset": "+00:00", "timezone": "UTC", "error_code": -1, "start_date": "2026-08-30", "icon": ""}