{"end_date": "2026-09-02", "name": "S\u00e3o Paulo/SP  Canal Brasil", "info_url": "https://epg.pw/channels/426064/20260901.html", "country": "Brazil", "description": null, "error_message": "", "provider": "", "source_url": "https://epg.pw/api/epg.json?channel_id=426064&date=20260901&timezone=None", "epg_list": [{"desc": null, "start_date": "2026-09-01T00:50:00+00:00", "title": "Negritudes No Canal Brasil: Casa de Antiguidades"}, {"desc": null, "start_date": "2026-09-01T02:25:00+00:00", "title": "Negritudes No Canal Brasil: Oeste Outra Vez"}, {"desc": null, "start_date": "2026-09-01T04:00:00+00:00", "title": "Negritudes No Canal Brasil: Tia Virg\u00ednia"}, {"desc": null, "start_date": "2026-09-01T05:40:00+00:00", "title": "Negritudes No Canal Brasil: A Grande Cidade"}, {"desc": null, "start_date": "2026-09-01T07:05:00+00:00", "title": "Negritudes No Canal Brasil: Barravento"}, {"desc": null, "start_date": "2026-09-01T08:30:00+00:00", "title": "Negritudes No Canal Brasil: Antonio Pitanga"}, {"desc": null, "start_date": "2026-09-01T09:00:00+00:00", "title": "Negritudes No Canal Brasil: Pitanga"}, {"desc": null, "start_date": "2026-09-01T10:56:00+00:00", "title": "P\u00edlulas Espelho"}, {"desc": null, "start_date": "2026-09-01T11:00:00+00:00", "title": "Um Outro Francisco"}, {"desc": null, "start_date": "2026-09-01T12:17:00+00:00", "title": "P\u00edlulas Espelho"}, {"desc": "Deutrudes Carlos da Rocha, baiano de 24 anos, negro, analfabeto, \u00e9 lavador de autom\u00f3veis e vive em S\u00e3o Paulo.", "start_date": "2026-09-01T12:20:00+00:00", "title": "Curta Na Tela: Jardim Nova Bahia"}, {"desc": "Frei Fernando de Brito foi um padre que teve uma importante participa\u00e7\u00e3o na resist\u00eancia \u00e0 Ditadura no Brasil.", "start_date": "2026-09-01T12:35:00+00:00", "title": "Curta Na Tela: Trago Not\u00edcias de Fernando"}, {"desc": "\u00c0 margem de uma sociedade que n\u00e3o entende e em que n\u00e3o se enquadra, Geraldo Viramundo instaura um sentimento de ternura e pena por todos aqueles que sofrem o descaso e a exclus\u00e3o social.", "start_date": "2026-09-01T12:50:00+00:00", "title": "O Grande Mentecapto"}, {"desc": "A partir dos depoimentos de mulheres dispostas a revelar suas experi\u00eancias diante de uma c\u00e2mera, as fronteiras entre realidade e fic\u00e7\u00e3o s\u00e3o postas em xeque.", "start_date": "2026-09-01T14:40:00+00:00", "title": "Jogo De Cena"}, {"desc": null, "start_date": "2026-09-01T16:30:00+00:00", "title": "Curta Na Tela: Mercearias De Beag\u00e1"}, {"desc": null, "start_date": "2026-09-01T17:00:00+00:00", "title": "Cinejornal"}, {"desc": null, "start_date": "2026-09-01T17:15:00+00:00", "title": "Esquinas"}, {"desc": null, "start_date": "2026-09-01T17:30:00+00:00", "title": "Maratona Festival De Veneza"}, {"desc": null, "start_date": "2026-09-01T18:45:00+00:00", "title": "Maratona Festival De Veneza: Mate-Me por Favor"}, {"desc": null, "start_date": "2026-09-01T20:30:00+00:00", "title": "Maratona Festival De Veneza: O Prisioneiro da Grade de Ferro"}, {"desc": null, "start_date": "2026-09-01T22:35:00+00:00", "title": "Maratona Festival De Veneza: Eles N\u00e3o Usam Black-Tie"}, {"desc": null, "start_date": "2026-09-02T00:40:00+00:00", "title": "Maratona Festival De Veneza: Manas"}, {"desc": null, "start_date": "2026-09-02T02:25:00+00:00", "title": "Maratona Festival De Veneza: O C\u00e9u De Suely"}, {"desc": null, "start_date": "2026-09-02T03:50:00+00:00", "title": "Maratona Festival De Veneza: Boi Neon"}, {"desc": null, "start_date": "2026-09-02T05:35:00+00:00", "title": "Maratona Festival De Veneza: Salamandra"}, {"desc": null, "start_date": "2026-09-02T07:30:00+00:00", "title": "Maratona Festival De Veneza: A Idade Da Terra"}, {"desc": null, "start_date": "2026-09-02T10:00:00+00:00", "title": "Cinejornal"}, {"desc": null, "start_date": "2026-09-02T10:15:00+00:00", "title": "Esquinas"}, {"desc": null, "start_date": "2026-09-02T10:30:00+00:00", "title": "O Dia Da Posse"}, {"desc": null, "start_date": "2026-09-02T11:45:00+00:00", "title": "Moscou"}, {"desc": null, "start_date": "2026-09-02T13:05:00+00:00", "title": "Augusto Boal E O Teatro Do Oprimido"}, {"desc": null, "start_date": "2026-09-02T14:10:00+00:00", "title": "P\u00edlulas Espelho"}, {"desc": null, "start_date": "2026-09-02T14:15:00+00:00", "title": "Isto \u00c9 Noel Rosa"}, {"desc": null, "start_date": "2026-09-02T15:06:00+00:00", "title": "Noturnas"}, {"desc": "O projeto mostra a homenagem de Renato Braz a Jo\u00e3o Gilberto, em um conte\u00fado que n\u00e3o se prende a um formato tradicional.", "start_date": "2026-09-02T15:15:00+00:00", "title": "Ensaio Sobre O Sil\u00eancio"}, {"desc": null, "start_date": "2026-09-02T16:30:00+00:00", "title": "Curta Na Tela: Humberto Mauro (1970)"}, {"desc": null, "start_date": "2026-09-02T16:51:00+00:00", "title": "Curta Na Tela: Hoje Eu S\u00f3 Volto Amanh\u00e3"}, {"desc": null, "start_date": "2026-09-02T17:00:00+00:00", "title": "Alucina\u00e7\u00e3o"}, {"desc": null, "start_date": "2026-09-02T17:46:00+00:00", "title": "Noturnas"}, {"desc": null, "start_date": "2026-09-02T17:55:00+00:00", "title": "G\u00eameas"}, {"desc": "Grandes nomes da cultura brasileira se encontram de forma l\u00fadica nessa s\u00e9rie animada de pequenas entrevistas dirigida por Bebeto Abrantes.", "start_date": "2026-09-02T19:05:00+00:00", "title": "In\u00e9ditas, Dispersas E Animadas"}, {"desc": null, "start_date": "2026-09-02T19:10:00+00:00", "title": "A Terra Negra Dos Kawa"}, {"desc": null, "start_date": "2026-09-02T20:55:00+00:00", "title": "As Primeiras"}, {"desc": null, "start_date": "2026-09-02T22:15:00+00:00", "title": "Cantos Gerais"}, {"desc": null, "start_date": "2026-09-02T22:30:00+00:00", "title": "Cinejornal"}, {"desc": null, "start_date": "2026-09-02T22:45:00+00:00", "title": "Esquinas"}, {"desc": null, "start_date": "2026-09-02T23:00:00+00:00", "title": "\u00c9 Tudo Verdade"}], "offset": "+00:00", "timezone": "UTC", "error_code": -1, "start_date": "2026-09-01", "icon": ""}