{"end_date": "2026-09-07", "name": "S\u00e3o Paulo/SP  Band Sports", "info_url": "https://epg.pw/channels/426069/20260906.html", "country": "Brazil", "description": null, "error_message": "", "provider": "", "source_url": "https://epg.pw/api/epg.json?channel_id=426069&date=20260906&timezone=None", "epg_list": [{"desc": null, "start_date": "2026-09-06T00:00:00+00:00", "title": "PBR Brasil"}, {"desc": null, "start_date": "2026-09-06T02:15:00+00:00", "title": "Sail GP"}, {"desc": null, "start_date": "2026-09-06T03:45:00+00:00", "title": "VT"}, {"desc": null, "start_date": "2026-09-06T05:45:00+00:00", "title": "Jonathan Rea: Unrepeatable"}, {"desc": null, "start_date": "2026-09-06T06:00:00+00:00", "title": "Mundial de Superbike"}, {"desc": null, "start_date": "2026-09-06T07:00:00+00:00", "title": "R3 World Cup"}, {"desc": null, "start_date": "2026-09-06T08:00:00+00:00", "title": "R3 World Cup"}, {"desc": null, "start_date": "2026-09-06T09:00:00+00:00", "title": "Mundial de Motocross"}, {"desc": null, "start_date": "2026-09-06T09:45:00+00:00", "title": "Mundial de Motocross"}, {"desc": null, "start_date": "2026-09-06T10:30:00+00:00", "title": "Mundial de Superbike"}, {"desc": null, "start_date": "2026-09-06T11:30:00+00:00", "title": "Mundial de Superbike"}, {"desc": null, "start_date": "2026-09-06T13:00:00+00:00", "title": "Mundial de Motocross"}, {"desc": null, "start_date": "2026-09-06T14:00:00+00:00", "title": "Mundial de Motocross"}, {"desc": null, "start_date": "2026-09-06T15:00:00+00:00", "title": "Stock Car"}, {"desc": null, "start_date": "2026-09-06T16:30:00+00:00", "title": "Porsche Cup Brasil"}, {"desc": null, "start_date": "2026-09-06T18:00:00+00:00", "title": "FIA WEC: Lone Star Le Mans"}, {"desc": null, "start_date": "2026-09-06T21:00:00+00:00", "title": "FIA WEC: Lone Star Le Mans"}, {"desc": null, "start_date": "2026-09-07T00:00:00+00:00", "title": "PBR Brasil"}, {"desc": null, "start_date": "2026-09-07T02:30:00+00:00", "title": "Sail GP"}, {"desc": null, "start_date": "2026-09-07T04:00:00+00:00", "title": "Stock Car"}, {"desc": null, "start_date": "2026-09-07T05:00:00+00:00", "title": "Porsche Cup Brasil"}, {"desc": null, "start_date": "2026-09-07T06:00:00+00:00", "title": "SFT Combat"}, {"desc": "A Brazilian Wrestling Federation - BWF realiza o evento Catchmania e voc\u00ea acompanha aqui no BandSports.", "start_date": "2026-09-07T08:00:00+00:00", "title": "BWF Telecatch"}, {"desc": "Em Vila BandSports, \u00c1lvaro Jos\u00e9 receber\u00e1 convidados para fazer entrevistas e trazer bastidores, al\u00e9m de v\u00e1rias curiosidades envolvendo a busca por medalhas e os desafios que os atletas enfrentam.", "start_date": "2026-09-07T09:00:00+00:00", "title": "Vila Bandsports"}, {"desc": null, "start_date": "2026-09-07T09:15:00+00:00", "title": "Especial Arthur Elias"}, {"desc": null, "start_date": "2026-09-07T09:45:00+00:00", "title": "VT"}, {"desc": "Acompanhe as not\u00edcias esportivas mais relevantes no Brasil e no mundo s\u00f3 aqui no BandSports.", "start_date": "2026-09-07T11:30:00+00:00", "title": "Bandsports News"}, {"desc": null, "start_date": "2026-09-07T12:00:00+00:00", "title": "Especial Arthur Elias"}, {"desc": null, "start_date": "2026-09-07T12:30:00+00:00", "title": "VT"}, {"desc": null, "start_date": "2026-09-07T14:30:00+00:00", "title": "Africa Eco Racing"}, {"desc": "Programa comandado por Beetto Saad pra falar da gest\u00e3o do futebol, sempre com grandes convidados para dividir experi\u00eancias de como comandar o esporte.", "start_date": "2026-09-07T14:45:00+00:00", "title": "Ol\u00e9\u00e9"}, {"desc": "Mesa-redonda com um quarteto para l\u00e1 de afiado. Nossos apresentadores v\u00e3o debater e provocar o torcedor de futebol com muita eleg\u00e2ncia e equil\u00edbrio.", "start_date": "2026-09-07T15:00:00+00:00", "title": "G4"}, {"desc": null, "start_date": "2026-09-07T17:00:00+00:00", "title": "Sala do Esporte"}, {"desc": null, "start_date": "2026-09-07T19:00:00+00:00", "title": "Stock Car Paddock Fan"}, {"desc": null, "start_date": "2026-09-07T20:00:00+00:00", "title": "Donos da Bola"}, {"desc": "De segunda a sexta o Bola Rolando esquenta o debate com todos os detalhes do futebol nacional e internacional. Um time de especialistas que vai deixar voc\u00ea por dentro das principais not\u00edcias da semana!", "start_date": "2026-09-07T21:00:00+00:00", "title": "Bola Rolando"}, {"desc": "Comandado por Elia Junior, o Tempo T\u00e9cnico ter\u00e1 na bancada os comentaristas Jorge Nicola e S\u00e1lvio Sp\u00ednola. O programa foca em an\u00e1lises t\u00e1ticas, debates e entrevistas com os principais t\u00e9cnicos do futebol brasileiro.", "start_date": "2026-09-07T23:00:00+00:00", "title": "Tempo T\u00e9cnico"}], "offset": "+00:00", "timezone": "UTC", "error_code": -1, "start_date": "2026-09-06", "icon": ""}