{"end_date": "2026-09-08", "name": "S\u00e3o Paulo/SP  SporTV HD \u00b3", "info_url": "https://epg.pw/channels/426091/20260907.html", "country": "Brazil", "description": null, "error_message": "", "provider": "", "source_url": "https://epg.pw/api/epg.json?channel_id=426091&date=20260907&timezone=None", "epg_list": [{"desc": null, "start_date": "2026-09-07T00:00:00+00:00", "title": "VT"}, {"desc": null, "start_date": "2026-09-07T00:30:00+00:00", "title": "Fechamento sportv"}, {"desc": null, "start_date": "2026-09-07T02:30:00+00:00", "title": "VT"}, {"desc": null, "start_date": "2026-09-07T03:00:00+00:00", "title": "VT"}, {"desc": null, "start_date": "2026-09-07T03:30:00+00:00", "title": "VT"}, {"desc": null, "start_date": "2026-09-07T04:00:00+00:00", "title": "VT"}, {"desc": null, "start_date": "2026-09-07T04:30:00+00:00", "title": "VT"}, {"desc": null, "start_date": "2026-09-07T05:00:00+00:00", "title": "VT"}, {"desc": null, "start_date": "2026-09-07T05:30:00+00:00", "title": "VT"}, {"desc": null, "start_date": "2026-09-07T06:30:00+00:00", "title": "VT"}, {"desc": null, "start_date": "2026-09-07T07:30:00+00:00", "title": "VT"}, {"desc": null, "start_date": "2026-09-07T08:30:00+00:00", "title": "VT"}, {"desc": null, "start_date": "2026-09-07T09:30:00+00:00", "title": "Fechamento sportv"}, {"desc": null, "start_date": "2026-09-07T11:30:00+00:00", "title": "sportv News"}, {"desc": "Acompanhe as informa\u00e7\u00f5es di\u00e1rias sobre o esporte no Brasil e no mundo. Marcelo Barreto recebe jornalistas convidados no est\u00fadio e conta com a participa\u00e7\u00e3o de correspondentes internacionais.", "start_date": "2026-09-07T13:00:00+00:00", "title": "Reda\u00e7\u00e3o sportv"}, {"desc": null, "start_date": "2026-09-07T15:15:00+00:00", "title": "T\u00e1 On"}, {"desc": null, "start_date": "2026-09-07T15:55:00+00:00", "title": "Sele\u00e7\u00e3o sportv"}, {"desc": "O Globo Esporte atualiza o notici\u00e1rio esportivo do dia.", "start_date": "2026-09-07T18:30:00+00:00", "title": "Globo Esporte"}, {"desc": null, "start_date": "2026-09-07T19:00:00+00:00", "title": "Aquecimento Delas: Corinthians x Cruzeiro"}, {"desc": null, "start_date": "2026-09-07T20:00:00+00:00", "title": "Corinthians x Cruzeiro"}, {"desc": "Acompanhe o que antecede os jogos, todas as escala\u00e7\u00f5es, prepara\u00e7\u00f5es para o que antecede aos principais eventos do mundo esportes, aqui no sportv!", "start_date": "2026-09-07T22:00:00+00:00", "title": "Aquecimento sportv"}, {"desc": null, "start_date": "2026-09-07T23:00:00+00:00", "title": "Vit\u00f3ria x Gr\u00eamio"}, {"desc": null, "start_date": "2026-09-08T01:00:00+00:00", "title": "Troca de Passes"}, {"desc": null, "start_date": "2026-09-08T02:30:00+00:00", "title": "Panela sportv"}, {"desc": null, "start_date": "2026-09-08T04:30:00+00:00", "title": "Giro Da Rodada"}, {"desc": null, "start_date": "2026-09-08T05:30:00+00:00", "title": "VT"}, {"desc": null, "start_date": "2026-09-08T06:30:00+00:00", "title": "VT"}, {"desc": null, "start_date": "2026-09-08T07:00:00+00:00", "title": "VT"}, {"desc": null, "start_date": "2026-09-08T07:30:00+00:00", "title": "VT"}, {"desc": null, "start_date": "2026-09-08T08:00:00+00:00", "title": "VT"}, {"desc": null, "start_date": "2026-09-08T08:30:00+00:00", "title": "VT"}, {"desc": null, "start_date": "2026-09-08T09:00:00+00:00", "title": "VT"}, {"desc": null, "start_date": "2026-09-08T09:30:00+00:00", "title": "VT"}, {"desc": null, "start_date": "2026-09-08T10:00:00+00:00", "title": "Troca de Passes"}, {"desc": null, "start_date": "2026-09-08T11:30:00+00:00", "title": "sportv News"}, {"desc": "Acompanhe as informa\u00e7\u00f5es di\u00e1rias sobre o esporte no Brasil e no mundo. Marcelo Barreto recebe jornalistas convidados no est\u00fadio e conta com a participa\u00e7\u00e3o de correspondentes internacionais.", "start_date": "2026-09-08T13:00:00+00:00", "title": "Reda\u00e7\u00e3o sportv"}, {"desc": null, "start_date": "2026-09-08T15:15:00+00:00", "title": "T\u00e1 On"}, {"desc": null, "start_date": "2026-09-08T15:55:00+00:00", "title": "Sele\u00e7\u00e3o sportv"}, {"desc": null, "start_date": "2026-09-08T17:45:00+00:00", "title": "Al Ittihad x Al Fayha"}, {"desc": null, "start_date": "2026-09-08T20:00:00+00:00", "title": "Botafogo x Vasco"}, {"desc": null, "start_date": "2026-09-08T22:30:00+00:00", "title": "T\u00e1 na \u00c1rea"}], "offset": "+00:00", "timezone": "UTC", "error_code": -1, "start_date": "2026-09-07", "icon": ""}