{"end_date": "2026-09-04", "name": "S\u00e3o Paulo/SP  Futura HD", "info_url": "https://epg.pw/channels/426184/20260902.html", "country": "Brazil", "description": null, "error_message": "", "provider": "", "source_url": "https://epg.pw/api/epg.json?channel_id=426184&date=20260902&timezone=None", "epg_list": [{"desc": null, "start_date": "2026-09-02T18:30:00+00:00", "title": "Canal Da Quebrada"}, {"desc": null, "start_date": "2026-09-02T19:00:00+00:00", "title": "Da Nascente \u00c0 Foz"}, {"desc": null, "start_date": "2026-09-02T19:30:00+00:00", "title": "Sou Palha\u00e7o"}, {"desc": null, "start_date": "2026-09-02T20:00:00+00:00", "title": "Amaz\u00f4nia: Novas Hist\u00f3rias"}, {"desc": null, "start_date": "2026-09-02T20:15:00+00:00", "title": "(In)confid\u00eancias"}, {"desc": "O arquip\u00e9lago do Maraj\u00f3 possui um queijo fresco vindo do leite de b\u00fafala. O chef Thiago Castanho viaja at\u00e9 l\u00e1 para ver esta produ\u00e7\u00e3o que acontece h\u00e1 mais de 200 anos.", "start_date": "2026-09-02T20:30:00+00:00", "title": "Sabores Da Floresta"}, {"desc": "Nessa temporada, Ronaldo Lemos est\u00e1 em Honduras para conhecer Vitalia, uma cidade pop-up dedicada \u00e0 acelera\u00e7\u00e3o do desenvolvimento de tecnologias de extens\u00e3o da vida.", "start_date": "2026-09-02T21:00:00+00:00", "title": "Expresso Futuro"}, {"desc": "A Universidade Federal da Integra\u00e7\u00e3o Latino-Americana fica em Foz de Igua\u00e7u, Paran\u00e1.", "start_date": "2026-09-02T21:30:00+00:00", "title": "Sementes Da Educa\u00e7\u00e3o"}, {"desc": null, "start_date": "2026-09-02T22:00:00+00:00", "title": "Amaz\u00f4nia: Novas Hist\u00f3rias"}, {"desc": null, "start_date": "2026-09-02T22:15:00+00:00", "title": "E A\u00ed, Professora?"}, {"desc": null, "start_date": "2026-09-02T22:30:00+00:00", "title": "Identidade Brasil"}, {"desc": "Sil Bahia e Al\u00ea Sayad conversam com Ci\u00e7a Melo, do Movimento Paratodos, sobre como pessoas com defici\u00eancia usam a educa\u00e7\u00e3o midi\u00e1tica e a tecnologia para vencer preconceitos e conquistar mais espa\u00e7o em.", "start_date": "2026-09-02T23:00:00+00:00", "title": "Assunto Na Mesa"}, {"desc": "Mulamb\u00f6 explora desde a pintura, cria\u00e7\u00e3o de bandeiras e objetos at\u00e9 a internet como plataforma de trabalho e, assim, faz arte para afirmar que n\u00e3o tem museu no mundo como a casa da nossa V\u00f3.", "start_date": "2026-09-02T23:30:00+00:00", "title": "Territ\u00f3rios"}, {"desc": null, "start_date": "2026-09-02T23:45:00+00:00", "title": "Janela Amaz\u00f4nia Vox"}, {"desc": null, "start_date": "2026-09-03T00:00:00+00:00", "title": "Manual De Sobreviv\u00eancia Para O S\u00e9culo X X I"}, {"desc": "Na segunda temporada, Thiago Castanho vai em busca de mais 13 ingredientes cheios de personalidade e hist\u00f3ria na culin\u00e1ria da regi\u00e3o Amaz\u00f4nica.", "start_date": "2026-09-03T00:30:00+00:00", "title": "Sabores Da Floresta"}, {"desc": null, "start_date": "2026-09-03T01:00:00+00:00", "title": "Da Nascente \u00c0 Foz"}, {"desc": null, "start_date": "2026-09-03T01:30:00+00:00", "title": "Tem Clima Pra Isso?"}, {"desc": null, "start_date": "2026-09-03T02:00:00+00:00", "title": "Brasil 2050"}, {"desc": null, "start_date": "2026-09-03T02:30:00+00:00", "title": "Hora De Agir"}, {"desc": null, "start_date": "2026-09-03T02:50:00+00:00", "title": "Planeta Menos Um Lixo"}, {"desc": "Como educar entre mitos e fatos? Usar os recursos, mas tamb\u00e9m reflorestar? Em uma visita aos Karipunas, em conversa com Daniel Munduruku e Michelyne Verunschk apresentaremos um leque de.", "start_date": "2026-09-03T03:00:00+00:00", "title": "Eco Brasil"}, {"desc": null, "start_date": "2026-09-03T03:30:00+00:00", "title": "Deu Bola"}, {"desc": null, "start_date": "2026-09-03T04:00:00+00:00", "title": "Autores 4\u00aa Temporada"}, {"desc": null, "start_date": "2026-09-03T04:30:00+00:00", "title": "Som E Prosa"}, {"desc": "Elas t\u00eam tr\u00eas vezes mais chances de sofrer viol\u00eancia sexual, segundo relat\u00f3rio do Unicef. A psic\u00f3loga Laureane Lima explica como informa\u00e7\u00e3o adequada e uma escola inclusiva ajudam a prevenir abusos.", "start_date": "2026-09-03T04:45:00+00:00", "title": "Entrevista"}, {"desc": null, "start_date": "2026-09-03T05:00:00+00:00", "title": "(In)confid\u00eancias"}, {"desc": null, "start_date": "2026-09-03T05:15:00+00:00", "title": "E A\u00ed, Professora?"}, {"desc": null, "start_date": "2026-09-03T05:30:00+00:00", "title": "Pcdpod"}, {"desc": "Do sabor ex\u00f3tico do mandacaru \u00e0 cacha\u00e7a feita com frutas do bioma, o Semi\u00e1rido transforma-se em um prato sofisticado.", "start_date": "2026-09-03T06:30:00+00:00", "title": "Natureza Forte"}, {"desc": null, "start_date": "2026-09-03T07:00:00+00:00", "title": "Da Nascente \u00c0 Foz"}, {"desc": null, "start_date": "2026-09-03T07:30:00+00:00", "title": "Amaz\u00f4nia: Novas Hist\u00f3rias"}, {"desc": null, "start_date": "2026-09-03T07:45:00+00:00", "title": "Sou Palha\u00e7o"}, {"desc": null, "start_date": "2026-09-03T08:15:00+00:00", "title": "Entrevista"}, {"desc": "A atriz que ganhou o mundo com o cinema, relembra os dias em que os livros entraram em sua vida, ainda na comunidade onde cresceu. Uma inf\u00e2ncia que conquistou asas com a leitura.", "start_date": "2026-09-03T08:30:00+00:00", "title": "A(U)tores"}, {"desc": null, "start_date": "2026-09-03T08:35:00+00:00", "title": "Bicos"}, {"desc": "Intelig\u00eancia artificial \u00e9 um campo que gera d\u00favidas e medos. Os estudos do C4AI, centro mantido pela FAPESP e IBM com v\u00e1rias pesquisas sobre o assunto, podem esclarecer algumas quest\u00f5es.", "start_date": "2026-09-03T08:45:00+00:00", "title": "Ci\u00eancia Para Todos"}, {"desc": null, "start_date": "2026-09-03T09:00:00+00:00", "title": "\u00c0gb\u00e1ra D\u00fad\u00fa 2\u00aa Temporada"}, {"desc": null, "start_date": "2026-09-03T09:30:00+00:00", "title": "Conex\u00e3o"}, {"desc": null, "start_date": "2026-09-03T10:00:00+00:00", "title": "O Dia Em Que Me Tornei Mais Forte"}, {"desc": null, "start_date": "2026-09-03T10:05:00+00:00", "title": "Tuiga"}, {"desc": "No fundo do mar, Canjica conhece Pap, um peixe papagaio muito cantante.", "start_date": "2026-09-03T10:10:00+00:00", "title": "Tuiga"}, {"desc": null, "start_date": "2026-09-03T10:15:00+00:00", "title": "Mytikah"}, {"desc": null, "start_date": "2026-09-03T10:25:00+00:00", "title": "Contos Do I\u00e9ti"}, {"desc": null, "start_date": "2026-09-03T10:30:00+00:00", "title": "Contos Do I\u00e9ti"}, {"desc": "Desta vez, quem precisa de ajuda \u00e9 Beto, um jovem boto-cor-de-rosa. Ele resolveu enfrentar, antes da idade, a Pororoca: o dram\u00e1tico e perigoso encontro do rio com o mar.", "start_date": "2026-09-03T10:40:00+00:00", "title": "Tain\u00e1 E Os Guardi\u00f5es Da Amaz\u00f4nia"}, {"desc": null, "start_date": "2026-09-03T10:50:00+00:00", "title": "Mytikah"}, {"desc": "Dois instrutores de astronomia conversam sobre o universo com as crian\u00e7as, que discutem uma estranha possibilidade.", "start_date": "2026-09-03T11:00:00+00:00", "title": "O Mundo Que Sei"}, {"desc": "Tuca e Pri est\u00e3o empolgados com a viagem \u00e0 praia. Tuca at\u00e9 fez um quindim! Por\u00e9m, o pai de Tuca e Pri fica atarefado demais e se esquece da viagem.", "start_date": "2026-09-03T11:15:00+00:00", "title": "Tuca, O Mestre Cuca"}, {"desc": null, "start_date": "2026-09-03T11:25:00+00:00", "title": "Tuca, O Mestre Cuca."}, {"desc": "Alejandro vai passar alguns dias nas montanhas com seus amigos e tem muitos planos para se divertir. Mas, de repente, ele tem que enfrentar um de seus piores medos: os c\u00e3es. Como ele vai conseguir?", "start_date": "2026-09-03T11:30:00+00:00", "title": "O Dia Em Que Me Tornei Mais Forte"}, {"desc": "O matem\u00e1gico Eric prova que tamanho e peso s\u00e3o medidas bem diferentes; mostra um truque de c\u00e1lculo desenhando blocos em um calend\u00e1rio; e ensina a ler mapas com linhas de grade para achar um tesouro.", "start_date": "2026-09-03T11:35:00+00:00", "title": "Matem\u00e1gica"}, {"desc": null, "start_date": "2026-09-03T11:45:00+00:00", "title": "Quintal Tv"}, {"desc": null, "start_date": "2026-09-03T12:00:00+00:00", "title": "Mytikah"}, {"desc": null, "start_date": "2026-09-03T12:10:00+00:00", "title": "Pipo E Fifi"}, {"desc": "Uma girafa num bal\u00e3o, fazendo entregas pelo mundo com uma menina, uma flor e uma pedra. Juntos, formam o servi\u00e7o de entregas mais divertido dos reinos animal, vegetal e mineral!", "start_date": "2026-09-03T12:15:00+00:00", "title": "Tuiga"}, {"desc": "Uma entrega d\u00e1 errado! S\u00f3crates, o corvo, pediu uma caixa de som para uma festona que ele vai promover, mas recebeu uma pedra dorminhoca.", "start_date": "2026-09-03T12:20:00+00:00", "title": "Tuiga"}, {"desc": "A Brux Bruxa \u00e9 uma bruxa muito famosa no mundo m\u00e1gico pois \u00e9 ela quem traz o inverno que faz todas as folhinhas de todas as plantas ca\u00edrem\u2026para salvar sua plantinha preferida, Petra tenta parar o.", "start_date": "2026-09-03T12:30:00+00:00", "title": "A Caverna De Petra"}, {"desc": null, "start_date": "2026-09-03T12:45:00+00:00", "title": "Queimamufa"}, {"desc": "Do sabor ex\u00f3tico do mandacaru \u00e0 cacha\u00e7a feita com frutas do bioma, o Semi\u00e1rido transforma-se em um prato sofisticado.", "start_date": "2026-09-03T13:00:00+00:00", "title": "Natureza Forte"}, {"desc": null, "start_date": "2026-09-03T13:30:00+00:00", "title": "Autores 4\u00aa Temporada"}, {"desc": null, "start_date": "2026-09-03T14:00:00+00:00", "title": "Sou Palha\u00e7o"}, {"desc": null, "start_date": "2026-09-03T14:30:00+00:00", "title": "Da Nascente \u00c0 Foz"}, {"desc": "Neste epis\u00f3dio de \"Caminho das \u00c1guas\", a fam\u00edlia Rel\u00edquia do Capara\u00f3 fala de sua experi\u00eancia com caf\u00e9s especiais, lavouras de caf\u00e9 org\u00e2nico e potencialidades econ\u00f4micas e culturais do cultivo.", "start_date": "2026-09-03T15:00:00+00:00", "title": "Caminho Das \u00c1guas"}, {"desc": "A escola estimula os alunos a criarem roupas com materiais reciclados.", "start_date": "2026-09-03T15:15:00+00:00", "title": "Desafio Nas Escolas"}, {"desc": null, "start_date": "2026-09-03T15:30:00+00:00", "title": "E A\u00ed, Professora?"}, {"desc": null, "start_date": "2026-09-03T15:45:00+00:00", "title": "Janela Amaz\u00f4nia Vox"}, {"desc": null, "start_date": "2026-09-03T16:00:00+00:00", "title": "Hora De Agir"}, {"desc": "Ator do Bando de Teatro Olodum, estreou na literatura com um relato tocante de uma viol\u00eancia sofrida, por causa do racismo. Leno transformou sua dor em uma mensagem de esperan\u00e7a.", "start_date": "2026-09-03T16:25:00+00:00", "title": "A(U)tores"}, {"desc": "Na segunda temporada, Thiago Castanho vai em busca de mais 13 ingredientes cheios de personalidade e hist\u00f3ria na culin\u00e1ria da regi\u00e3o Amaz\u00f4nica.", "start_date": "2026-09-03T16:30:00+00:00", "title": "Sabores Da Floresta"}, {"desc": null, "start_date": "2026-09-03T17:00:00+00:00", "title": "Da Nascente \u00c0 Foz"}, {"desc": null, "start_date": "2026-09-03T17:30:00+00:00", "title": "Manual De Sobreviv\u00eancia Para O S\u00e9culo X X I"}, {"desc": null, "start_date": "2026-09-03T18:00:00+00:00", "title": "Brasil 2050"}, {"desc": null, "start_date": "2026-09-03T18:30:00+00:00", "title": "Tem Clima Pra Isso?"}, {"desc": null, "start_date": "2026-09-03T19:00:00+00:00", "title": "Da Nascente \u00c0 Foz"}, {"desc": null, "start_date": "2026-09-03T19:30:00+00:00", "title": "Sou Palha\u00e7o"}, {"desc": null, "start_date": "2026-09-03T20:00:00+00:00", "title": "Amaz\u00f4nia: Novas Hist\u00f3rias"}, {"desc": null, "start_date": "2026-09-03T20:15:00+00:00", "title": "Planeta Menos Um Lixo"}, {"desc": "Em Santa Izabel, na Comunidade Tacaj\u00f3s, o chef Thiago Castanho conversa com produtores e comerciantes para descobrir a origem do t\u00e3o delicioso a\u00e7a\u00ed, que ganhou o mundo.", "start_date": "2026-09-03T20:30:00+00:00", "title": "Sabores Da Floresta"}, {"desc": "Neste epis\u00f3dio, fala-se do uso de materiais org\u00e2nicos e biomassa. O que \u00e9, como \u00e9 gerada e como utiliz\u00e1-la.", "start_date": "2026-09-03T21:00:00+00:00", "title": "Reconstruindo Nosso Ambiente"}, {"desc": "O segundo epis\u00f3dio da s\u00e9rie vai ao Cariri cearense, na Chapada do Araripe, uma das mais ricas regi\u00f5es fossil\u00edferas do mundo, percorrendo diversos s\u00edtios, o laborat\u00f3rio da Universidade Regional (URCA).", "start_date": "2026-09-03T21:30:00+00:00", "title": "Dinos Do Brasil"}, {"desc": null, "start_date": "2026-09-03T22:00:00+00:00", "title": "Amaz\u00f4nia: Novas Hist\u00f3rias"}, {"desc": "A escola estimula os alunos a criarem roupas com materiais reciclados.", "start_date": "2026-09-03T22:15:00+00:00", "title": "Desafio Nas Escolas"}, {"desc": "O programa apresenta entrevistas com autores da literatura brasileira, ib\u00e9rica e latino-americana realizadas a partir do estudo de suas obras.", "start_date": "2026-09-03T22:30:00+00:00", "title": "(In)confid\u00eancias"}, {"desc": "Poeta, rapper, slammer e graduanda em Geografia.", "start_date": "2026-09-03T22:45:00+00:00", "title": "Territ\u00f3rios"}, {"desc": null, "start_date": "2026-09-03T23:00:00+00:00", "title": "Todo Mundo \u00c9 Filho De Santo"}, {"desc": "A extra\u00e7\u00e3o de produtos das florestas, como castanhas, geram riqueza de maneira sustent\u00e1vel e promovem a cultura brasileira.", "start_date": "2026-09-03T23:30:00+00:00", "title": "Inspira Fundo"}, {"desc": null, "start_date": "2026-09-03T23:45:00+00:00", "title": "Diz A\u00ed"}, {"desc": null, "start_date": "2026-09-04T00:00:00+00:00", "title": "Canal Da Quebrada"}], "offset": "+00:00", "timezone": "UTC", "error_code": -1, "start_date": "2026-09-02", "icon": ""}