{"end_date": "2026-08-29", "name": "T18", "info_url": "https://epg.pw/channels/435552/20260828.html", "country": "France", "description": null, "error_message": "", "provider": "", "source_url": "https://epg.pw/api/epg.json?channel_id=435552&date=20260828&timezone=None", "epg_list": [{"desc": "Direction le quartier artistique du Paris de la Belle-Epoque pour d\u00e9couvrir un h\u00f4tel embl\u00e9matique des ann\u00e9es 1920, rouvert au public depuis peu. Visite dans l'atelier d'un bronzier d'art qui perp\u00e9tue un savoir-faire fran\u00e7ais aussi ancien qu'inestimable. Zoom sur l'architecte Julien Sebban.", "start_date": "2026-08-28T18:55:00+00:00", "title": "M comme Maison"}, {"desc": "Direction l'Est parisien, chez Anne-Laure et Richard, deux mordus de d\u00e9co qui ont totalement r\u00e9nov\u00e9 leur belle maison datant de la fin du XIX\u00e8me. Toujours \u00e0 Paris, rue Lhomond, une maison d'h\u00f4te singuli\u00e8re conjugue raffinement, tranquillit\u00e9 et authenticit\u00e9.", "start_date": "2026-08-28T19:40:00+00:00", "title": "M comme Maison"}, {"desc": "Retrouvez le meilleur de Pour tout dire : des d\u00e9bats anim\u00e9s, de l'expertise, de l'humour et des convictions, avec Matthieu Croissandeau et ses invit\u00e9s qui reviennent sur les grands moments de l'actualit\u00e9 dans une ambiance libre et passionn\u00e9e.", "start_date": "2026-08-28T20:40:00+00:00", "title": "Pour tout dire"}, {"desc": "Le lundi 29 janvier 2001, Christian Poucet, syndicaliste engag\u00e9 dans la d\u00e9fense des petits commer\u00e7ants et homme d'affaires de 44 ans, arrive dans les locaux de l'une de ses soci\u00e9t\u00e9s \u00e0 Baillargues, dans l'H\u00e9rault. Quelques minutes plus tard, deux hommes cagoul\u00e9s entrent et l'abattent.", "start_date": "2026-08-28T22:20:00+00:00", "title": "Non \u00e9lucid\u00e9"}, {"desc": "Ce voyage pas comme les autres part \u00e0 la d\u00e9couverte des dix \u00e9glises les plus insolites de France, comme une p\u00e9niche transform\u00e9e en chapelle ou une \u00e9glise invisible.", "start_date": "2026-08-28T23:55:00+00:00", "title": "A la d\u00e9couverte des tr\u00e9sors sacr\u00e9s, la France en h\u00e9ritage"}, {"desc": "Les reliques, ces tr\u00e9sors l\u00e9gendaires, fascinent par leurs myst\u00e8res et leurs secrets, comme la couronne d'\u00e9pines du Christ ou les restes de Sainte Th\u00e9r\u00e8se de Lisieux.", "start_date": "2026-08-29T01:15:00+00:00", "title": "A la d\u00e9couverte des tr\u00e9sors sacr\u00e9s, la France en h\u00e9ritage"}, {"desc": "Retour sur l'histoire fascinante de la chapelle royale de Versailles ou encore celle du tombeau du dernier roi des Fran\u00e7ais dont l'h\u00e9ritier, le comte de Paris, effectue la visite.", "start_date": "2026-08-29T02:30:00+00:00", "title": "A la d\u00e9couverte des tr\u00e9sors sacr\u00e9s, la France en h\u00e9ritage"}, {"desc": "A quelques kilom\u00e8tres de la capitale islandaise Reykjavik, Sigurlaug Sverrisdottir a investi toutes ses \u00e9conomies pour b\u00e2tir un h\u00f4tel luxueux \u00e9co-responsable.", "start_date": "2026-08-29T04:10:00+00:00", "title": "Echo-logis"}, {"desc": "A Montfort L'Amaury, dans les Yvelines, visite de la maison Canop\u00e9e, l'une des maisons les plus \u00e9cologique d'Ile-de-France, une maison bioclimatique et passive.", "start_date": "2026-08-29T04:40:00+00:00", "title": "Echo-logis"}, {"desc": "C'est en Indon\u00e9sie, sur l'\u00eele de Bali, que nous sommes all\u00e9s d\u00e9couvrir une \u00e9cole plut\u00f4t originale. Nomm\u00e9e Green School - comprendre l'\u00e9cole verte - l'\u00e9tablissement interpelle autant par son architecture que par son ouverture sur de grands enjeux environnementaux. L'initiative est in\u00e9dite : construire en pleine jungle une \u00e9cole en bambous, qui conserve la rigueur d'un enseignement traditionnel, tou", "start_date": "2026-08-29T05:10:00+00:00", "title": "Echo-logis"}, {"desc": "Dans la petite ville d'Huizen, situ\u00e9e \u00e0 20 km d'Amsterdam, Sanna, Lucas et leurs deux enfants, ont emm\u00e9nag\u00e9 dans une maison moderne et parfaitement int\u00e9gr\u00e9e dans la for\u00eat.", "start_date": "2026-08-29T05:40:00+00:00", "title": "Echo-logis"}, {"desc": "C'est en Corr\u00e8ze, sur les hauteurs de Tulle que nous sommes all\u00e9s \u00e0 la d\u00e9couverte de la maison-yourte de Christiane et Jean-Fran\u00e7ois. Construite dans une approche bioclimatique et lab\u00e9lis\u00e9e b\u00e2timent basse consommation, elle s'est parfaitement int\u00e9gr\u00e9 \u00e0 l'environnement qui l'entoure.", "start_date": "2026-08-29T06:10:00+00:00", "title": "Echo-logis"}, {"desc": "Cap sur deux villages au charme authentique : Fontaine-le-Port, au bord de la Seine, et Bourron-Marlotte, berceau d'artistes et de nature. Au programme : rencontre avec Eric Schmitt, sculpteur, d\u00e9couverte du designer-architecte Jean-Guillaume Mathiaut et immersion dans l'univers de la plasticienne Delphine Ferr\u00e9.", "start_date": "2026-08-29T06:40:00+00:00", "title": "M comme Maison"}, {"desc": "Cap sur le littoral varois pour une immersion entre paysages m\u00e9diterran\u00e9ens, architectures inspir\u00e9es, cr\u00e9ations artisanales et tr\u00e9sors de seconde main. D\u00e9couverte du domaine du Rayol, perch\u00e9 entre mer et montagne. Leslie Vaccara sublime l'art de la seconde main en redonnant vie \u00e0 des pi\u00e8ces anciennes.", "start_date": "2026-08-29T07:40:00+00:00", "title": "M comme Maison"}, {"desc": "Cap sur le littoral varois, entre Hy\u00e8res la solaire et Toulon la vibrante. A Hy\u00e8res, l'ancien h\u00f4tel du Parc a \u00e9t\u00e9 r\u00e9invent\u00e9 avec audace par les architectes d'int\u00e9rieur Kim Haddou et Florent Dufourcq. A Toulon, place \u00e0 l'\u00e9nergie d'Alex Z, graffeur dont l'univers graphique s'invite dans la d\u00e9coration int\u00e9rieure.", "start_date": "2026-08-29T08:40:00+00:00", "title": "M comme Maison"}, {"desc": "Cap sur Casa Youm, maison d'h\u00f4tes perch\u00e9e sur les hauteurs de l'Estaque \u00e0 Marseille, o\u00f9 se conjuguent charme m\u00e9diterran\u00e9en, savoir-faire artisanal et atmosph\u00e8re chaleureuse. Rencontre ensuite avec Micka\u00ebl Koska, designer qui fa\u00e7onne objets, luminaires et mobilier aux lignes \u00e9pur\u00e9es, en privil\u00e9giant les mat\u00e9riaux recycl\u00e9s. Enfin, immersion \u00e0 la Coutellerie du Panier, o\u00f9 se cr\u00e9ent, pi\u00e8ce apr\u00e8s pi\u00e8ce", "start_date": "2026-08-29T09:40:00+00:00", "title": "M comme Maison"}, {"desc": "Magali Avignon, fondatrice d'Enamoura, ouvre les portes de sa maison au charme singulier. Rencontre ensuite avec B\u00e9atrice Sosna, de l'Atelier Poupe, qui transforme objets marins et cordages en luminaires responsables. Direction \u00e9galement un showroom d\u00e9di\u00e9 au mobilier et aux objets du XXe si\u00e8cle, tenu par deux passionn\u00e9es, avant de dresser le portrait de L\u00e9a Ca\u00efe, jeune c\u00e9ramiste qui mod\u00e8le \u00e0 la ma", "start_date": "2026-08-29T10:45:00+00:00", "title": "M comme Maison"}, {"desc": "Deux border collies, d\u00e9boussol\u00e9s, arrivent au refuge apr\u00e8s l'incarc\u00e9ration de leur ma\u00eetre. Adrien, patient et passionn\u00e9, tente de les apprivoiser.", "start_date": "2026-08-29T11:45:00+00:00", "title": "Chiens et chats sans collier"}, {"desc": "Cecilia et Tiffany, rendent visite \u00e0 Cerfeuil, un teckel, d\u00e9sormais accueilli par une famille pleine d'espoir. Leur mission : d\u00e9couvrir s'il a enfin trouv\u00e9 la paix.", "start_date": "2026-08-29T12:15:00+00:00", "title": "Chiens et chats sans collier"}, {"desc": "Adrien esp\u00e8re redonner le sourire \u00e0 une famille fid\u00e8le, endeuill\u00e9e par la perte de leur chien, en leur pr\u00e9sentant Cisco, un nouveau pensionnaire plein de potentiel.", "start_date": "2026-08-29T12:50:00+00:00", "title": "Chiens et chats sans collier"}, {"desc": "Marilys et Cecilia se penchent sur le cas de Falbala et ses six chiots, r\u00e9cemment abandonn\u00e9s dans des conditions choquantes. Direction la v\u00e9t\u00e9rinaire en urgence pour assurer leur sant\u00e9 fragile.", "start_date": "2026-08-29T13:20:00+00:00", "title": "Chiens et chats sans collier"}, {"desc": "La p\u00e9riode reste particuli\u00e8rement charg\u00e9e pour les employ\u00e9s du refuge. L'\u00e9quipe va au secours de Nalah qui est afflig\u00e9e d'une tumeur impressionnante \u00e0 la patte.", "start_date": "2026-08-29T13:55:00+00:00", "title": "Chiens et chats sans collier"}, {"desc": "Un chien abandonn\u00e9 la semaine pr\u00e9c\u00e9dente, trouve une famille. Un bichon n\u00e9glig\u00e9 est recueilli en piteux \u00e9tat. Un chien trop fusionnel avec sa ma\u00eetresse est confi\u00e9 au refuge.", "start_date": "2026-08-29T14:30:00+00:00", "title": "Chiens et chats sans collier"}, {"desc": "Au refuge Sans collier, les bonnes nouvelles alternent avec des moments de tristesse. Hermione, une petite chatte trouv\u00e9e en \u00e9tat critique, mobilise toute l'\u00e9quipe.", "start_date": "2026-08-29T15:00:00+00:00", "title": "Chiens et chats sans collier"}, {"desc": "Install\u00e9e dans des locaux flambant neufs, l'\u00e9quipe du refuge Sans collier d\u00e9couvre les d\u00e9fis d'un quotidien encore plus intense, et les \u00e9motions sont \u00e0 fleur de peau.", "start_date": "2026-08-29T15:30:00+00:00", "title": "Chiens et chats sans collier"}, {"desc": "Lucie et Lucien, deux rottweilers, sont arriv\u00e9s au refuge \u00e0 la suite de maltraitances. Sophie accueille Snope et Penia, deux petits chiens ins\u00e9parables.", "start_date": "2026-08-29T16:05:00+00:00", "title": "Chiens et chats sans collier"}, {"desc": "Plus de 400 animaux ont \u00e9t\u00e9 recueillis depuis le d\u00e9but de l'ann\u00e9e. Le refuge a donc besoin de renfort. C'est le premier jour de travail de Manon, la nouvelle recrue.", "start_date": "2026-08-29T16:35:00+00:00", "title": "Chiens et chats sans collier"}, {"desc": "S\u00e9par\u00e9 de son ma\u00eetre depuis six mois, en raison des inondations qui ont frapp\u00e9 la Belgique en 2021, Tchoupi ne se fait pas \u00e0 sa vie au refuge.", "start_date": "2026-08-29T17:05:00+00:00", "title": "Chiens et chats sans collier"}, {"desc": "Derri\u00e8re le quotidien du refuge, il y a le travail \u00e9norme de tous les b\u00e9n\u00e9voles, indispensables au bon fonctionnement du refuge et \u00e0 l'\u00e9quilibre des animaux.", "start_date": "2026-08-29T17:40:00+00:00", "title": "Chiens et chats sans collier"}, {"desc": "Une course contre la montre s'engage pour sauver Neige, un chat dans un \u00e9tat critique. De son c\u00f4t\u00e9, Fran\u00e7oise revient boulevers\u00e9e, le regard encore hant\u00e9 par celui d'un petit bouledogue.", "start_date": "2026-08-29T18:15:00+00:00", "title": "Chiens et chats sans collier"}, {"desc": null, "start_date": "2026-08-29T18:55:00+00:00", "title": "Calogero : Libert\u00e9 Ch\u00e9rie Tour"}, {"desc": "D\u00e8s le d\u00e9but de la mission \u00e0 Saqqarah, Zahi Hawass et son \u00e9quipe de scientifiques \u00e9gyptiens, ont la sensation que leur zone de fouille sera extr\u00eamement riche.", "start_date": "2026-08-29T21:20:00+00:00", "title": "La d\u00e9couverte des derniers tombeaux d'Egypte"}, {"desc": "Des dizaines de cercueils ont \u00e9t\u00e9 retrouv\u00e9s, mais Zahi Hawass trouve un sarcophage en pierre, qui aurait appartenu \u00e0 un vizir du Nouvel Empire.", "start_date": "2026-08-29T22:25:00+00:00", "title": "La d\u00e9couverte des derniers tombeaux d'Egypte"}, {"desc": "Une visite d'un Venise m\u00e9connu, \u00e0 travers les diff\u00e9rents lieux de la ville qui ont \u00e9t\u00e9 le th\u00e9\u00e2tre d'\u00e9v\u00e9nements \u00e9tranges ou de drames sanglants.", "start_date": "2026-08-29T23:30:00+00:00", "title": "Venise des myst\u00e8res"}], "offset": "+00:00", "timezone": "UTC", "error_code": -1, "start_date": "2026-08-28", "icon": ""}