{"end_date": "2026-08-30", "name": "T18", "info_url": "https://epg.pw/channels/435552/20260829.html", "country": "France", "description": null, "error_message": "", "provider": "", "source_url": "https://epg.pw/api/epg.json?channel_id=435552&date=20260829&timezone=None", "epg_list": [{"desc": "Les reliques, ces tr\u00e9sors l\u00e9gendaires, fascinent par leurs myst\u00e8res et leurs secrets, comme la couronne d'\u00e9pines du Christ ou les restes de Sainte Th\u00e9r\u00e8se de Lisieux.", "start_date": "2026-08-29T01:15:00+00:00", "title": "A la d\u00e9couverte des tr\u00e9sors sacr\u00e9s, la France en h\u00e9ritage"}, {"desc": "Retour sur l'histoire fascinante de la chapelle royale de Versailles ou encore celle du tombeau du dernier roi des Fran\u00e7ais dont l'h\u00e9ritier, le comte de Paris, effectue la visite.", "start_date": "2026-08-29T02:30:00+00:00", "title": "A la d\u00e9couverte des tr\u00e9sors sacr\u00e9s, la France en h\u00e9ritage"}, {"desc": "A quelques kilom\u00e8tres de la capitale islandaise Reykjavik, Sigurlaug Sverrisdottir a investi toutes ses \u00e9conomies pour b\u00e2tir un h\u00f4tel luxueux \u00e9co-responsable.", "start_date": "2026-08-29T04:10:00+00:00", "title": "Echo-logis"}, {"desc": "A Montfort L'Amaury, dans les Yvelines, visite de la maison Canop\u00e9e, l'une des maisons les plus \u00e9cologique d'Ile-de-France, une maison bioclimatique et passive.", "start_date": "2026-08-29T04:40:00+00:00", "title": "Echo-logis"}, {"desc": "C'est en Indon\u00e9sie, sur l'\u00eele de Bali, que nous sommes all\u00e9s d\u00e9couvrir une \u00e9cole plut\u00f4t originale. Nomm\u00e9e Green School - comprendre l'\u00e9cole verte - l'\u00e9tablissement interpelle autant par son architecture que par son ouverture sur de grands enjeux environnementaux. L'initiative est in\u00e9dite : construire en pleine jungle une \u00e9cole en bambous, qui conserve la rigueur d'un enseignement traditionnel, tou", "start_date": "2026-08-29T05:10:00+00:00", "title": "Echo-logis"}, {"desc": "Dans la petite ville d'Huizen, situ\u00e9e \u00e0 20 km d'Amsterdam, Sanna, Lucas et leurs deux enfants, ont emm\u00e9nag\u00e9 dans une maison moderne et parfaitement int\u00e9gr\u00e9e dans la for\u00eat.", "start_date": "2026-08-29T05:40:00+00:00", "title": "Echo-logis"}, {"desc": "C'est en Corr\u00e8ze, sur les hauteurs de Tulle que nous sommes all\u00e9s \u00e0 la d\u00e9couverte de la maison-yourte de Christiane et Jean-Fran\u00e7ois. Construite dans une approche bioclimatique et lab\u00e9lis\u00e9e b\u00e2timent basse consommation, elle s'est parfaitement int\u00e9gr\u00e9 \u00e0 l'environnement qui l'entoure.", "start_date": "2026-08-29T06:10:00+00:00", "title": "Echo-logis"}, {"desc": "Cap sur deux villages au charme authentique : Fontaine-le-Port, au bord de la Seine, et Bourron-Marlotte, berceau d'artistes et de nature. Au programme : rencontre avec Eric Schmitt, sculpteur, d\u00e9couverte du designer-architecte Jean-Guillaume Mathiaut et immersion dans l'univers de la plasticienne Delphine Ferr\u00e9.", "start_date": "2026-08-29T06:40:00+00:00", "title": "M comme Maison"}, {"desc": "Cap sur le littoral varois pour une immersion entre paysages m\u00e9diterran\u00e9ens, architectures inspir\u00e9es, cr\u00e9ations artisanales et tr\u00e9sors de seconde main. D\u00e9couverte du domaine du Rayol, perch\u00e9 entre mer et montagne. Leslie Vaccara sublime l'art de la seconde main en redonnant vie \u00e0 des pi\u00e8ces anciennes.", "start_date": "2026-08-29T07:40:00+00:00", "title": "M comme Maison"}, {"desc": "Cap sur le littoral varois, entre Hy\u00e8res la solaire et Toulon la vibrante. A Hy\u00e8res, l'ancien h\u00f4tel du Parc a \u00e9t\u00e9 r\u00e9invent\u00e9 avec audace par les architectes d'int\u00e9rieur Kim Haddou et Florent Dufourcq. A Toulon, place \u00e0 l'\u00e9nergie d'Alex Z, graffeur dont l'univers graphique s'invite dans la d\u00e9coration int\u00e9rieure.", "start_date": "2026-08-29T08:40:00+00:00", "title": "M comme Maison"}, {"desc": "Cap sur Casa Youm, maison d'h\u00f4tes perch\u00e9e sur les hauteurs de l'Estaque \u00e0 Marseille, o\u00f9 se conjuguent charme m\u00e9diterran\u00e9en, savoir-faire artisanal et atmosph\u00e8re chaleureuse. Rencontre ensuite avec Micka\u00ebl Koska, designer qui fa\u00e7onne objets, luminaires et mobilier aux lignes \u00e9pur\u00e9es, en privil\u00e9giant les mat\u00e9riaux recycl\u00e9s. Enfin, immersion \u00e0 la Coutellerie du Panier, o\u00f9 se cr\u00e9ent, pi\u00e8ce apr\u00e8s pi\u00e8ce", "start_date": "2026-08-29T09:40:00+00:00", "title": "M comme Maison"}, {"desc": "Magali Avignon, fondatrice d'Enamoura, ouvre les portes de sa maison au charme singulier. Rencontre ensuite avec B\u00e9atrice Sosna, de l'Atelier Poupe, qui transforme objets marins et cordages en luminaires responsables. Direction \u00e9galement un showroom d\u00e9di\u00e9 au mobilier et aux objets du XXe si\u00e8cle, tenu par deux passionn\u00e9es, avant de dresser le portrait de L\u00e9a Ca\u00efe, jeune c\u00e9ramiste qui mod\u00e8le \u00e0 la ma", "start_date": "2026-08-29T10:45:00+00:00", "title": "M comme Maison"}, {"desc": "Deux border collies, d\u00e9boussol\u00e9s, arrivent au refuge apr\u00e8s l'incarc\u00e9ration de leur ma\u00eetre. Adrien, patient et passionn\u00e9, tente de les apprivoiser.", "start_date": "2026-08-29T11:45:00+00:00", "title": "Chiens et chats sans collier"}, {"desc": "Cecilia et Tiffany, rendent visite \u00e0 Cerfeuil, un teckel, d\u00e9sormais accueilli par une famille pleine d'espoir. Leur mission : d\u00e9couvrir s'il a enfin trouv\u00e9 la paix.", "start_date": "2026-08-29T12:15:00+00:00", "title": "Chiens et chats sans collier"}, {"desc": "Adrien esp\u00e8re redonner le sourire \u00e0 une famille fid\u00e8le, endeuill\u00e9e par la perte de leur chien, en leur pr\u00e9sentant Cisco, un nouveau pensionnaire plein de potentiel.", "start_date": "2026-08-29T12:50:00+00:00", "title": "Chiens et chats sans collier"}, {"desc": "Marilys et Cecilia se penchent sur le cas de Falbala et ses six chiots, r\u00e9cemment abandonn\u00e9s dans des conditions choquantes. Direction la v\u00e9t\u00e9rinaire en urgence pour assurer leur sant\u00e9 fragile.", "start_date": "2026-08-29T13:20:00+00:00", "title": "Chiens et chats sans collier"}, {"desc": "La p\u00e9riode reste particuli\u00e8rement charg\u00e9e pour les employ\u00e9s du refuge. L'\u00e9quipe va au secours de Nalah qui est afflig\u00e9e d'une tumeur impressionnante \u00e0 la patte.", "start_date": "2026-08-29T13:55:00+00:00", "title": "Chiens et chats sans collier"}, {"desc": "Un chien abandonn\u00e9 la semaine pr\u00e9c\u00e9dente, trouve une famille. Un bichon n\u00e9glig\u00e9 est recueilli en piteux \u00e9tat. Un chien trop fusionnel avec sa ma\u00eetresse est confi\u00e9 au refuge.", "start_date": "2026-08-29T14:30:00+00:00", "title": "Chiens et chats sans collier"}, {"desc": "Au refuge Sans collier, les bonnes nouvelles alternent avec des moments de tristesse. Hermione, une petite chatte trouv\u00e9e en \u00e9tat critique, mobilise toute l'\u00e9quipe.", "start_date": "2026-08-29T15:00:00+00:00", "title": "Chiens et chats sans collier"}, {"desc": "Install\u00e9e dans des locaux flambant neufs, l'\u00e9quipe du refuge Sans collier d\u00e9couvre les d\u00e9fis d'un quotidien encore plus intense, et les \u00e9motions sont \u00e0 fleur de peau.", "start_date": "2026-08-29T15:30:00+00:00", "title": "Chiens et chats sans collier"}, {"desc": "Lucie et Lucien, deux rottweilers, sont arriv\u00e9s au refuge \u00e0 la suite de maltraitances. Sophie accueille Snope et Penia, deux petits chiens ins\u00e9parables.", "start_date": "2026-08-29T16:05:00+00:00", "title": "Chiens et chats sans collier"}, {"desc": "Plus de 400 animaux ont \u00e9t\u00e9 recueillis depuis le d\u00e9but de l'ann\u00e9e. Le refuge a donc besoin de renfort. C'est le premier jour de travail de Manon, la nouvelle recrue.", "start_date": "2026-08-29T16:35:00+00:00", "title": "Chiens et chats sans collier"}, {"desc": "S\u00e9par\u00e9 de son ma\u00eetre depuis six mois, en raison des inondations qui ont frapp\u00e9 la Belgique en 2021, Tchoupi ne se fait pas \u00e0 sa vie au refuge.", "start_date": "2026-08-29T17:05:00+00:00", "title": "Chiens et chats sans collier"}, {"desc": "Derri\u00e8re le quotidien du refuge, il y a le travail \u00e9norme de tous les b\u00e9n\u00e9voles, indispensables au bon fonctionnement du refuge et \u00e0 l'\u00e9quilibre des animaux.", "start_date": "2026-08-29T17:40:00+00:00", "title": "Chiens et chats sans collier"}, {"desc": "Une course contre la montre s'engage pour sauver Neige, un chat dans un \u00e9tat critique. De son c\u00f4t\u00e9, Fran\u00e7oise revient boulevers\u00e9e, le regard encore hant\u00e9 par celui d'un petit bouledogue.", "start_date": "2026-08-29T18:15:00+00:00", "title": "Chiens et chats sans collier"}, {"desc": null, "start_date": "2026-08-29T18:55:00+00:00", "title": "Calogero : Libert\u00e9 Ch\u00e9rie Tour"}, {"desc": "D\u00e8s le d\u00e9but de la mission \u00e0 Saqqarah, Zahi Hawass et son \u00e9quipe de scientifiques \u00e9gyptiens, ont la sensation que leur zone de fouille sera extr\u00eamement riche.", "start_date": "2026-08-29T21:20:00+00:00", "title": "La d\u00e9couverte des derniers tombeaux d'Egypte"}, {"desc": "Des dizaines de cercueils ont \u00e9t\u00e9 retrouv\u00e9s, mais Zahi Hawass trouve un sarcophage en pierre, qui aurait appartenu \u00e0 un vizir du Nouvel Empire.", "start_date": "2026-08-29T22:25:00+00:00", "title": "La d\u00e9couverte des derniers tombeaux d'Egypte"}, {"desc": "Une visite d'un Venise m\u00e9connu, \u00e0 travers les diff\u00e9rents lieux de la ville qui ont \u00e9t\u00e9 le th\u00e9\u00e2tre d'\u00e9v\u00e9nements \u00e9tranges ou de drames sanglants.", "start_date": "2026-08-29T23:30:00+00:00", "title": "Venise des myst\u00e8res"}, {"desc": "Du monde entier, des foules viennent contempler et implorer la Ville Sainte, dans laquelle on s'exalte et on se lamente, on se dispute et on se rassemble.", "start_date": "2026-08-30T00:35:00+00:00", "title": "Myst\u00e8res en Terre sainte"}, {"desc": "Thierry Michault a redonn\u00e9 une nouvelle vie contemporaine \u00e0 une ancienne ferme nourrici\u00e8re du ch\u00e2teau de Versailles. Visite d'un h\u00f4tel qui gr\u00e2ce \u00e0 l'architecte Christophe Bachmann a \u00e9t\u00e9 totalement m\u00e9tamorphos\u00e9 et d\u00e9cor\u00e9 avec \u00e9l\u00e9gance dans une ambiance d'atelier d'artiste ch\u00e8re au peintre Camille Corot.", "start_date": "2026-08-30T01:45:00+00:00", "title": "M comme Maison"}, {"desc": "C'est en Corr\u00e8ze, sur les hauteurs de Tulle que nous sommes all\u00e9s \u00e0 la d\u00e9couverte de la maison-yourte de Christiane et Jean-Fran\u00e7ois. Construite dans une approche bioclimatique et lab\u00e9lis\u00e9e b\u00e2timent basse consommation, elle s'est parfaitement int\u00e9gr\u00e9 \u00e0 l'environnement qui l'entoure.", "start_date": "2026-08-30T03:10:00+00:00", "title": "Echo-logis"}, {"desc": "Loin de cette agitation permanente qui a fait la r\u00e9putation de Los Angeles, David, Mayuko et leurs 3 enfants ont \u00e9lu domicile dans le quartier r\u00e9sidentiel de Culver City. A contre-courant des standards am\u00e9ricains, ils ont imagin\u00e9 une vaste maison \u00e9co-responsable de 200m2 au look architectural d\u00e9tonnant.", "start_date": "2026-08-30T03:40:00+00:00", "title": "Echo-logis"}, {"desc": "Sur l'\u00eele de Bainbridge situ\u00e9e \u00e0 30 min en ferry de Seattle, se trouve l'un des \u00e9co-quartiers les plus \u00e9cologiques des Etats-Unis, la Grow Community.", "start_date": "2026-08-30T04:10:00+00:00", "title": "Echo-logis"}, {"desc": "La cheffe Amandine Chaignot part au Japon sur l'\u00eele d'Hokkaido o\u00f9 produits locaux, recettes et d\u00e9couverte de l'\u00eele seront mis \u00e0 l'honneur.", "start_date": "2026-08-30T04:40:00+00:00", "title": "Delicious Food \u00e0 Hokkaido"}, {"desc": "La cheffe Amandine Chaignot part au Japon sur l'\u00eele d'Hokkaido o\u00f9 produits locaux, recettes et d\u00e9couverte de l'\u00eele seront mis \u00e0 l'honneur.", "start_date": "2026-08-30T05:10:00+00:00", "title": "Delicious Food \u00e0 Hokkaido"}, {"desc": "La cheffe Amandine Chaignot part au Japon sur l'\u00eele d'Hokkaido o\u00f9 produits locaux, recettes et d\u00e9couverte de l'\u00eele seront mis \u00e0 l'honneur.", "start_date": "2026-08-30T05:40:00+00:00", "title": "Delicious Food \u00e0 Hokkaido"}, {"desc": "La cheffe Amandine Chaignot part au Japon sur l'\u00eele d'Hokkaido o\u00f9 produits locaux, recettes et d\u00e9couverte de l'\u00eele seront mis \u00e0 l'honneur.", "start_date": "2026-08-30T06:10:00+00:00", "title": "Delicious Food \u00e0 Hokkaido"}, {"desc": "Certains voyages rappellent combien la nature est pr\u00e9cieuse. Au S\u00e9n\u00e9gal, les habitants prot\u00e8gent la baie du Sine Saloum et attirent une nouvelle g\u00e9n\u00e9ration d'expatri\u00e9s. En Afrique du Sud, le slow safari r\u00e9v\u00e8le lions, girafes et \u00e9l\u00e9phants depuis une montgolfi\u00e8re, au coeur d'une terre rest\u00e9e sauvage. Puis direction l'\u00c9quateur, entre volcans et paysages spectaculaires pour une aventure hors norme. Tr", "start_date": "2026-08-30T06:35:00+00:00", "title": "Un jour ailleurs"}, {"desc": "Et si l'on d\u00e9couvrait la destination de votre prochain week-end ? \u00c0 Chypre, histoire et mythologie se m\u00ealent aux eaux cristallines de la M\u00e9diterran\u00e9e. \u00c0 Mad\u00e8re, l'\u00eele secr\u00e8te du Portugal, l'impression de marcher au-dessus des nuages \u00e9merveille les voyageurs. Puis cap sur les Cinq Terres, en Italie, avec leurs villages color\u00e9s perch\u00e9s sur la falaise. Un tour d'Europe d\u00e9paysant... Un jour ailleurs, ", "start_date": "2026-08-30T07:35:00+00:00", "title": "Un jour ailleurs"}, {"desc": "Besoin d'\u00e9vasion et de nature ? Au large de la Colombie, l'archipel du Rosaire d\u00e9voile une biodiversit\u00e9 exceptionnelle entre mangroves, for\u00eats et bungalows nich\u00e9s dans la nature. \u00c0 l'\u00eele Maurice, la perle de l'oc\u00e9an Indien r\u00e9v\u00e8le un visage plus sauvage, entre cascades et nage avec les dauphins. Enfin, \u00e0 Porto, l'\u00e9nergie du Portugal se d\u00e9couvre le temps d'un week-end color\u00e9. Un jour ailleurs, c'est", "start_date": "2026-08-30T08:30:00+00:00", "title": "Un jour ailleurs"}, {"desc": "Du N\u00e9pal et ses paysages spectaculaires aux eaux cristallines de l'\u00eele de Hvar en Croatie, jusqu'aux dunes majestueuses du d\u00e9sert de Wadi Rum en Jordanie, trois destinations aux paysages saisissants invitent \u00e0 l'\u00e9vasion et \u00e0 l'aventure. Un jour ailleurs, c'est parti !", "start_date": "2026-08-30T09:25:00+00:00", "title": "Un jour ailleurs"}, {"desc": "Une avocate fra\u00eechement divorc\u00e9e est confront\u00e9e \u00e0 son ex-mari, avocat lui aussi : elle d\u00e9fend la fille d'une victime de meurtre, et lui, le coupable pr\u00e9sum\u00e9.", "start_date": "2026-08-30T10:25:00+00:00", "title": "La loi de..."}, {"desc": "Une avocate quinquag\u00e9naire, un peu immature, prend la d\u00e9fense d'un p\u00e8re de famille, accus\u00e9 d'avoir tu\u00e9 le dealer responsable de la mort de sa fille.", "start_date": "2026-08-30T12:10:00+00:00", "title": "La loi de..."}, {"desc": "Alors qu'il assure la d\u00e9fense du fils de sa m\u00e8re adoptive, accus\u00e9 du meurtre de sa ma\u00eetresse, un avocat p\u00e9naliste comprend qu'il s'est fait pi\u00e9ger.", "start_date": "2026-08-30T13:50:00+00:00", "title": "La loi de..."}, {"desc": "Le 9 ao\u00fbt 2004, les corps de Robert Drouvin et de sa compagne, Marianne Kubala, sont retrouv\u00e9s dans le parc de leur propri\u00e9t\u00e9 \u00e0 Vernou-sur-Brenne, en Indre-et-Loire. Le corps du vieil homme, 84 ans, est cach\u00e9 sous une b\u00e2che en plastique. Celui de sa compagne, 85 ans, est dissimul\u00e9 derri\u00e8re un tas de bois.", "start_date": "2026-08-30T15:35:00+00:00", "title": "Non \u00e9lucid\u00e9"}, {"desc": "Le 24 juin 1991, le corps de Ghislaine Marchal est retrouv\u00e9 gisant dans une mare de sang, dans la cave de sa villa de Mougins, pr\u00e8s de Cannes. Sur une porte menant \u00e0 la cave, les gendarmes d\u00e9couvrent une inscription en lettres de sang rest\u00e9e c\u00e9l\u00e8bre : \"Omar m'a tuer\". Ces mots semblent d\u00e9signer Omar Raddad, le jardinier de Ghislaine Marchal depuis trois ans.", "start_date": "2026-08-30T17:20:00+00:00", "title": "Non \u00e9lucid\u00e9"}, {"desc": "Du refus de la d\u00e9faite en 1940 au d\u00e9fil\u00e9 de la victoire en 1944, gros plan sur les quatre ann\u00e9es qui virent Charles de Gaulle s'imposer en rassembleur de la nation.", "start_date": "2026-08-30T18:55:00+00:00", "title": "L'homme du destin"}, {"desc": "Retour sur les onze ann\u00e9es au cours desquelles Charles de Gaulle \u00e9tait pr\u00e9sident de la Ve R\u00e9publique et portrait d'un homme politique de premier plan.", "start_date": "2026-08-30T20:45:00+00:00", "title": "De Gaulle, le dernier roi de France"}, {"desc": "Ce voyage pas comme les autres part \u00e0 la d\u00e9couverte des dix \u00e9glises les plus insolites de France, comme une p\u00e9niche transform\u00e9e en chapelle ou une \u00e9glise invisible.", "start_date": "2026-08-30T22:35:00+00:00", "title": "A la d\u00e9couverte des tr\u00e9sors sacr\u00e9s, la France en h\u00e9ritage"}, {"desc": "Les reliques, ces tr\u00e9sors l\u00e9gendaires, fascinent par leurs myst\u00e8res et leurs secrets, comme la couronne d'\u00e9pines du Christ ou les restes de Sainte Th\u00e9r\u00e8se de Lisieux.", "start_date": "2026-08-30T23:55:00+00:00", "title": "A la d\u00e9couverte des tr\u00e9sors sacr\u00e9s, la France en h\u00e9ritage"}], "offset": "+00:00", "timezone": "UTC", "error_code": -1, "start_date": "2026-08-29", "icon": ""}