{"end_date": "2026-08-31", "name": "T18", "info_url": "https://epg.pw/channels/435552/20260830.html", "country": "France", "description": null, "error_message": "", "provider": "", "source_url": "https://epg.pw/api/epg.json?channel_id=435552&date=20260830&timezone=None", "epg_list": [{"desc": "Du monde entier, des foules viennent contempler et implorer la Ville Sainte, dans laquelle on s'exalte et on se lamente, on se dispute et on se rassemble.", "start_date": "2026-08-30T00:35:00+00:00", "title": "Myst\u00e8res en Terre sainte"}, {"desc": "Thierry Michault a redonn\u00e9 une nouvelle vie contemporaine \u00e0 une ancienne ferme nourrici\u00e8re du ch\u00e2teau de Versailles. Visite d'un h\u00f4tel qui gr\u00e2ce \u00e0 l'architecte Christophe Bachmann a \u00e9t\u00e9 totalement m\u00e9tamorphos\u00e9 et d\u00e9cor\u00e9 avec \u00e9l\u00e9gance dans une ambiance d'atelier d'artiste ch\u00e8re au peintre Camille Corot.", "start_date": "2026-08-30T01:45:00+00:00", "title": "M comme Maison"}, {"desc": "C'est en Corr\u00e8ze, sur les hauteurs de Tulle que nous sommes all\u00e9s \u00e0 la d\u00e9couverte de la maison-yourte de Christiane et Jean-Fran\u00e7ois. Construite dans une approche bioclimatique et lab\u00e9lis\u00e9e b\u00e2timent basse consommation, elle s'est parfaitement int\u00e9gr\u00e9 \u00e0 l'environnement qui l'entoure.", "start_date": "2026-08-30T03:10:00+00:00", "title": "Echo-logis"}, {"desc": "Loin de cette agitation permanente qui a fait la r\u00e9putation de Los Angeles, David, Mayuko et leurs 3 enfants ont \u00e9lu domicile dans le quartier r\u00e9sidentiel de Culver City. A contre-courant des standards am\u00e9ricains, ils ont imagin\u00e9 une vaste maison \u00e9co-responsable de 200m2 au look architectural d\u00e9tonnant.", "start_date": "2026-08-30T03:40:00+00:00", "title": "Echo-logis"}, {"desc": "Sur l'\u00eele de Bainbridge situ\u00e9e \u00e0 30 min en ferry de Seattle, se trouve l'un des \u00e9co-quartiers les plus \u00e9cologiques des Etats-Unis, la Grow Community.", "start_date": "2026-08-30T04:10:00+00:00", "title": "Echo-logis"}, {"desc": "La cheffe Amandine Chaignot part au Japon sur l'\u00eele d'Hokkaido o\u00f9 produits locaux, recettes et d\u00e9couverte de l'\u00eele seront mis \u00e0 l'honneur.", "start_date": "2026-08-30T04:40:00+00:00", "title": "Delicious Food \u00e0 Hokkaido"}, {"desc": "La cheffe Amandine Chaignot part au Japon sur l'\u00eele d'Hokkaido o\u00f9 produits locaux, recettes et d\u00e9couverte de l'\u00eele seront mis \u00e0 l'honneur.", "start_date": "2026-08-30T05:10:00+00:00", "title": "Delicious Food \u00e0 Hokkaido"}, {"desc": "La cheffe Amandine Chaignot part au Japon sur l'\u00eele d'Hokkaido o\u00f9 produits locaux, recettes et d\u00e9couverte de l'\u00eele seront mis \u00e0 l'honneur.", "start_date": "2026-08-30T05:40:00+00:00", "title": "Delicious Food \u00e0 Hokkaido"}, {"desc": "La cheffe Amandine Chaignot part au Japon sur l'\u00eele d'Hokkaido o\u00f9 produits locaux, recettes et d\u00e9couverte de l'\u00eele seront mis \u00e0 l'honneur.", "start_date": "2026-08-30T06:10:00+00:00", "title": "Delicious Food \u00e0 Hokkaido"}, {"desc": "Certains voyages rappellent combien la nature est pr\u00e9cieuse. Au S\u00e9n\u00e9gal, les habitants prot\u00e8gent la baie du Sine Saloum et attirent une nouvelle g\u00e9n\u00e9ration d'expatri\u00e9s. En Afrique du Sud, le slow safari r\u00e9v\u00e8le lions, girafes et \u00e9l\u00e9phants depuis une montgolfi\u00e8re, au coeur d'une terre rest\u00e9e sauvage. Puis direction l'\u00c9quateur, entre volcans et paysages spectaculaires pour une aventure hors norme. Tr", "start_date": "2026-08-30T06:35:00+00:00", "title": "Un jour ailleurs"}, {"desc": "Et si l'on d\u00e9couvrait la destination de votre prochain week-end ? \u00c0 Chypre, histoire et mythologie se m\u00ealent aux eaux cristallines de la M\u00e9diterran\u00e9e. \u00c0 Mad\u00e8re, l'\u00eele secr\u00e8te du Portugal, l'impression de marcher au-dessus des nuages \u00e9merveille les voyageurs. Puis cap sur les Cinq Terres, en Italie, avec leurs villages color\u00e9s perch\u00e9s sur la falaise. Un tour d'Europe d\u00e9paysant... Un jour ailleurs, ", "start_date": "2026-08-30T07:35:00+00:00", "title": "Un jour ailleurs"}, {"desc": "Besoin d'\u00e9vasion et de nature ? Au large de la Colombie, l'archipel du Rosaire d\u00e9voile une biodiversit\u00e9 exceptionnelle entre mangroves, for\u00eats et bungalows nich\u00e9s dans la nature. \u00c0 l'\u00eele Maurice, la perle de l'oc\u00e9an Indien r\u00e9v\u00e8le un visage plus sauvage, entre cascades et nage avec les dauphins. Enfin, \u00e0 Porto, l'\u00e9nergie du Portugal se d\u00e9couvre le temps d'un week-end color\u00e9. Un jour ailleurs, c'est", "start_date": "2026-08-30T08:30:00+00:00", "title": "Un jour ailleurs"}, {"desc": "Du N\u00e9pal et ses paysages spectaculaires aux eaux cristallines de l'\u00eele de Hvar en Croatie, jusqu'aux dunes majestueuses du d\u00e9sert de Wadi Rum en Jordanie, trois destinations aux paysages saisissants invitent \u00e0 l'\u00e9vasion et \u00e0 l'aventure. Un jour ailleurs, c'est parti !", "start_date": "2026-08-30T09:25:00+00:00", "title": "Un jour ailleurs"}, {"desc": "Une avocate fra\u00eechement divorc\u00e9e est confront\u00e9e \u00e0 son ex-mari, avocat lui aussi : elle d\u00e9fend la fille d'une victime de meurtre, et lui, le coupable pr\u00e9sum\u00e9.", "start_date": "2026-08-30T10:25:00+00:00", "title": "La loi de..."}, {"desc": "Une avocate quinquag\u00e9naire, un peu immature, prend la d\u00e9fense d'un p\u00e8re de famille, accus\u00e9 d'avoir tu\u00e9 le dealer responsable de la mort de sa fille.", "start_date": "2026-08-30T12:10:00+00:00", "title": "La loi de..."}, {"desc": "Alors qu'il assure la d\u00e9fense du fils de sa m\u00e8re adoptive, accus\u00e9 du meurtre de sa ma\u00eetresse, un avocat p\u00e9naliste comprend qu'il s'est fait pi\u00e9ger.", "start_date": "2026-08-30T13:50:00+00:00", "title": "La loi de..."}, {"desc": "Le 9 ao\u00fbt 2004, les corps de Robert Drouvin et de sa compagne, Marianne Kubala, sont retrouv\u00e9s dans le parc de leur propri\u00e9t\u00e9 \u00e0 Vernou-sur-Brenne, en Indre-et-Loire. Le corps du vieil homme, 84 ans, est cach\u00e9 sous une b\u00e2che en plastique. Celui de sa compagne, 85 ans, est dissimul\u00e9 derri\u00e8re un tas de bois.", "start_date": "2026-08-30T15:35:00+00:00", "title": "Non \u00e9lucid\u00e9"}, {"desc": "Le 24 juin 1991, le corps de Ghislaine Marchal est retrouv\u00e9 gisant dans une mare de sang, dans la cave de sa villa de Mougins, pr\u00e8s de Cannes. Sur une porte menant \u00e0 la cave, les gendarmes d\u00e9couvrent une inscription en lettres de sang rest\u00e9e c\u00e9l\u00e8bre : \"Omar m'a tuer\". Ces mots semblent d\u00e9signer Omar Raddad, le jardinier de Ghislaine Marchal depuis trois ans.", "start_date": "2026-08-30T17:20:00+00:00", "title": "Non \u00e9lucid\u00e9"}, {"desc": "Du refus de la d\u00e9faite en 1940 au d\u00e9fil\u00e9 de la victoire en 1944, gros plan sur les quatre ann\u00e9es qui virent Charles de Gaulle s'imposer en rassembleur de la nation.", "start_date": "2026-08-30T18:55:00+00:00", "title": "L'homme du destin"}, {"desc": "Retour sur les onze ann\u00e9es au cours desquelles Charles de Gaulle \u00e9tait pr\u00e9sident de la Ve R\u00e9publique et portrait d'un homme politique de premier plan.", "start_date": "2026-08-30T20:45:00+00:00", "title": "De Gaulle, le dernier roi de France"}, {"desc": "Ce voyage pas comme les autres part \u00e0 la d\u00e9couverte des dix \u00e9glises les plus insolites de France, comme une p\u00e9niche transform\u00e9e en chapelle ou une \u00e9glise invisible.", "start_date": "2026-08-30T22:35:00+00:00", "title": "A la d\u00e9couverte des tr\u00e9sors sacr\u00e9s, la France en h\u00e9ritage"}, {"desc": "Les reliques, ces tr\u00e9sors l\u00e9gendaires, fascinent par leurs myst\u00e8res et leurs secrets, comme la couronne d'\u00e9pines du Christ ou les restes de Sainte Th\u00e9r\u00e8se de Lisieux.", "start_date": "2026-08-30T23:55:00+00:00", "title": "A la d\u00e9couverte des tr\u00e9sors sacr\u00e9s, la France en h\u00e9ritage"}, {"desc": "Retour sur l'histoire fascinante de la chapelle royale de Versailles ou encore celle du tombeau du dernier roi des Fran\u00e7ais dont l'h\u00e9ritier, le comte de Paris, effectue la visite.", "start_date": "2026-08-31T01:15:00+00:00", "title": "A la d\u00e9couverte des tr\u00e9sors sacr\u00e9s, la France en h\u00e9ritage"}, {"desc": "Un jeune touriste belge, Xavier Baligant, est retrouv\u00e9 tu\u00e9 de plusieurs coups de feu sur l'autoroute A31 non loin de Nancy, en juillet 2011, sur une aire de repos. Son assassinat ressemblant \u00e0 une v\u00e9ritable ex\u00e9cution, plusieurs questions se posent. Avait-il des ennemis qui auraient pu lui en vouloir ? S'est-il arr\u00eat\u00e9 par hasard ?", "start_date": "2026-08-31T02:45:00+00:00", "title": "Non \u00e9lucid\u00e9"}, {"desc": "Perpignan, juillet 2013. Francisco Benitez, un l\u00e9gionnaire, signale la disparition de sa femme, Marie-Jos\u00e9e, et de sa fille, Allison. Peu de temps apr\u00e8s Francisco Benitez est retrouv\u00e9 pendu dans sa caserne, le visage cagoul\u00e9. La Police Judiciaire de Montpellier va ouvrir une enqu\u00eate autour d'une question : Francisco Benitez a-t-il tu\u00e9 femme et enfant avant de se donner la mort ?", "start_date": "2026-08-31T04:20:00+00:00", "title": "Non \u00e9lucid\u00e9"}, {"desc": "En avril 2007, Ga\u00eblle Fosset, 21 ans, est retrouv\u00e9e morte chez elle \u00e0 Saint-Germain-la-Campagne, en Normandie. La jeune femme a re\u00e7u 66 coups de couteau. Les enqu\u00eateurs ont le sentiment qu'elle a volontairement ouvert la porte \u00e0 son agresseur. Mais aucun \u00e9l\u00e9ment tangible ne permet d'\u00e9lucider ce meurtre.", "start_date": "2026-08-31T06:00:00+00:00", "title": "Non \u00e9lucid\u00e9"}, {"desc": "Le 4 ao\u00fbt 1997, le corps de Christian Jambert, gendarme retrait\u00e9, est d\u00e9couvert \u00e0 Auxerre. Une carabine 22 Long Rifle est pos\u00e9e sur ses jambes. Le m\u00e9decin appel\u00e9 pour constater le d\u00e9c\u00e8s conclut au suicide. Des ann\u00e9es plus tard, ses enfants font rouvrir l'affaire. L'homme a visiblement \u00e9t\u00e9 assassin\u00e9.", "start_date": "2026-08-31T07:45:00+00:00", "title": "Non \u00e9lucid\u00e9"}, {"desc": "Le 1er juin 2011, les pompiers interviennent pour \u00e9teindre un incendie dans un magasin \u00e0 Louvroil dans le Nord. Ils d\u00e9couvrent au fond du local le corps calcin\u00e9 de Jean Moritz. L'autopsie r\u00e9v\u00e8le que la victime \u00e9tait morte avant que ne d\u00e9bute l'incendie. Les investigations peinent \u00e0 faire \u00e9clater la v\u00e9rit\u00e9. Mais les enfants de Jean Moritz remuent ciel et terre pour que la justice ne classe pas le d", "start_date": "2026-08-31T09:30:00+00:00", "title": "Non \u00e9lucid\u00e9"}, {"desc": "Julie se rend \u00e0 la campagne, \u00e0 la rencontre d'adeptes des cuissons en ext\u00e9rieur. La plupart s'en tiennent aux merguez, aux chipolatas ou aux c\u00f4telettes d'agneau. Mais le barbecue est tout un art et permet bien des fantaisies. Au cours de son voyage, Julie ira dans l'Aube au beau milieu de la for\u00eat de Br\u00e9vonnes, mais aussi dans le Massif des Bauges o\u00f9 grillades et neige font plut\u00f4t bon m\u00e9nage.", "start_date": "2026-08-31T11:10:00+00:00", "title": "Les carnets de Julie"}, {"desc": "Au sommaire : \"Les rouelles de veau \u00e0 la mancelle de G\u00e9rard\". - \"La tarte du verger sarthois de Jean-Franck\". - \"Le poulet farci aux rillettes\".", "start_date": "2026-08-31T12:15:00+00:00", "title": "Les carnets de Julie"}, {"desc": "Julie et Micheline partent sur la route du miel, \u00e0 travers les champs, les for\u00eats et les villes. Elle d\u00e9couvrent le pain d'\u00e9pices de Vercel et des recettes typiques du Vercors. Le tandem, s'int\u00e9resse par ailleurs aux abeilles noires. Des apiculteurs passionn\u00e9s se battent chaque jour pour la protection et la sauvegarde de cet insecte vieux de 80 millions d'ann\u00e9es.", "start_date": "2026-08-31T13:15:00+00:00", "title": "Les carnets de Julie"}, {"desc": "Julie Andrieu propose un voyage dans le Sud, entre la Vall\u00e9e du Rh\u00f4ne et la M\u00e9diterran\u00e9e, \u00e0 la d\u00e9couverte d'un fruit qu'on r\u00e9colte en novembre : l'olive.", "start_date": "2026-08-31T14:20:00+00:00", "title": "Les carnets de Julie"}, {"desc": "Brenda enqu\u00eate sur la mort d'un avocat sp\u00e9cialis\u00e9 dans les affaires de divorce. Elle soup\u00e7onne un meurtre. Le tueur est-il un des anciens clients du magistrat ?", "start_date": "2026-08-31T15:25:00+00:00", "title": "The Closer : L.A. enqu\u00eates prioritaires"}, {"desc": "Brenda enqu\u00eate sur la mort d'un avocat sp\u00e9cialis\u00e9 dans les affaires de divorce. Elle soup\u00e7onne un meurtre. Le tueur est-il un des anciens clients du magistrat ?", "start_date": "2026-08-31T16:15:00+00:00", "title": "The Closer : L.A. enqu\u00eates prioritaires"}, {"desc": "Un hold-up qui a mal tourn\u00e9 a co\u00fbt\u00e9 la vie \u00e0 deux agents. Un troisi\u00e8me est bless\u00e9. Lorsqu'il dispara\u00eet de sa chambre d'h\u00f4pital, Brenda se lance sur ses traces.", "start_date": "2026-08-31T17:10:00+00:00", "title": "The Closer : L.A. enqu\u00eates prioritaires"}, {"desc": "Brenda retrouve Wesley et tente de lui faire avouer tout ce qu'il sait \u00e0 propos du hold-up. Elle apprend alors qu'un nouveau braquage se pr\u00e9pare.", "start_date": "2026-08-31T18:00:00+00:00", "title": "The Closer : L.A. enqu\u00eates prioritaires"}, {"desc": "Un policier t\u00e9m\u00e9raire, sp\u00e9cialis\u00e9 dans la protection rapproch\u00e9e des t\u00e9moins importants, d\u00e9clare la guerre \u00e0 un important r\u00e9seau de trafiquants d'armes.", "start_date": "2026-08-31T18:55:00+00:00", "title": "L'Effaceur"}, {"desc": "De l'expertise, de l'humeur, des convictions... c'est le cocktail de \" Pour tout dire \". Du lundi au vendredi, \u00e0 22h40, Matthieu Croissandeau et ses invit\u00e9s d\u00e9battent des petits et grands sujets qui font l'actualit\u00e9, avec une grande libert\u00e9 de ton !", "start_date": "2026-08-31T20:55:00+00:00", "title": "Pour tout dire"}, {"desc": "De l'expertise, de l'humeur, des convictions... c'est le cocktail de \" Pour tout dire \". Du lundi au vendredi, \u00e0 22h40, Matthieu Croissandeau et ses invit\u00e9s d\u00e9battent des petits et grands sujets qui font l'actualit\u00e9, avec une grande libert\u00e9 de ton !", "start_date": "2026-08-31T21:25:00+00:00", "title": "Pour tout dire"}, {"desc": "En avril 2007, Ga\u00eblle Fosset, 21 ans, est retrouv\u00e9e morte chez elle \u00e0 Saint-Germain-la-Campagne, en Normandie. La jeune femme a re\u00e7u 66 coups de couteau. Les enqu\u00eateurs ont le sentiment qu'elle a volontairement ouvert la porte \u00e0 son agresseur. Mais aucun \u00e9l\u00e9ment tangible ne permet d'\u00e9lucider ce meurtre.", "start_date": "2026-08-31T22:30:00+00:00", "title": "Non \u00e9lucid\u00e9"}], "offset": "+00:00", "timezone": "UTC", "error_code": -1, "start_date": "2026-08-30", "icon": ""}