{"end_date": "2026-08-29", "name": "Servus TV \u00d6sterreich", "info_url": "https://epg.pw/channels/438450/20260828.html", "country": "Germany", "description": null, "error_message": "", "provider": "", "source_url": "https://epg.pw/api/epg.json?channel_id=438450&date=20260828&timezone=None", "epg_list": [{"desc": "Die ServusTV-Meteorologen bereisen den Alpenraum und produzieren Ihr Wetter jeden Tag von den sch\u00f6nsten Pl\u00e4tzen in den Regionen. Au\u00dferdem erfahren Sie beim Servus Wetter nicht nur, wie das Wetter wird, sondern auch, warum es so wird. (Senderinfo).", "start_date": "2026-08-28T18:10:00+00:00", "title": "Servus Wetter"}, {"desc": "Die Hochalmspitze, die \"Tauernk\u00f6nigin.", "start_date": "2026-08-28T18:15:00+00:00", "title": "Heimatleuchten"}, {"desc": "\"Zach ist es schon, und aufpassen muss man auch!\" Anna Enzinger tr\u00e4gt ihren fast zwanzig Kilogramm schweren Rucksack auf einem ausgesetzten Grat von der Wetterstation Sonnblick \u00fcber vierhundert H\u00f6henmeter zur Rojacher H\u00fctte. Ein Haus mit nur zehn Schlafpl\u00e4tzen, eine der kleinsten bewirtschafteten Bergh\u00fctten der Alpen. Und trotzdem werden die G\u00e4ste hier nicht mit Chili con Carne aus der Dose versor", "start_date": "2026-08-28T19:10:00+00:00", "title": "Am Limit \u2013 Die extremsten H\u00fctten \u00d6sterreichs"}, {"desc": "In ihrem Vodcast trifft Monika Gruber spannende, interessante, lustige und unterhaltsame Menschen, die etwas zu sagen haben. Denn wie sagte ihre Oma immer? \"Reden macht a Sach aus und bringt d'Leid zamm.\" Der Kabarettistin geht es um die hohe Kunst des Plauderns und Geschichtenerz\u00e4hlens und um menschliche Begegnungen. Thematisch ist es offen, nur langweilen darf es nicht und Tiefgang muss es haben", "start_date": "2026-08-28T20:10:00+00:00", "title": "Die Gruaberin"}, {"desc": "Die Hochalmspitze, die \"Tauernk\u00f6nigin.", "start_date": "2026-08-28T21:05:00+00:00", "title": "Heimatleuchten"}, {"desc": "\"Zach ist es schon, und aufpassen muss man auch!\" Anna Enzinger tr\u00e4gt ihren fast zwanzig Kilogramm schweren Rucksack auf einem ausgesetzten Grat von der Wetterstation Sonnblick \u00fcber vierhundert H\u00f6henmeter zur Rojacher H\u00fctte. Ein Haus mit nur zehn Schlafpl\u00e4tzen, eine der kleinsten bewirtschafteten Bergh\u00fctten der Alpen. Und trotzdem werden die G\u00e4ste hier nicht mit Chili con Carne aus der Dose versor", "start_date": "2026-08-28T22:00:00+00:00", "title": "Am Limit \u2013 Die extremsten H\u00fctten \u00d6sterreichs"}, {"desc": "In ihrem Vodcast trifft Monika Gruber spannende, interessante, lustige und unterhaltsame Menschen, die etwas zu sagen haben. Denn wie sagte ihre Oma immer? \"Reden macht a Sach aus und bringt d'Leid zamm.\" Der Kabarettistin geht es um die hohe Kunst des Plauderns und Geschichtenerz\u00e4hlens und um menschliche Begegnungen. Thematisch ist es offen, nur langweilen darf es nicht und Tiefgang muss es haben", "start_date": "2026-08-28T22:55:00+00:00", "title": "Die Gruaberin"}, {"desc": "Historische Vielfalt und einzigartige Naturjuwele pr\u00e4gen die Kulturregion entlang der Etsch von Meran bis zum Reschenpass. Die Kornkammer S\u00fcdtirols ist besonders im Fr\u00fchling eine Pracht. M\u00e4chtige Berge und anmutige T\u00e4ler, die Gegens\u00e4tze befeuern die Vielfalt: Fr\u00fcher galt der Vinschgau als eine sehr \u00e4rmliche Region, was sich bis heute in den fleischarmen Speisen der Einheimischen widerspiegelt. Die", "start_date": "2026-08-28T23:40:00+00:00", "title": "Heimatleuchten"}, {"desc": "Die gr\u00f6\u00dften jemals auf der Erde errichteten Monolithen wurden von den alten \u00c4gyptern vor mehr als 3.000 Jahren geschaffen. Diese beeindruckenden Bauwerke, bekannt als Obelisken, wogen bis zu etwa 500 Tonnen und \u00fcbertrafen damit den gr\u00f6\u00dften Monolithen von Stonehenge um ein Vielfaches. Die Obelisken wurden aus einem einzigen Granitblock perfekt gehauen und endeten in einer pyramidenf\u00f6rmigen Spitze. ", "start_date": "2026-08-29T00:30:00+00:00", "title": "Ancient Aliens \u2013 Unerkl\u00e4rliche Ph\u00e4nomene"}, {"desc": "Manches erinnern wir ein Leben lang, anderes vergessen wir sofort. Warum ist das so, und wie wir unser Ged\u00e4chtnis trainieren k\u00f6nnen, will \"P.M. Wissen\" Reporter Philipp McAllister von Dr. Luise Maria Sommer erfahren. Die zweifache \u00f6sterreichische Ged\u00e4chtnismeisterin ist der Ansicht, dass hinter einem guten Erinnerungsverm\u00f6gen nicht Begabung steckt, sondern die richtige Technik. Und die beruht auf ", "start_date": "2026-08-29T01:10:00+00:00", "title": "P.M. Wissen"}, {"desc": "Bilder aus der Vogelperspektive bilden den Kern von BilderWelten. In unterschiedlichen Specials finden Zeitlupen-Studien und Unterwasseraufnahmen ebenso Platz wie ein virtueller Flug \u00fcber die Oberfl\u00e4che des Mars. BilderWelten bietet Entspannung pur und ist rund um die Uhr als Online-Stream verf\u00fcgbar. (Senderinfo).", "start_date": "2026-08-29T01:55:00+00:00", "title": "BilderWelten"}, {"desc": "Warum schneiden Jugendliche bei der PISA-Studie immer schlechter ab? Eine Neurowissenschaftlerin aus Linz hat da eine spannende Theorie: Nicht das Ged\u00e4chtnis ist schuld \u2013 sondern die Art, wie wir lernen. Dr. Manuela Macedonia von der Johannes Kepler Universit\u00e4t zeigt in Experimenten, dass wir viel zu einseitig lernen \u2013 stillsitzen, lesen, merken. Doch unser Gehirn will mehr: Bewegung, Sinneseindr\u00fc", "start_date": "2026-08-29T02:20:00+00:00", "title": "TM Wissen Spezial"}, {"desc": "Ber\u00fchmt f\u00fcr die Gastronomie des Landes, seine landschaftliche Sch\u00f6nheit, die melodische Sprache und das au\u00dfergew\u00f6hnliche kulturelle Erbe \u2013 die Italiener sind stolz auf ihre Heimat, die Besucher aus aller Welt anzieht. Im Zeitalter der Globalisierung ist die Gesellschaft mit schier unl\u00f6sbaren Umweltproblemen konfrontiert. Umso wichtiger ist, dass es engagierte Menschen gibt, die ihre Umwelt sch\u00fctze", "start_date": "2026-08-29T03:05:00+00:00", "title": "Gr\u00fcne Zukunft \u2013 Helden des Alltags"}, {"desc": "Die ServusTV-Meteorologen bereisen den Alpenraum und produzieren Ihr Wetter jeden Tag von den sch\u00f6nsten Pl\u00e4tzen in den Regionen. Au\u00dferdem erfahren Sie beim Servus Wetter nicht nur, wie das Wetter wird, sondern auch, warum es so wird. (Senderinfo).", "start_date": "2026-08-29T03:55:00+00:00", "title": "Servus Wetter"}, {"desc": "ServusTV liefert Ihnen t\u00e4glich die sch\u00f6nsten Blickwinkel aus dem Alpenraum direkt in Ihr Wohnzimmer. Wir versorgen Sie mit einer aktuellen Wettervorhersage zu jedem Standort und pr\u00e4sentieren laufend die neuesten Meldungen aus der Nachrichtenwelt. Das Wetterpanorama bei Servus TV \u2013 t\u00e4glich ab 6 Uhr. (Senderinfo).", "start_date": "2026-08-29T04:00:00+00:00", "title": "Das Wetterpanorama bei ServusTV"}, {"desc": "Servus Wetter zeigt Ihnen jeden Tag, wie das Wetter im Servus-Raum wird. (Senderinfo).", "start_date": "2026-08-29T07:28:00+00:00", "title": "Servus Wetter"}, {"desc": "Anfang des 20. Jahrhunderts wurde Edgar Cayce, ein selbsternannter Prophet aus den H\u00fcgeln von Kentucky, zu einer weltweiten Sensation. Cayce behauptete, in Trance Visionen zu empfangen. Er wurde ber\u00fchmt daf\u00fcr, Krankheiten zu heilen. Eine seiner bekanntesten Heilungen betraf seine Frau, die an Tuberkulose erkrankt war. Neben seinen heilenden F\u00e4higkeiten sagte Cayce angeblich die Zukunft mit erstaun", "start_date": "2026-08-29T07:30:00+00:00", "title": "Ancient Aliens \u2013 Unerkl\u00e4rliche Ph\u00e4nomene"}, {"desc": "Ob Bergsteigen, Superboat-Rennen oder Kitesurfen \u2014 Hauptsache, extrem muss es sein. Faszinierende Action gab es z.B. Ende September beim Finale der Cliff-DivingSerie in Polignano a Mare. Dort lieferte nicht nur der Italiener Alessandro De Rose spektakul\u00e4re Spr\u00fcnge.", "start_date": "2026-08-29T08:10:00+00:00", "title": "World of Freesports"}, {"desc": "Servus Wetter zeigt Ihnen jeden Tag, wie das Wetter im Servus-Raum wird. (Senderinfo).", "start_date": "2026-08-29T08:38:00+00:00", "title": "Servus Wetter"}, {"desc": "Wenn die Motoren aufheulen und die Weltelite um jede Kurve k\u00e4mpft, ist es Zeit f\u00fcr MotoGP bei ServusTV. Erlebe spektakul\u00e4re \u00dcberholman\u00f6ver und packende Duelle \u2013 mit fundierten Experten-Analysen, exklusiven Einblicken und Stimmen direkt aus dem Fahrerlager. ServusTV bringt dir alle Rennen der K\u00f6nigsklasse des Motorradsports hautnah und live ins Wohnzimmer. Mehr Speed. Mehr Spannung. Mehr MotoGP. (S", "start_date": "2026-08-29T08:40:00+00:00", "title": "Motorrad: Gro\u00dfer Preis von Aragonien"}, {"desc": "Wenn die Motoren aufheulen und die Weltelite um jede Kurve k\u00e4mpft, ist es Zeit f\u00fcr MotoGP bei ServusTV. Erlebe spektakul\u00e4re \u00dcberholman\u00f6ver und packende Duelle \u2013 mit fundierten Experten-Analysen, exklusiven Einblicken und Stimmen direkt aus dem Fahrerlager. ServusTV bringt dir alle Rennen der K\u00f6nigsklasse des Motorradsports hautnah und live ins Wohnzimmer. Mehr Speed. Mehr Spannung. Mehr MotoGP. (S", "start_date": "2026-08-29T08:50:00+00:00", "title": "Motorrad: Gro\u00dfer Preis von Aragonien"}, {"desc": "Wenn die Motoren aufheulen und die Weltelite um jede Kurve k\u00e4mpft, ist es Zeit f\u00fcr MotoGP bei ServusTV. Erlebe spektakul\u00e4re \u00dcberholman\u00f6ver und packende Duelle \u2013 mit fundierten Experten-Analysen, exklusiven Einblicken und Stimmen direkt aus dem Fahrerlager. ServusTV bringt dir alle Rennen der K\u00f6nigsklasse des Motorradsports hautnah und live ins Wohnzimmer. Mehr Speed. Mehr Spannung. Mehr MotoGP. (S", "start_date": "2026-08-29T09:35:00+00:00", "title": "Motorrad: Gro\u00dfer Preis von Aragonien"}, {"desc": "\u00dcber Jahrtausende lebten unsere Vorfahren als J\u00e4ger und Sammler, bis sie sesshaft wurden und Landwirtschaft betrieben! \u00dcber viele Jahrtausende sicherten immer wieder neue Entwicklungen die Ern\u00e4hrung der Menschheit. Doch das Motto, gr\u00f6\u00dfer und schneller, st\u00f6\u00dft an seine nat\u00fcrlichen Grenzen. Die Landwirtschaft steckt gewisserma\u00dfen in der Krise. Extremere Wetterbedingungen bedrohen nicht nur die Ernten", "start_date": "2026-08-29T09:50:00+00:00", "title": "Gro\u00dfe Erfindungen"}, {"desc": "Wenn die Motoren aufheulen und die Weltelite um jede Kurve k\u00e4mpft, ist es Zeit f\u00fcr MotoGP bei ServusTV. Erlebe spektakul\u00e4re \u00dcberholman\u00f6ver und packende Duelle \u2013 mit fundierten Experten-Analysen, exklusiven Einblicken und Stimmen direkt aus dem Fahrerlager. ServusTV bringt dir alle Rennen der K\u00f6nigsklasse des Motorradsports hautnah und live ins Wohnzimmer. Mehr Speed. Mehr Spannung. Mehr MotoGP. (S", "start_date": "2026-08-29T10:40:00+00:00", "title": "Motorrad: Gro\u00dfer Preis von Aragonien"}, {"desc": "Wenn die Motoren aufheulen und die Weltelite um jede Kurve k\u00e4mpft, ist es Zeit f\u00fcr MotoGP bei ServusTV. Erlebe spektakul\u00e4re \u00dcberholman\u00f6ver und packende Duelle \u2013 mit fundierten Experten-Analysen, exklusiven Einblicken und Stimmen direkt aus dem Fahrerlager. ServusTV bringt dir alle Rennen der K\u00f6nigsklasse des Motorradsports hautnah und live ins Wohnzimmer. Mehr Speed. Mehr Spannung. Mehr MotoGP. (S", "start_date": "2026-08-29T10:45:00+00:00", "title": "Motorrad: Gro\u00dfer Preis von Aragonien"}, {"desc": "Wenn die Motoren aufheulen und die Weltelite um jede Kurve k\u00e4mpft, ist es Zeit f\u00fcr MotoGP bei ServusTV. Erlebe spektakul\u00e4re \u00dcberholman\u00f6ver und packende Duelle \u2013 mit fundierten Experten-Analysen, exklusiven Einblicken und Stimmen direkt aus dem Fahrerlager. ServusTV bringt dir alle Rennen der K\u00f6nigsklasse des Motorradsports hautnah und live ins Wohnzimmer. Mehr Speed. Mehr Spannung. Mehr MotoGP. (S", "start_date": "2026-08-29T11:40:00+00:00", "title": "Motorrad: Gro\u00dfer Preis von Aragonien"}, {"desc": "Wenn die Motoren aufheulen und die Weltelite um jede Kurve k\u00e4mpft, ist es Zeit f\u00fcr MotoGP bei ServusTV. Erlebe spektakul\u00e4re \u00dcberholman\u00f6ver und packende Duelle \u2013 mit fundierten Experten-Analysen, exklusiven Einblicken und Stimmen direkt aus dem Fahrerlager. ServusTV bringt dir alle Rennen der K\u00f6nigsklasse des Motorradsports hautnah und live ins Wohnzimmer. Mehr Speed. Mehr Spannung. Mehr MotoGP. (S", "start_date": "2026-08-29T12:25:00+00:00", "title": "Motorrad: Gro\u00dfer Preis von Aragonien"}, {"desc": "Wenn die Motoren aufheulen und die Weltelite um jede Kurve k\u00e4mpft, ist es Zeit f\u00fcr MotoGP bei ServusTV. Erlebe spektakul\u00e4re \u00dcberholman\u00f6ver und packende Duelle \u2013 mit fundierten Experten-Analysen, exklusiven Einblicken und Stimmen direkt aus dem Fahrerlager. ServusTV bringt dir alle Rennen der K\u00f6nigsklasse des Motorradsports hautnah und live ins Wohnzimmer. Mehr Speed. Mehr Spannung. Mehr MotoGP. (S", "start_date": "2026-08-29T13:00:00+00:00", "title": "Motorrad: Gro\u00dfer Preis von Aragonien"}, {"desc": "Wenn die Motoren aufheulen und die Weltelite um jede Kurve k\u00e4mpft, ist es Zeit f\u00fcr MotoGP bei ServusTV. Erlebe spektakul\u00e4re \u00dcberholman\u00f6ver und packende Duelle \u2013 mit fundierten Experten-Analysen, exklusiven Einblicken und Stimmen direkt aus dem Fahrerlager. ServusTV bringt dir alle Rennen der K\u00f6nigsklasse des Motorradsports hautnah und live ins Wohnzimmer. Mehr Speed. Mehr Spannung. Mehr MotoGP. (S", "start_date": "2026-08-29T13:25:00+00:00", "title": "Motorrad: Gro\u00dfer Preis von Aragonien"}, {"desc": "Mit den Red Bull Romaniacs geht auch dieses Jahr wieder die h\u00e4rteste aller Enduro-Rallyes in Szene: An f\u00fcnf Tagen m\u00fcssen sich die Piloten dabei im Kampf um den Sieg in der Wildnis Rum\u00e4niens beweisen. Die Highlights des Events im Video! (Senderinfo).", "start_date": "2026-08-29T13:40:00+00:00", "title": "Red Bull Romaniacs"}, {"desc": "Ob Bergsteigen, Superboat-Rennen oder Kitesurfen \u2014 Hauptsache, extrem muss es sein. Faszinierende Action gab es z.B. Ende September beim Finale der Cliff-DivingSerie in Polignano a Mare. Dort lieferte nicht nur der Italiener Alessandro De Rose spektakul\u00e4re Spr\u00fcnge.", "start_date": "2026-08-29T14:45:00+00:00", "title": "World of Freesports"}, {"desc": "Die ServusTV-Meteorologen bereisen den Alpenraum und produzieren Ihr Wetter jeden Tag von den sch\u00f6nsten Pl\u00e4tzen in den Regionen. Au\u00dferdem erfahren Sie beim Servus Wetter nicht nur, wie das Wetter wird, sondern auch, warum es so wird. (Senderinfo).", "start_date": "2026-08-29T14:50:00+00:00", "title": "Servus Wetter"}, {"desc": "Str\u00f6mungen, Dunkelheit, N\u00e4hrstoffmangel \u2014 die 4. Episode der \u201eTerra X\u201c-Reihe beschreibt die \u00dcberlebenstricks von Wasserpflanzen. Wie etwa der Riesenseerose aus dem Amazonasgebiet, deren Bl\u00e4tter einen Durchmesser von zwei Metern erreichen.", "start_date": "2026-08-29T14:55:00+00:00", "title": "Unser gr\u00fcner Planet"}, {"desc": "Heimatbilder portraitiert \u00d6sterreichs besondere Orte und Pers\u00f6nlichkeiten und hat den einen oder anderen Geheimtipp auf Lager. (Senderinfo).", "start_date": "2026-08-29T15:50:00+00:00", "title": "Heimatbilder"}, {"desc": "Kompakt, informativ, unabh\u00e4ngig & neutral: Servus Nachrichten 18:00 \u2013 die Nachrichten bei ServusTV (Senderinfo).", "start_date": "2026-08-29T16:00:00+00:00", "title": "Servus Nachrichten 18:00"}, {"desc": "Die ServusTV-Meteorologen bereisen den Alpenraum und produzieren Ihr Wetter jeden Tag von den sch\u00f6nsten Pl\u00e4tzen in den Regionen. Au\u00dferdem erfahren Sie beim Servus Wetter nicht nur, wie das Wetter wird, sondern auch, warum es so wird. (Senderinfo).", "start_date": "2026-08-29T16:02:00+00:00", "title": "Servus Wetter"}, {"desc": "Wird das \u00fcber 150 Jahre alte Gem\u00e4lde im Pulheimer Walzwerk f\u00fcr hohe Gebote sorgen? Die Expertin Dr. Bianca Berding zeigt sich verhalten begeistert von der Landschaftsansicht aus dem Jahre 1871. Bei dem Gem\u00e4lde handelt es sich um \u00d6l auf Leinwand, das von dem K\u00fcnstler Hugo Ullik signiert und datiert wurde. Doch wie taxiert sie das k\u00fcnstlerische Werk, das nicht das qualitativ beste und hochwertigste ", "start_date": "2026-08-29T16:10:00+00:00", "title": "Bares f\u00fcr Rares"}, {"desc": "News und Hintergr\u00fcnde zu allen Sportarten: Fu\u00dfball, Motorsport, Wintersport, u.v.m. Servus Sport aktuell 19:17 bei Servus TV (Senderinfo).", "start_date": "2026-08-29T17:17:00+00:00", "title": "Servus Sport aktuell"}, {"desc": "Servus Nachrichten. Mo-So, 19:20 Uhr. Nachrichten aus \u00d6sterreich und der Welt \u2013 unabh\u00e4ngig und neutral. (Senderinfo).", "start_date": "2026-08-29T17:20:00+00:00", "title": "Servus Nachrichten 19:20"}, {"desc": "Spektakul\u00e4re Action, starke Sportmomente und \u00fcberraschende Einblicke in die Welt von Red Bull: BMX-Profi Senad Grosic und HYROX-Athletin und Content Creatorin Imke Salander pr\u00e4sentieren die beeindruckendsten Clips, treffen spannende G\u00e4ste und stellen sich humorvollen Challenges. (Senderinfo).", "start_date": "2026-08-29T17:30:00+00:00", "title": "Best Of \u2013 Die Clipshow mit Imke & Senad"}, {"desc": "Die ServusTV-Meteorologen bereisen den Alpenraum und produzieren Ihr Wetter jeden Tag von den sch\u00f6nsten Pl\u00e4tzen in den Regionen. Au\u00dferdem erfahren Sie beim Servus Wetter nicht nur, wie das Wetter wird, sondern auch, warum es so wird. (Senderinfo).", "start_date": "2026-08-29T18:10:00+00:00", "title": "Servus Wetter"}, {"desc": "Ein Fremder reitet irgendwann gegen Ende des 19. Jahrhunderts in ein abgelegenes Bergdorf, in ein Hochtal, das der Schnee bald von der \u00fcbrigen Welt abschneiden wird. Greider (Riley), so hei\u00dft der wortkarge Mann, ein Amerikaner und Fotograf. \\n\\nF\u00fcr einen Beutel M\u00fcnzen nimmt er \u00fcber den Winter Quartier auf dem Hof von Luzi (Paula Beer) und ihrer Mutter. Die S\u00f6hne des \u00f6rtlichen Patriarchen Brenner h", "start_date": "2026-08-29T18:15:00+00:00", "title": "Das finstere Tal"}, {"desc": "\u201eMein Vater ist gestorben \u2013 zum zweiten Mal.\u201c Als sich die Mossad-Agentin mit dem Tarnnamen Rachel durch diesen kryptischen Anruf nach langer Zeit wieder bei ihrem fr\u00fcheren F\u00fchrungsoffizier Thomas meldet, herrscht beim israelischen Auslandsgeheimdienst helle Aufregung. \\n\\nIn K\u00f6ln kommt ein Krisenteam zusammen und nimmt Thomas in die Mangel: Was wei\u00df er \u00fcber die von ihm angeworbene Agentin, die vo", "start_date": "2026-08-29T20:15:00+00:00", "title": "Die Agentin"}, {"desc": "Ein Fremder reitet irgendwann gegen Ende des 19. Jahrhunderts in ein abgelegenes Bergdorf, in ein Hochtal, das der Schnee bald von der \u00fcbrigen Welt abschneiden wird. Greider (Riley), so hei\u00dft der wortkarge Mann, ein Amerikaner und Fotograf. \\n\\nF\u00fcr einen Beutel M\u00fcnzen nimmt er \u00fcber den Winter Quartier auf dem Hof von Luzi (Paula Beer) und ihrer Mutter. Die S\u00f6hne des \u00f6rtlichen Patriarchen Brenner h", "start_date": "2026-08-29T22:15:00+00:00", "title": "Das finstere Tal"}], "offset": "+00:00", "timezone": "UTC", "error_code": -1, "start_date": "2026-08-28", "icon": ""}