{"end_date": "2026-09-06", "name": "Servus TV \u00d6sterreich", "info_url": "https://epg.pw/channels/438450/20260905.html", "country": "Germany", "description": null, "error_message": "", "provider": "", "source_url": "https://epg.pw/api/epg.json?channel_id=438450&date=20260905&timezone=None", "epg_list": [{"desc": "Conny B\u00fcrgler n\u00e4hert sich dem See nostalgisch \u2013 sie reist mit der alten \"Elektrischen.", "start_date": "2026-09-05T00:00:00+00:00", "title": "Heimatleuchten"}, {"desc": "Mitten in Wien steht ein faszinierendes Paradoxon: Ein Kriegsrelikt, das heute Leben in H\u00fclle und F\u00fclle beherbergt. Im sechsten Bezirk hat sich ein ehemaliger Flakturm in eine maritime Oase verwandelt \u2013 das Haus des Meeres. Aber wie bringt man eigentlich einen Ozean in ein Hochhaus? TM Wissen taucht gemeinsam mit Tierarzt Jeff Schreiner in die Geheimnisse dieses vertikalen Unterwasserreichs ein. /", "start_date": "2026-09-05T00:45:00+00:00", "title": "TM Wissen"}, {"desc": "Bilder aus der Vogelperspektive bilden den Kern von BilderWelten. In unterschiedlichen Specials finden Zeitlupen-Studien und Unterwasseraufnahmen ebenso Platz wie ein virtueller Flug \u00fcber die Oberfl\u00e4che des Mars. BilderWelten bietet Entspannung pur und ist rund um die Uhr als Online-Stream verf\u00fcgbar. (Senderinfo).", "start_date": "2026-09-05T01:30:00+00:00", "title": "BilderWelten"}, {"desc": "Ausgediente Batterien, Akkus und andere Energiequellen f\u00fcr Elektronik geh\u00f6ren eigentlich in spezielle Sammelboxen. Landen sie aber im Hausm\u00fcll, werden sie brandgef\u00e4hrlich \u2013 mit katastrophalen Folgen. Im Battery Lab des Austrian Institute for Technology t\u00fcfteln Wissenschaftler an einer L\u00f6sung, wie die Gefahr gebannt werden kann /; Vielen \u00f6sterreichischen Apfel- und anderen Kernobstsorten droht das ", "start_date": "2026-09-05T02:20:00+00:00", "title": "TM Wissen"}, {"desc": "Von der Hektik New York Citys zur W\u00fcste Utahs, von den B\u00fcros im Silicon Valley zur Ranch in Texas: Die USA sind eine Nation der Paradoxe und Extreme, ein Einwanderungsland, das schon immer neue Lebensperspektiven geboten hat und ein Land, in dem alles m\u00f6glich zu sein scheint. Die modernen Pioniere der Gegenwart wollen den \u00dcbergang zu nachhaltiger Landwirtschaft f\u00f6rdern, verantwortungsvolle Archite", "start_date": "2026-09-05T03:05:00+00:00", "title": "Gr\u00fcne Zukunft \u2013 Helden des Alltags"}, {"desc": "Die ServusTV-Meteorologen bereisen den Alpenraum und produzieren Ihr Wetter jeden Tag von den sch\u00f6nsten Pl\u00e4tzen in den Regionen. Au\u00dferdem erfahren Sie beim Servus Wetter nicht nur, wie das Wetter wird, sondern auch, warum es so wird. (Senderinfo).", "start_date": "2026-09-05T03:55:00+00:00", "title": "Servus Wetter"}, {"desc": "ServusTV liefert Ihnen t\u00e4glich die sch\u00f6nsten Blickwinkel aus dem Alpenraum direkt in Ihr Wohnzimmer. Wir versorgen Sie mit einer aktuellen Wettervorhersage zu jedem Standort und pr\u00e4sentieren laufend die neuesten Meldungen aus der Nachrichtenwelt. Das Wetterpanorama bei Servus TV \u2013 t\u00e4glich ab 6 Uhr. (Senderinfo).", "start_date": "2026-09-05T04:00:00+00:00", "title": "Das Wetterpanorama bei ServusTV"}, {"desc": "Servus Wetter zeigt Ihnen jeden Tag, wie das Wetter im Servus-Raum wird. (Senderinfo).", "start_date": "2026-09-05T07:03:00+00:00", "title": "Servus Wetter"}, {"desc": "Die Entdeckung der mehr als 11.000 Jahre alten Megalithbauten von Karahan Tepe hat die arch\u00e4ologische Welt erstaunt, denn diese Anlage zeigt technische F\u00e4higkeiten, die weit \u00fcber das hinausgehen, was man den Menschen jener Zeit zugetraut hatte. Diese St\u00e4tte, gelegen in der heutigen T\u00fcrkei, ist Teil der Region Ta\u015f Tepeler, die eine Vielzahl pr\u00e4historischer St\u00e4tten umfasst. Karahan Tepe wird oft mit", "start_date": "2026-09-05T07:05:00+00:00", "title": "Ancient Aliens \u2013 Unerkl\u00e4rliche Ph\u00e4nomene"}, {"desc": "Die Geschichte eines erstaunlichen Moments in der Vergangenheit der Erde: Als fast der gesamte Planet gefroren war! Eis bedeckte den Planeten bis zum \u00c4quator, und Flora und Fauna k\u00e4mpften ums \u00dcberleben. Vor 800 Millionen Jahren, lange vor dem Zeitalter der Dinosaurier, lange bevor es \u00fcberhaupt Tiere gab, bricht der riesige Superkontinent Rodinia auseinander. Gewaltige tektonische Kr\u00e4fte sind am We", "start_date": "2026-09-05T07:55:00+00:00", "title": "Die Erde \u2013 Entstehung des Lebens"}, {"desc": "Servus Wetter zeigt Ihnen jeden Tag, wie das Wetter im Servus-Raum wird. (Senderinfo).", "start_date": "2026-09-05T08:48:00+00:00", "title": "Servus Wetter"}, {"desc": "Bier \u2013 eines der \u00e4ltesten und am weitesten verbreiteten Getr\u00e4nke der Menschheitsgeschichte. Seine Erfindung liegt so weit zur\u00fcck, dass wir nicht einmal mehr wissen, wie genau diese ablief. War es reiner Zufall? Oder der gewitzte Einfall der ersten sesshaften Menschen, die Getreide nicht nur als Nahrungsmittel ansahen, sondern auch als potenziellen Durstl\u00f6scher erkannten? Seit \u00fcber 10.000 Jahren is", "start_date": "2026-09-05T08:50:00+00:00", "title": "Gro\u00dfe Erfindungen"}, {"desc": "Ob Bergsteigen, Superboat-Rennen oder Kitesurfen \u2014 Hauptsache, extrem muss es sein. Faszinierende Action gab es z.B. Ende September beim Finale der Cliff-DivingSerie in Polignano a Mare. Dort lieferte nicht nur der Italiener Alessandro De Rose spektakul\u00e4re Spr\u00fcnge.", "start_date": "2026-09-05T09:40:00+00:00", "title": "World of Freesports"}, {"desc": "Servus Wetter zeigt Ihnen jeden Tag, wie das Wetter im Servus-Raum wird. (Senderinfo).", "start_date": "2026-09-05T10:13:00+00:00", "title": "Servus Wetter"}, {"desc": "Neue Teamkonstellationen, eine komplett neue Fahrergeneration und ein technisches Regelwerk, das alles auf den Kopf stellen k\u00f6nnte \u2013 die Formel-1-Saison 2026 verspricht eines der spannendsten Jahre der j\u00fcngeren Geschichte zu werden. Mit dem Start der neuen Motoren-\u00c4ra und \u00fcberarbeiteten Aerodynamik-Regeln beginnt ein v\u00f6llig neues Kapitel der K\u00f6nigsklasse. Lando Norris geht als Titelverteidiger ins", "start_date": "2026-09-05T10:15:00+00:00", "title": "Formel 1: Gro\u00dfer Preis von Italien"}, {"desc": "Servus Wetter zeigt Ihnen jeden Tag, wie das Wetter im Servus-Raum wird. (Senderinfo).", "start_date": "2026-09-05T11:48:00+00:00", "title": "Servus Wetter"}, {"desc": "Das neue ServusTV-Format \"Herzensmarken\" bietet einen Blick hinter die Kulissen von bekannten \u00f6sterreichischen Traditionsmarken mit ihren beliebtesten Produkten und begleitet ihre Entstehung. Jede Sendung f\u00fchrt das Duo Pascal Kitzm\u00fcller und Karl L\u00f6wenherz (\"2:tages:bart\") in eine Fabrik, in der die beiden die Herstellung eines Produkts Schritt f\u00fcr Schritt nachvollziehen. Von den Rohstoffen bis zum", "start_date": "2026-09-05T11:50:00+00:00", "title": "Herzensmarken"}, {"desc": "Spektakul\u00e4re Action, starke Sportmomente und \u00fcberraschende Einblicke in die Welt von Red Bull: BMX-Profi Senad Grosic und HYROX-Athletin und Content Creatorin Imke Salander pr\u00e4sentieren die beeindruckendsten Clips, treffen spannende G\u00e4ste und stellen sich humorvollen Challenges. (Senderinfo).", "start_date": "2026-09-05T12:50:00+00:00", "title": "Best Of \u2013 Die Clipshow mit Imke & Senad"}, {"desc": "Neue Teamkonstellationen, eine komplett neue Fahrergeneration und ein technisches Regelwerk, das alles auf den Kopf stellen k\u00f6nnte \u2013 die Formel-1-Saison 2026 verspricht eines der spannendsten Jahre der j\u00fcngeren Geschichte zu werden. Mit dem Start der neuen Motoren-\u00c4ra und \u00fcberarbeiteten Aerodynamik-Regeln beginnt ein v\u00f6llig neues Kapitel der K\u00f6nigsklasse. Lando Norris geht als Titelverteidiger ins", "start_date": "2026-09-05T13:30:00+00:00", "title": "Formel 1: Gro\u00dfer Preis von Italien"}, {"desc": "Neue Teamkonstellationen, eine komplett neue Fahrergeneration und ein technisches Regelwerk, das alles auf den Kopf stellen k\u00f6nnte \u2013 die Formel-1-Saison 2026 verspricht eines der spannendsten Jahre der j\u00fcngeren Geschichte zu werden. Mit dem Start der neuen Motoren-\u00c4ra und \u00fcberarbeiteten Aerodynamik-Regeln beginnt ein v\u00f6llig neues Kapitel der K\u00f6nigsklasse. Lando Norris geht als Titelverteidiger ins", "start_date": "2026-09-05T14:00:00+00:00", "title": "Formel 1: Gro\u00dfer Preis von Italien"}, {"desc": "Neue Teamkonstellationen, eine komplett neue Fahrergeneration und ein technisches Regelwerk, das alles auf den Kopf stellen k\u00f6nnte \u2013 die Formel-1-Saison 2026 verspricht eines der spannendsten Jahre der j\u00fcngeren Geschichte zu werden. Mit dem Start der neuen Motoren-\u00c4ra und \u00fcberarbeiteten Aerodynamik-Regeln beginnt ein v\u00f6llig neues Kapitel der K\u00f6nigsklasse. Lando Norris geht als Titelverteidiger ins", "start_date": "2026-09-05T15:00:00+00:00", "title": "Formel 1: Gro\u00dfer Preis von Italien"}, {"desc": "Start frei f\u00fcr die FIM Superbike World Championship 2024! An 12 Rennwochenenden rund um den Globus k\u00e4mpfen 23 Fahrer um die Spitze der Weltmeisterschaft \u2013 und mit ServusTV verpassen Sie nichts! Erleben Sie nicht nur die packende Rennaction hautnah, sondern auch die wichtigsten Interviews und die emotionalsten Momente am Siegertreppchen. Wir liefern Ihnen die Faszination des Motorsports direkt ins ", "start_date": "2026-09-05T15:20:00+00:00", "title": "Superbike: Weltmeisterschaft"}, {"desc": "Kompakt, informativ, unabh\u00e4ngig & neutral: Servus Nachrichten 18:00 \u2013 die Nachrichten bei ServusTV (Senderinfo).", "start_date": "2026-09-05T16:00:00+00:00", "title": "Servus Nachrichten 18:00"}, {"desc": "Die ServusTV-Meteorologen bereisen den Alpenraum und produzieren Ihr Wetter jeden Tag von den sch\u00f6nsten Pl\u00e4tzen in den Regionen. Au\u00dferdem erfahren Sie beim Servus Wetter nicht nur, wie das Wetter wird, sondern auch, warum es so wird. (Senderinfo).", "start_date": "2026-09-05T16:02:00+00:00", "title": "Servus Wetter"}, {"desc": "Verf\u00fcgbar in \u00d6sterreich. Der Livestream der Formel 3 zeigt das Sprintrennen beim Grand Prix von Italien. (Senderinfo).", "start_date": "2026-09-05T16:10:00+00:00", "title": "Formel 3: FIA-Meisterschaft"}, {"desc": "Die Formel 2 bei ServusTV in voller L\u00e4nge. Alle Rennen, alle Highlights der Stars von morgen mit deutschem Kommentar von Bernd Kainz. (Senderinfo).", "start_date": "2026-09-05T16:35:00+00:00", "title": "Formel 2: FIA-Meisterschaft"}, {"desc": "News und Hintergr\u00fcnde zu allen Sportarten: Fu\u00dfball, Motorsport, Wintersport, u.v.m. Servus Sport aktuell 19:17 bei Servus TV (Senderinfo).", "start_date": "2026-09-05T17:17:00+00:00", "title": "Servus Sport aktuell"}, {"desc": "Servus Nachrichten. Mo-So, 19:20 Uhr. Nachrichten aus \u00d6sterreich und der Welt \u2013 unabh\u00e4ngig und neutral. (Senderinfo).", "start_date": "2026-09-05T17:20:00+00:00", "title": "Servus Nachrichten 19:20"}, {"desc": "Spektakul\u00e4re Action, starke Sportmomente und \u00fcberraschende Einblicke in die Welt von Red Bull: BMX-Profi Senad Grosic und HYROX-Athletin und Content Creatorin Imke Salander pr\u00e4sentieren die beeindruckendsten Clips, treffen spannende G\u00e4ste und stellen sich humorvollen Challenges. (Senderinfo).", "start_date": "2026-09-05T17:30:00+00:00", "title": "Best Of \u2013 Die Clipshow mit Imke & Senad"}, {"desc": "Die ServusTV-Meteorologen bereisen den Alpenraum und produzieren Ihr Wetter jeden Tag von den sch\u00f6nsten Pl\u00e4tzen in den Regionen. Au\u00dferdem erfahren Sie beim Servus Wetter nicht nur, wie das Wetter wird, sondern auch, warum es so wird. (Senderinfo).", "start_date": "2026-09-05T18:10:00+00:00", "title": "Servus Wetter"}, {"desc": "F\u00fcr den Extremsportler Michael Light tickt die Uhr: Seit er 2015 bei der Adventure-Racing-WM eine falsche Entscheidung getroffen hat, nagt die Niederlage schwer an ihm. Die kommende WM 2018 ist seine letzte Chance auf einen Titel, bevor er zu alt sein wird. Also stellt er sich ein Team zusammen, das aus dem bekannten Star Lucas und einer Newcomerin besteht, dazu holt sich Light den erfahrenen, abe", "start_date": "2026-09-05T18:15:00+00:00", "title": "Arthur der Gro\u00dfe"}, {"desc": "FBI-Agent Terry Husk (Jude Law) hatte eigentlich gedacht, eine ruhige Kugel schieben zu k\u00f6nnen, als er sich nach Coeur d\u2019Alene versetzen lie\u00df, irgendwo im d\u00fcnn besiedelten Nordwesten der USA. Doch Bank\u00fcberf\u00e4lle und die geifernden Ausw\u00fcrfe von Hassprediger Richard Butler verunsichern die Region. Husk und sein junger Deputy Jamie Bowen (Tye Sheridan) erkennen jedoch bald, dass die viel gr\u00f6\u00dfere Gefah", "start_date": "2026-09-05T20:10:00+00:00", "title": "The Order"}, {"desc": "F\u00fcr den Extremsportler Michael Light tickt die Uhr: Seit er 2015 bei der Adventure-Racing-WM eine falsche Entscheidung getroffen hat, nagt die Niederlage schwer an ihm. Die kommende WM 2018 ist seine letzte Chance auf einen Titel, bevor er zu alt sein wird. Also stellt er sich ein Team zusammen, das aus dem bekannten Star Lucas und einer Newcomerin besteht, dazu holt sich Light den erfahrenen, abe", "start_date": "2026-09-05T22:15:00+00:00", "title": "Arthur der Gro\u00dfe"}, {"desc": "FBI-Agent Terry Husk (Jude Law) hatte eigentlich gedacht, eine ruhige Kugel schieben zu k\u00f6nnen, als er sich nach Coeur d\u2019Alene versetzen lie\u00df, irgendwo im d\u00fcnn besiedelten Nordwesten der USA. Doch Bank\u00fcberf\u00e4lle und die geifernden Ausw\u00fcrfe von Hassprediger Richard Butler verunsichern die Region. Husk und sein junger Deputy Jamie Bowen (Tye Sheridan) erkennen jedoch bald, dass die viel gr\u00f6\u00dfere Gefah", "start_date": "2026-09-06T00:00:00+00:00", "title": "The Order"}, {"desc": "Bilder aus der Vogelperspektive bilden den Kern von BilderWelten. In unterschiedlichen Specials finden Zeitlupen-Studien und Unterwasseraufnahmen ebenso Platz wie ein virtueller Flug \u00fcber die Oberfl\u00e4che des Mars. BilderWelten bietet Entspannung pur und ist rund um die Uhr als Online-Stream verf\u00fcgbar. (Senderinfo).", "start_date": "2026-09-06T01:45:00+00:00", "title": "BilderWelten"}, {"desc": "K\u00f6nnen Drohnen bald unsere Lkws ersetzen? Stellen Sie sich vor, Sie blicken zum Himmel und sehen dort riesige Drohnen, die Tonnen von Fracht transportieren. Science-Fiction? Nicht, wenn es nach Dr. Markus Trenker geht! Der Luftfahrtingenieur t\u00fcftelt an der Fachhochschule Wiener Neustadt an einer Idee, die unsere Logistik auf den Kopf stellen k\u00f6nnte: Lasten-Drohnen. Sein Prototyp soll die Beginn se", "start_date": "2026-09-06T02:25:00+00:00", "title": "TM Wissen"}, {"desc": "m Landesmuseum f\u00fcr Vorgeschichte in Halle (Saale) ist ein einzigartiges Artefakt ausgestellt: die Himmelsscheibe von Nebra. In der Bronzezeit aus Bronze und Gold gefertigt zeigt sie eine Abbildung des Himmels. Welchem Zweck k\u00f6nnte die mehr als 3500 Jahre alte Scheibe gedient haben? Au\u00dferdem: Ein Kopfschmuck aus einer verlorenen Welt, als einst Gro\u00dfbritannien mit Kontinentaleuropa verbunden war, un", "start_date": "2026-09-06T03:10:00+00:00", "title": "Strangest Things"}, {"desc": "Die ServusTV-Meteorologen bereisen den Alpenraum und produzieren Ihr Wetter jeden Tag von den sch\u00f6nsten Pl\u00e4tzen in den Regionen. Au\u00dferdem erfahren Sie beim Servus Wetter nicht nur, wie das Wetter wird, sondern auch, warum es so wird. (Senderinfo).", "start_date": "2026-09-06T03:55:00+00:00", "title": "Servus Wetter"}, {"desc": "ServusTV liefert Ihnen t\u00e4glich die sch\u00f6nsten Blickwinkel aus dem Alpenraum direkt in Ihr Wohnzimmer. Wir versorgen Sie mit einer aktuellen Wettervorhersage zu jedem Standort und pr\u00e4sentieren laufend die neuesten Meldungen aus der Nachrichtenwelt. Das Wetterpanorama bei Servus TV \u2013 t\u00e4glich ab 6 Uhr. (Senderinfo).", "start_date": "2026-09-06T04:00:00+00:00", "title": "Das Wetterpanorama bei ServusTV"}, {"desc": "Servus Wetter zeigt Ihnen jeden Tag, wie das Wetter im Servus-Raum wird. (Senderinfo).", "start_date": "2026-09-06T06:53:00+00:00", "title": "Servus Wetter"}, {"desc": "ServusTV bringt den Gottesdienst nach Hause ins Wohnzimmer. Um allen Menschen Zugang zur Heiligen Messe zu erm\u00f6glichen, \u00fcbertr\u00e4gt ServusTV jeden Sonntag den katholischen oder evangelischen Gottesdienst aus einer der vielen Kirchen in \u00d6sterreich. Die Live-\u00dcbertragung beginnt jeweils ab 08:55 Uhr. (Senderinfo).", "start_date": "2026-09-06T06:55:00+00:00", "title": "Gottesdienst am Sonntag LIVE"}, {"desc": "Servus Wetter zeigt Ihnen jeden Tag, wie das Wetter im Servus-Raum wird. (Senderinfo).", "start_date": "2026-09-06T07:58:00+00:00", "title": "Servus Wetter"}, {"desc": "Ein alpenl\u00e4ndischer Bilderbogen. Volkskultur-Experte Bertl G\u00f6ttl f\u00fchrt gespickt mit pers\u00f6nlichen Erinnerungen und Anekdoten durch die Jahreszeiten und deren Besonderheiten, beleuchtet kirchliche und weltliche Feiertage und erkl\u00e4rt, wie sich daraus regionale Volks- und Brauchtumskultur entwickelt hat, die bis heute die Menschen im Donau-Alpen-Adria Raum pr\u00e4gen. Bei einem besonderen Streifzug durch ", "start_date": "2026-09-06T08:00:00+00:00", "title": "Unser Land, unser Jahr \u2013 mit Bertl G\u00f6ttl"}, {"desc": "Wenn man sich auf ihn einl\u00e4sst, h\u00e4lt der Wald viele Sch\u00e4tze bereit. So kommt es auch, dass vier aufgeweckte Kinder, die nervige, vermeintlich sinnlose Brennnessel, am Ende eines Tages im Survival Camp als kulinarisches Highlight entdecken. Die Survival Trainer Julia und Florian Leitner betreiben das Kurs Camp \"Erlebensraum Natur\" im K\u00e4rntner Wallfahrtsort Maria Saal. Von den beiden Naturvermittler", "start_date": "2026-09-06T08:30:00+00:00", "title": "Servus Kinder"}, {"desc": "Sennerin Theresia stellt auf ihrer Alm im Bregenzer Wald jedes Jahr K\u00e4se her. Mehrere Kinder aus der Region gehen ihr bei der Arbeit zur Hand. (Senderinfo).", "start_date": "2026-09-06T09:00:00+00:00", "title": "Heimat"}, {"desc": "Servus Wetter zeigt Ihnen jeden Tag, wie das Wetter im Servus-Raum wird. (Senderinfo).", "start_date": "2026-09-06T09:03:00+00:00", "title": "Servus Wetter"}, {"desc": "Conny B\u00fcrgler n\u00e4hert sich dem See nostalgisch \u2013 sie reist mit der alten \"Elektrischen.", "start_date": "2026-09-06T09:05:00+00:00", "title": "Heimatleuchten"}, {"desc": "Auch wenn der Grimming nicht zu den bekanntesten Gipfeln \u00d6sterreichs z\u00e4hlt, zeigt dieser Film, dass er dennoch zu den attraktivsten geh\u00f6rt. Wir begleiten interessante Menschen rund um den gigantischen Gebirgsstock. Die Ennstaler Klaus Hoi und Hugo Stelzig bilden seit 60 Jahren eine unzertrennliche Seilschaft. Bekannt sind sie f\u00fcr ihre vielen waghalsigen Erstbegehungen. Die Kletter-Urgesteine erkl\u00e4", "start_date": "2026-09-06T09:55:00+00:00", "title": "Bergwelten"}, {"desc": "Servus Wetter zeigt Ihnen jeden Tag, wie das Wetter im Servus-Raum wird. (Senderinfo).", "start_date": "2026-09-06T10:58:00+00:00", "title": "Servus Wetter"}, {"desc": "Neue Teamkonstellationen, eine komplett neue Fahrergeneration und ein technisches Regelwerk, das alles auf den Kopf stellen k\u00f6nnte \u2013 die Formel-1-Saison 2026 verspricht eines der spannendsten Jahre der j\u00fcngeren Geschichte zu werden. Mit dem Start der neuen Motoren-\u00c4ra und \u00fcberarbeiteten Aerodynamik-Regeln beginnt ein v\u00f6llig neues Kapitel der K\u00f6nigsklasse. Lando Norris geht als Titelverteidiger ins", "start_date": "2026-09-06T11:00:00+00:00", "title": "Formel 1: Gro\u00dfer Preis von Italien"}, {"desc": "Neue Teamkonstellationen, eine komplett neue Fahrergeneration und ein technisches Regelwerk, das alles auf den Kopf stellen k\u00f6nnte \u2013 die Formel-1-Saison 2026 verspricht eines der spannendsten Jahre der j\u00fcngeren Geschichte zu werden. Mit dem Start der neuen Motoren-\u00c4ra und \u00fcberarbeiteten Aerodynamik-Regeln beginnt ein v\u00f6llig neues Kapitel der K\u00f6nigsklasse. Lando Norris geht als Titelverteidiger ins", "start_date": "2026-09-06T13:00:00+00:00", "title": "Formel 1: Gro\u00dfer Preis von Italien"}, {"desc": "Neue Teamkonstellationen, eine komplett neue Fahrergeneration und ein technisches Regelwerk, das alles auf den Kopf stellen k\u00f6nnte \u2013 die Formel-1-Saison 2026 verspricht eines der spannendsten Jahre der j\u00fcngeren Geschichte zu werden. Mit dem Start der neuen Motoren-\u00c4ra und \u00fcberarbeiteten Aerodynamik-Regeln beginnt ein v\u00f6llig neues Kapitel der K\u00f6nigsklasse. Lando Norris geht als Titelverteidiger ins", "start_date": "2026-09-06T14:25:00+00:00", "title": "Formel 1: Gro\u00dfer Preis von Italien"}, {"desc": "Start frei f\u00fcr die FIM Superbike World Championship 2024! An 12 Rennwochenenden rund um den Globus k\u00e4mpfen 23 Fahrer um die Spitze der Weltmeisterschaft \u2013 und mit ServusTV verpassen Sie nichts! Erleben Sie nicht nur die packende Rennaction hautnah, sondern auch die wichtigsten Interviews und die emotionalsten Momente am Siegertreppchen. Wir liefern Ihnen die Faszination des Motorsports direkt ins ", "start_date": "2026-09-06T15:40:00+00:00", "title": "Superbike: Weltmeisterschaft"}, {"desc": "Kompakt, informativ, unabh\u00e4ngig & neutral: Servus Nachrichten 18:00 \u2013 die Nachrichten bei ServusTV (Senderinfo).", "start_date": "2026-09-06T16:00:00+00:00", "title": "Servus Nachrichten 18:00"}, {"desc": "Die ServusTV-Meteorologen bereisen den Alpenraum und produzieren Ihr Wetter jeden Tag von den sch\u00f6nsten Pl\u00e4tzen in den Regionen. Au\u00dferdem erfahren Sie beim Servus Wetter nicht nur, wie das Wetter wird, sondern auch, warum es so wird. (Senderinfo).", "start_date": "2026-09-06T16:02:00+00:00", "title": "Servus Wetter"}, {"desc": "Alles Wichtige zur Motul French Round: Analysen, die wichtigsten Stimmen aus dem Parc Ferm\u00e9 und ein Ausblick auf den n\u00e4chsten Stopp in Italien. Bei uns gibt es exklusive Einblicke ins Fahrerlager \u2013 wie f\u00fchlen sich die Protagonisten nach dem Rennwochenende? Die World Superbike live bei ServusTV. (Senderinfo).", "start_date": "2026-09-06T16:05:00+00:00", "title": "Superbike: Weltmeisterschaft"}, {"desc": "Start frei f\u00fcr die FIM Superbike World Championship 2024! An 12 Rennwochenenden rund um den Globus k\u00e4mpfen 23 Fahrer um die Spitze der Weltmeisterschaft \u2013 und mit ServusTV verpassen Sie nichts! Erleben Sie nicht nur die packende Rennaction hautnah, sondern auch die wichtigsten Interviews und die emotionalsten Momente am Siegertreppchen. Wir liefern Ihnen die Faszination des Motorsports direkt ins ", "start_date": "2026-09-06T16:25:00+00:00", "title": "Superbike: Weltmeisterschaft"}, {"desc": "Alles Wichtige zur Motul French Round: Analysen, die wichtigsten Stimmen aus dem Parc Ferm\u00e9 und ein Ausblick auf den n\u00e4chsten Stopp in Italien. Bei uns gibt es exklusive Einblicke ins Fahrerlager \u2013 wie f\u00fchlen sich die Protagonisten nach dem Rennwochenende? Die World Superbike live bei ServusTV. (Senderinfo).", "start_date": "2026-09-06T17:00:00+00:00", "title": "Superbike: Weltmeisterschaft"}, {"desc": "News und Hintergr\u00fcnde zu allen Sportarten: Fu\u00dfball, Motorsport, Wintersport, u.v.m. Servus Sport aktuell 19:17 bei Servus TV (Senderinfo).", "start_date": "2026-09-06T17:16:00+00:00", "title": "Servus Sport aktuell"}, {"desc": "Servus Nachrichten. Mo-So, 19:20 Uhr. Nachrichten aus \u00d6sterreich und der Welt \u2013 unabh\u00e4ngig und neutral. (Senderinfo).", "start_date": "2026-09-06T17:20:00+00:00", "title": "Servus Nachrichten 19:20"}, {"desc": "Ob jung oder alt, in kleinen D\u00f6rfern oder gro\u00dfen St\u00e4dten \u2013 \u00fcberall gibt es Menschen in \u00d6sterreich, die sich ehrenamtlich und mit viel Herzblut bei einem oder mehreren Vereinen engagieren. Ihre Beweggr\u00fcnde sind vielf\u00e4ltig. F\u00fcr die einen ist es die Liebe zu einem Sport oder Hobby. F\u00fcr andere ist es das Bed\u00fcrfnis, unsere vielen Traditionen zu bewahren oder einfach nur der Wunsch, der Gemeinschaft etw", "start_date": "2026-09-06T17:35:00+00:00", "title": "Unsere Heimat \u2013 Vereinsleben im Portrait"}, {"desc": "Zwei Familien im Bregenzerwald stehen vor dem Generationenwechsel: Bei den Deurings \u00fcbernimmt Hubertus Jagd- und B\u00fcchsenmachertradition seines Vaters und Gro\u00dfvaters. Im Hotel Tannberg f\u00fchren die beiden T\u00f6chter von Fritz Moosmann Silke und Ruth den Familienbetrieb weiter, mit Wild aus eigener Jagd und viel Gesp\u00fcr f\u00fcr die Region. Zwischen Revier, Werkstatt und K\u00fcche erz\u00e4hlen sie Conny von Verantwort", "start_date": "2026-09-06T17:45:00+00:00", "title": "Hoagascht"}, {"desc": "Die ServusTV-Meteorologen bereisen den Alpenraum und produzieren Ihr Wetter jeden Tag von den sch\u00f6nsten Pl\u00e4tzen in den Regionen. Au\u00dferdem erfahren Sie beim Servus Wetter nicht nur, wie das Wetter wird, sondern auch, warum es so wird. (Senderinfo).", "start_date": "2026-09-06T18:10:00+00:00", "title": "Servus Wetter"}, {"desc": "Im nordburgenl\u00e4ndischen Nest Sch\u00fctzen am Gebirge sagen sich Storch und Hase gute Nacht, w\u00e4re da nicht der legend\u00e4re Taubenkobel. Das 1984 von Walter und Eveline Eselb\u00f6ck gegr\u00fcndete Restaurant macht die idyllische Ortschaft zur kosmopolitischen Fine-Dine-Destination. 2014 \u00fcbernahm Alain Weissgerber das K\u00fcchenzepter seines Schwiegervaters. Doch der Weg dorthin war hart. Ein zweiter Spitzenkoch kocht", "start_date": "2026-09-06T18:15:00+00:00", "title": "Restaurantlegenden"}, {"desc": "Ein Tisch, verschiedene Meinungen. Dazu ein Moderator, der mit den G\u00e4sten die relevanten Themen der Woche bespricht und ausdiskutiert. Im Mittelpunkt steht ein pointierter und lebendiger Austausch an Argumenten und Meinungen, der dem Zuseher beide Seiten einer Medaille erkl\u00e4rt. Bei \"Links. Rechts. Mitte\" kommen G\u00e4ste zu Wort, die tats\u00e4chlich etwas zu sagen haben und nicht nur die bekannten Phrasen", "start_date": "2026-09-06T19:45:00+00:00", "title": "Links. Rechts. Mitte \u2013 Duell der Meinungsmacher"}, {"desc": "Der Pragmaticus \u2013 Fakten. Verstehen. Handeln. Auf den Punkt gebracht.\" Der Moderator Roger K\u00f6ppel spricht mit Experten \u00fcber die gro\u00dfen Fragen unserer Zeit und \u00fcbersetzt die wissenschaftlichen Fakten f\u00fcr die Allgemeinheit. (Senderinfo).", "start_date": "2026-09-06T20:45:00+00:00", "title": "Der Pragmaticus"}, {"desc": "Die Formel 2 bei ServusTV in voller L\u00e4nge. Alle Rennen, alle Highlights der Stars von morgen mit deutschem Kommentar von Bernd Kainz. (Senderinfo).", "start_date": "2026-09-06T21:50:00+00:00", "title": "Formel 2: FIA-Meisterschaft"}, {"desc": "Verf\u00fcgbar in \u00d6sterreich. Der Livestream der Formel 3 zeigt das Feature Rennen beim Grand Prix von Italien. (Senderinfo).", "start_date": "2026-09-06T23:05:00+00:00", "title": "Formel 3: FIA-Meisterschaft"}], "offset": "+00:00", "timezone": "UTC", "error_code": -1, "start_date": "2026-09-05", "icon": ""}