{"end_date": "2026-09-03", "name": "Canal+ Cin\u00e9ma", "info_url": "https://epg.pw/channels/438456/20260902.html", "country": "Germany", "description": null, "error_message": "", "provider": "", "source_url": "https://epg.pw/api/epg.json?channel_id=438456&date=20260902&timezone=None", "epg_list": [{"desc": "Ein Umzug ins australische Outback soll der zerknitterten Beziehung von Millie und Tim neues Leben einhauchen. Doch kaum haben sie bei einem Erkundungsspaziergang in einer mysteri\u00f6sen Pf\u00fctze vom Wasser gekostet, schon kommt es zu mehr als nur ein wenig Ver\u00e4nderung. Am Morgen kleben kurzzeitig ihre Beine zusammen, beim K\u00fcssen wollen sich die Lippen nicht mehr voneinander l\u00f6sen. Es kommt eine schrec", "start_date": "2026-09-02T00:22:00+00:00", "title": "Together"}, {"desc": "Cherchant d\u00e9sesp\u00e9r\u00e9ment une place de parking, Owen prend en stop un passager \u00e9trange qui lui propose son aide et lui donne \u00e9galement des conseils non sollicit\u00e9s\u2026 (Senderinfo).", "start_date": "2026-09-02T02:01:00+00:00", "title": "Crowded Out"}, {"desc": null, "start_date": "2026-09-02T02:09:00+00:00", "title": "Fin des programmes"}, {"desc": "\"+ de courts\" est un magazine bimensuel consacr\u00e9 au cin\u00e9ma court, les deuxi\u00e8me et quatri\u00e8me dimanches de chaque mois. Il donne la parole \u00e0 ceux qui font l'actualit\u00e9.  (Senderinfo).", "start_date": "2026-09-02T04:52:00+00:00", "title": "+ de courts"}, {"desc": "\"+ de courts\" est un magazine bimensuel consacr\u00e9 au cin\u00e9ma court, les deuxi\u00e8me et quatri\u00e8me dimanches de chaque mois. Il donne la parole \u00e0 ceux qui font l'actualit\u00e9.  (Senderinfo).", "start_date": "2026-09-02T05:27:00+00:00", "title": "+ de courts"}, {"desc": "A Marseille, Omar, sa fianc\u00e9e Yasmine, et leur bande tentent de reprendre la main sur le centre de loisirs de leur quartier. Alors que Carmen, amie d'enfance d'Omar et ex-prostitu\u00e9e, d\u00e9barque dans leurs vies, leur \u00e9quilibre est compl\u00e8tement boulevers\u00e9. L'arriv\u00e9e de la jeune femme dans le groupe impacte profond\u00e9ment Yasmine, qui remet en question sa vision du monde. (Senderinfo).", "start_date": "2026-09-02T06:28:00+00:00", "title": "Les Filles d\u00e9sir"}, {"desc": "De retour \u00e0 S\u00e8te apr\u00e8s des \u00e9tudes de m\u00e9decine avort\u00e9es, Amin retrouve sa famille et ses amis le temps d'un \u00e9t\u00e9. Quand un producteur am\u00e9ricain, en vacances dans la r\u00e9gion avec sa femme actrice, s'int\u00e9resse \u00e0 son projet de film, ce passionn\u00e9 de cin\u00e9ma voit un nouveau champ de possibles s'ouvrir \u00e0 lui jusqu'\u00e0 ce que tout d\u00e9rape. (Senderinfo).", "start_date": "2026-09-02T07:58:00+00:00", "title": "Mektoub my Love : Canto Due"}, {"desc": "Am\u00e9lie, petite Belge de 3 ans, vit au Japon. Apr\u00e8s plusieurs ann\u00e9es pass\u00e9es clo\u00eetr\u00e9e dans son inertie et son silence, la fillette s'\u00e9veille brusquement. Sous son regard neuf et singulier, Am\u00e9lie d\u00e9couvre le monde aux c\u00f4t\u00e9s de sa nouvelle amie Nishio-san, employ\u00e9e de maison. Mais le jour de son anniversaire, un \u00e9v\u00e9nement marquant vient bouleverser son existence. (Senderinfo).", "start_date": "2026-09-02T10:21:00+00:00", "title": "Am\u00e9lie et la M\u00e9taphysique des tubes"}, {"desc": "Mehdi, qui vient de r\u00e9ussir l'examen du barreau, passe l'\u00e9t\u00e9 chez Garance, sa nouvelle petite amie, fille d'un grand avocat et d'une c\u00e9l\u00e8bre actrice. Les choses se g\u00e2tent entre les parents de Garance et la famille en charge de leur conciergerie. Le jeune avocat, pris au pi\u00e8ge dans un jeu de loyaut\u00e9 et de pouvoir, voit rapidement son \u00e9t\u00e9 virer au cauchemar\u2026 (Senderinfo).", "start_date": "2026-09-02T11:37:00+00:00", "title": "Classe moyenne"}, {"desc": "\u00c9tienne, aujourd'hui trentenaire, en a bav\u00e9 dans la cour de r\u00e9cr\u00e9 ; notamment parce qu'il \u00e9tait le souffre-douleur de son \"ami\" Jean-Pat. Quand il apprend la mort de ce dernier, Etienne ne se sent pas sp\u00e9cialement concern\u00e9, jusqu'au jour de ses fun\u00e9railles\u2026. Jean-Pat n'a pas fini de le hanter. (Senderinfo).", "start_date": "2026-09-02T13:09:00+00:00", "title": "Adieu Jean-Pat"}, {"desc": "Die Corona-Pandemie zwingt den Witwer Krist\u00f3fer dazu, sein Restaurant in Island zu schlie\u00dfen. Parallel dazu wird bei ihm Demenz im Anfangsstadium diagnostiziert, und sein Arzt r\u00e4t ihm, ungel\u00f6ste Probleme in seinem Leben noch anzugehen, ehe es zu sp\u00e4t sein wird. Beim St\u00f6bern in Erinnerungsgegenst\u00e4nden wird er an seine Jugendliebe Miko erinnert. \\n\\nIn den 70er-Jahren lernte er sie kennen, als er al", "start_date": "2026-09-02T14:40:00+00:00", "title": "Touch \u2013 Nos \u00e9treintes pass\u00e9es"}, {"desc": "L'histoire humaniste et po\u00e9tique d'un homme fragile qui tente d'accomplir une t\u00e2che simple et dont le principal obstacle se trouve en lui-m\u00eame. (Senderinfo).", "start_date": "2026-09-02T16:39:00+00:00", "title": "O"}, {"desc": "Partenaire officiel et diffuseur exclusif de la 83e \u00e9dition du Festival International du Film de Venise, Canal+ c\u00e9l\u00e8bre ce rendez-vous par une programmation exceptionnelle. (Senderinfo).", "start_date": "2026-09-02T17:01:00+00:00", "title": "C\u00e9r\u00e9monie d'ouverture de la Mostra de Venise 2026"}, {"desc": "La Mostra de Venise, plus ancien festival de cin\u00e9ma du monde, c\u00e9l\u00e8bre cette ann\u00e9e sa 80e \u00e9dition. Depuis sa naissance en 1932, la Mostra d'Art Cin\u00e9matographique, comme il convient de l'appeler, est riche de chefs d'oeuvres et de stars mondiales qui ont fa\u00e7onn\u00e9 sa l\u00e9gende, de cin\u00e9astes consacr\u00e9s et de nouveaux talents r\u00e9v\u00e9l\u00e9s. \u00c0 travers de tr\u00e8s nombreuses archives (RAI, INA, Gaumont-Path\u00e9\u2026) et d'in", "start_date": "2026-09-02T17:49:00+00:00", "title": "La part du Lion : Une histoire de la Mostra"}, {"desc": "Un acteur accepte le r\u00f4le peu conventionnel de pleureur professionnel. Au fur et \u00e0 mesure de ses repr\u00e9sentations, le masque qu'il s'est forg\u00e9 se fissure. (Senderinfo).", "start_date": "2026-09-02T18:49:00+00:00", "title": "Three Keenings"}, {"desc": "1990, apr\u00e8s la chute de l'URSS, la Russie est en pleine reconstruction. Vadim Baranov, jeune producteur de t\u00e9l\u00e9-r\u00e9alit\u00e9, troque sa vie d'artiste pour devenir le conseiller officieux de Vladimir Poutine, agent du KGB promis \u00e0 un grand avenir. Quinze ans plus tard, Baranov sort du silence et raconte son histoire. (Senderinfo).", "start_date": "2026-09-02T19:00:00+00:00", "title": "Le Mage du Kremlin"}, {"desc": "Anna Politkovskaya, journaliste d'investigation russe et grande d\u00e9fenseuse des droits de l'homme, n'a plus qu'un seul but dans la vie : d\u00e9noncer la corruption de l'Etat russe sous Vladimir Poutine. (Senderinfo).", "start_date": "2026-09-02T21:21:00+00:00", "title": "Words of War"}, {"desc": "A S\u00e9oul, deux adolescents, Si-ho et sa cousine Hye-yoon, agressent violemment un sans-abri qui se retrouve plong\u00e9 dans le coma des suites de ses blessures. Leurs p\u00e8res, un chirurgien et son fr\u00e8re avocat \u2013 se retrouvent face \u00e0 un dilemme moral. Et le choix de valeurs est corn\u00e9lien. Doivent-ils prot\u00e9ger leurs enfants en dissimulant leur crime ou les d\u00e9noncer aux autorit\u00e9s ? Alors que l'un penche pou", "start_date": "2026-09-02T23:15:00+00:00", "title": "A Normal Family"}, {"desc": "A bord de son van, Ange, musicologue, parcourt les routes \u00e0 la recherche de Marco, un vieil ami \u00e0 qu'il doit de l'argent. Il croise le chemin de sa fille Solea qui le confronte \u00e0 sa paternit\u00e9 et s'engage dans un \u00e9trange p\u00e9riple rythm\u00e9 par la musique. (Senderinfo).", "start_date": "2026-09-03T01:01:00+00:00", "title": "Ange"}, {"desc": null, "start_date": "2026-09-03T02:36:00+00:00", "title": "Fin des programmes"}, {"desc": "Partenaire officiel et diffuseur exclusif de la 83e \u00e9dition du Festival International du Film de Venise, Canal+ c\u00e9l\u00e8bre ce rendez-vous par une programmation exceptionnelle. (Senderinfo).", "start_date": "2026-09-03T05:23:00+00:00", "title": "C\u00e9r\u00e9monie d'ouverture de la Mostra de Venise 2026"}, {"desc": "Luis n'a plus de nouvelles de sa fille Mar depuis plus de cinq mois. Avec son jeune fils Esteban, il part \u00e0 sa recherche dans le d\u00e9sert marocain, o\u00f9 la jeune fille participerait \u00e0 une rave-party. L\u00e0, personne ne semble l'avoir aper\u00e7ue. Luis choisit alors de suivre un groupe de teufeurs en route vers un autre rassemblement. Sur des routes chaotiques et dangereuses, leur qu\u00eate vire au drame. (Sender", "start_date": "2026-09-03T06:11:00+00:00", "title": "Sir\u0101t"}, {"desc": "Depuis plus de quarante ans, le Rallye Dakar est un \u00e9v\u00e9nement majeur dans le monde de la course automobile. En 2023, la course a pris comme d\u00e9cor l'Arabie Saoudite. Gr\u00e2ce \u00e0 un acc\u00e8s exclusif, Jalil Lespert et son \u00e9quipe l\u00e8vent le voile sur cette comp\u00e9tition l\u00e9gendaire r\u00e9unissant des milliers de concurrents chaque ann\u00e9e. (Senderinfo).", "start_date": "2026-09-03T08:03:00+00:00", "title": "Dakar Chronicles"}, {"desc": "Tr\u00e8s impliqu\u00e9 au sein de son entreprise o\u00f9 il est chef d'\u00e9quipe, Olivier se bat au quotidien contre les injustices sociales orchestr\u00e9es par une direction intraitable. Il ne s'aper\u00e7oit pas que sa femme, Laura, va tr\u00e8s mal. Le jour o\u00f9 elle dispara\u00eet, le laissant seul avec leurs deux petits gar\u00e7ons, Olivier est abasourdi et sa vie bascule. (Senderinfo).", "start_date": "2026-09-03T09:30:00+00:00", "title": "Nos batailles"}, {"desc": "Claire partage sa vie avec Yves, ing\u00e9nieur nucl\u00e9aire comme elle. Lors d'une visite de la National Gallery de Londres, Claire a une r\u00e9v\u00e9lation. Boulevers\u00e9e par trois portraits peints par Rembrandt, elle se lance dans un surprenant projet qui va changer \u00e0 jamais sa vie et celle de sa famille. (Senderinfo).", "start_date": "2026-09-03T11:06:00+00:00", "title": "Rembrandt"}, {"desc": "Les f\u00eates de fin d'ann\u00e9e se profilent, et une impressionnante temp\u00eate de neige, baptis\u00e9e Mikaela, s'abat sur l'Espagne. L\u00e9o, policier aguerri, se trouve contraint d'intervenir pour stopper le braquage d'un fourgon blind\u00e9 pris pour cible sur une autoroute bloqu\u00e9e par la neige. (Senderinfo).", "start_date": "2026-09-03T12:50:00+00:00", "title": "Mikaela"}, {"desc": "A Marseille, Omar, sa fianc\u00e9e Yasmine, et leur bande tentent de reprendre la main sur le centre de loisirs de leur quartier. Alors que Carmen, amie d'enfance d'Omar et ex-prostitu\u00e9e, d\u00e9barque dans leurs vies, leur \u00e9quilibre est compl\u00e8tement boulevers\u00e9. L'arriv\u00e9e de la jeune femme dans le groupe impacte profond\u00e9ment Yasmine, qui remet en question sa vision du monde. (Senderinfo).", "start_date": "2026-09-03T14:18:00+00:00", "title": "Les Filles d\u00e9sir"}, {"desc": "Hugo, 19 ans, a bien chang\u00e9. De retour dans sa maison de vacances, sur l'\u00eele de Noirmoutier, il fait sensation aupr\u00e8s de ses amis qui peinent \u00e0 le reconna\u00eetre. D'autant plus qu'il n'est pas revenu seul. Hugo est accompagn\u00e9 de Queen, sa nouvelle petite amie, qui ne passe pas inaper\u00e7ue aupr\u00e8s de la bande. (Senderinfo).", "start_date": "2026-09-03T15:48:00+00:00", "title": "L'\u00e9preuve du feu"}, {"desc": "Jahia, 16 ans, vit avec sa m\u00e8re dans un centre d'accueil pour migrants en Belgique et s'inqui\u00e8te pour son avenir. Elle rencontre et se lie d'amiti\u00e9 avec Mila, une jeune moldave, dont la fureur de vivre va bouleverser son existence. (Senderinfo).", "start_date": "2026-09-03T17:31:00+00:00", "title": "L'\u00e9t\u00e9 de Jahia"}, {"desc": "Bande de Gaza, janvier 2024. Le Croissant-Rouge palestinien re\u00e7oit l'appel d\u00e9chirant de Hind, une fillette de 6 ans coinc\u00e9e seule dans une voiture, cible des tirs de l'arm\u00e9e isra\u00e9lienne. Pendant plusieurs heures, Omar, Rana, Nisreen et Mahdi, b\u00e9n\u00e9voles de l'organisation humanitaire, tentent de la rassurer et d'envoyer au plus vite une ambulance jusqu'\u00e0 elle. (Senderinfo).", "start_date": "2026-09-03T19:00:00+00:00", "title": "La Voix de Hind Rajab"}, {"desc": "Chaque jour, toute l'actualit\u00e9 et les meilleurs moments du festival et Antoine de Caunes interview une star pr\u00e9sente \u00e0 Venise. (Senderinfo).", "start_date": "2026-09-03T20:27:00+00:00", "title": "Mostra"}, {"desc": "1990, apr\u00e8s la chute de l'URSS, la Russie est en pleine reconstruction. Vadim Baranov, jeune producteur de t\u00e9l\u00e9-r\u00e9alit\u00e9, troque sa vie d'artiste pour devenir le conseiller officieux de Vladimir Poutine, agent du KGB promis \u00e0 un grand avenir. Quinze ans plus tard, Baranov sort du silence et raconte son histoire. (Senderinfo).", "start_date": "2026-09-03T20:44:00+00:00", "title": "Le Mage du Kremlin"}, {"desc": "V\u00e9ritable mythe, Carlos est au c\u0153ur de l'histoire du terrorisme international des ann\u00e9es 1970 et 1980, de l'activisme propalestinien \u00e0 l'Arm\u00e9e rouge japonaise. Symbole de l'extr\u00eame gauche et mercenaire opportuniste \u00e0 la solde des services secrets du Moyen-Orient, il a constitu\u00e9 sa propre organisation, bas\u00e9e de l'autre c\u00f4t\u00e9 du rideau de fer, tr\u00e8s active durant les derni\u00e8res ann\u00e9es de la guerre froi", "start_date": "2026-09-03T23:05:00+00:00", "title": "Carlos"}], "offset": "+00:00", "timezone": "UTC", "error_code": -1, "start_date": "2026-09-02", "icon": ""}