{"end_date": "2026-09-01", "name": "RTLZWEI", "info_url": "https://epg.pw/channels/438457/20260831.html", "country": "Germany", "description": null, "error_message": "", "provider": "", "source_url": "https://epg.pw/api/epg.json?channel_id=438457&date=20260831&timezone=None", "epg_list": [{"desc": "Die lang ersehnte erste gemeinsame Familienreise von Jana stellt die Alleinerziehende vor enorme H\u00fcrden, da das knappe Budget kaum Spielraum f\u00fcr bezahlbare Unterk\u00fcnfte l\u00e4sst. \\n\\nZeitgleich spitzt sich die Lage bei Jasmin und Maik zu: Nach dem erzwungenen Auszug aus dem Eltern-Kind-Heim kommen die jungen Eltern vor\u00fcbergehend bei B\u00e4rbel unter. Um der drohenden Obdachlosigkeit zu entgehen, m\u00fcssen si", "start_date": "2026-09-01T18:15:00+00:00", "title": "Hartz und herzlich \u2013 Tag f\u00fcr Tag Rostock"}, {"desc": "In Kerpen-Horrem steht Organisator Alexander Schebalkin vor einer Zerrei\u00dfprobe. Sein m\u00fchsam geplantes Street-Food-Festival droht kurz vor der Er\u00f6ffnung im Chaos zu versinken. Durch Fehlplanungen stehen die Foodtrucks an falschen Positionen, essenzielle Stromanschl\u00fcsse fehlen komplett und die angelieferten Ausstellungswagen erweisen sich als schlichtweg zu lang f\u00fcr das Gel\u00e4nde. \\n\\nW\u00e4hrend die Uhr ", "start_date": "2026-09-01T19:15:00+00:00", "title": "Die Imbisshelden \u2013 Voll lecker!"}, {"desc": "Wenn medizinische Soforthilfe gefragt ist, kann die Luftrettung zum Einsatz kommen, f\u00fcr die auch Dr. Britta Raitschew aus Rendsburg arbeitet. Sie hat in ihren Zw\u00f6lf-Stunden-Schichten bereits viele brenzlige Situationen gemeistert. Auch der M\u00fcnchner Kinderarzt Dr. Simon Brosseder nimmt die Zuschauerinnen und Zuschauer mit in seinen spannenden Alltag.", "start_date": "2026-09-01T20:15:00+00:00", "title": "Mensch Retter"}, {"desc": "Die Dokumentation zeigt, mit welchen sozialen Problemen die Menschen in der Hansestadt Rostock zu k\u00e4mpfen haben, die dort am Existenzminimum leben. \\n\\nDie Anwohnenden des Blockmacherrings lassen die Kameras dabei an ihrem Alltag mit wenig Geld und Perspektive teilhaben. Spin-Off der Dokureihe \u201eHartz und herzlich\u201c.", "start_date": "2026-09-01T22:15:00+00:00", "title": "Hartz und herzlich \u2013 Tag f\u00fcr Tag Rostock"}, {"desc": "Hannelore und Ralf sind seit \u00fcber drei Jahrzehnten vom Staat abh\u00e4ngig und gl\u00fccklich. Ralf, Steven und Sascha rufen ihre Nachbarn zur Krisensitzung zusammen. Gemeinsam \u00e4u\u00dfern sie sich zu den beleidigenden Kommentaren. Die 31-J\u00e4hrige Valeska ist seit zehn Jahren arbeitslos. Doch jetzt m\u00f6chte die gelernte Altenpflegerin in der Berufswelt wieder durchstarten. Auch der 26-J\u00e4hrige Sascha m\u00f6chte endlich ", "start_date": "2026-09-01T23:15:00+00:00", "title": "Hartz und herzlich"}], "offset": "+00:00", "timezone": "UTC", "error_code": -1, "start_date": "2026-09-01", "icon": ""}