{"end_date": "2026-08-30", "name": "Bon Gusto", "info_url": "https://epg.pw/channels/438469/20260828.html", "country": "Germany", "description": null, "error_message": "", "provider": "", "source_url": "https://epg.pw/api/epg.json?channel_id=438469&date=20260828&timezone=None", "epg_list": [{"desc": "Nichts ist einfach in Indien und Essen schon gar nicht. Rindfleisch ist f\u00fcr viele aus religi\u00f6sen Gr\u00fcnden ein Tabu, viele Inder ern\u00e4hren sich vegetarisch und manche essen auch kein Gem\u00fcse, das unter der Erde w\u00e4chst. Indiens beste K\u00fcchenchefs, die Gurus der indischen Kochkunst, sind so farbig und vielf\u00e4ltig wie die K\u00fcche ihres Heimatlandes. In Indien ver\u00e4ndert man die Rezepte seiner Vorfahren nicht ", "start_date": "2026-08-29T18:55:00+00:00", "title": "Gurus der indischen K\u00fcche"}, {"desc": "Gewusst wie! Rachs 5 Euro-K\u00fcche Weniger als f\u00fcnf Euro pro Person kosten Gerichte, die Christian Rach f\u00fcr sein Publikum zubereitet. Der ehemalige Restauranttester pr\u00e4sentiert schnelle, leckere und gesunde Mahlzeiten. Zum Kochen hat er interessante G\u00e4ste eingeladen. Von der Feuerwehr- und Hotelfachfrau, \u00fcber die Lehrerin, das Model und die Friseurmeisterin bis hin zum Smutje, Vertriebsleiter, Lebens", "start_date": "2026-08-29T19:30:00+00:00", "title": "Rachs 5 Euro-K\u00fcche"}, {"desc": "FOOD FACTS ist ein Ern\u00e4hrungsformat moderiert von Ern\u00e4hrungsberaterin und Model Sarah Brandner, die alle Rezepte selbst entwickelt. Im Unterschied zu klassischen Kochformaten stehen bei FOOD FACTS die N\u00e4hrstoffe der einzelnen Zutaten im Vordergrund. Zu jedem N\u00e4hrstoff werden drei Clips produziert. Darin kocht Sarah leckere Rezepte, in denen der N\u00e4hrstoff in hoher Konzentration vorhanden ist und gi", "start_date": "2026-08-29T20:15:00+00:00", "title": "Food Facts \u2013 Clever kochen mit Sarah Brandner"}, {"desc": "Dill ist eines der beliebtesten Gew\u00fcrze mit feinen Bl\u00e4ttern und einem kr\u00e4ftigen Geschmack. Er stammt wahrscheinlich urspr\u00fcnglich aus dem Orient und wird mittlerweile weltweit angebaut. Am h\u00e4ufigsten wird Dill zum W\u00fcrzen von Gurkengerichten genutzt. In manchen L\u00e4ndern wird Dill als Gurkenkraut bezeichnet. Dill sollte m\u00f6glichst frisch verarbeitet werden. Bereits im Mittelalter wurde aus den Samen Di", "start_date": "2026-08-29T20:25:00+00:00", "title": "Kr\u00e4utergarten: Dill"}, {"desc": "Andreas besucht das Gudbrandsdalen-Tal im Herzen Norwegens, die Heimat eines ganz besonderen K\u00e4ses. Der karamell\u00e4hnliche K\u00e4se ist eine einzigartige und unverzichtbare regionale Zutat. Andreas kombiniert diesen K\u00e4se mit junger gebratener Ziege und s\u00fc\u00dfem Karamelleis, ein echt skandinavischer Genuss. (Senderinfo).", "start_date": "2026-08-29T20:30:00+00:00", "title": "Nordlichter \u2013 Kulinarisch skandinavisch"}, {"desc": "Gewusst wie! Rachs 5 Euro-K\u00fcche Weniger als f\u00fcnf Euro pro Person kosten Gerichte, die Christian Rach f\u00fcr sein Publikum zubereitet. Der ehemalige Restauranttester pr\u00e4sentiert schnelle, leckere und gesunde Mahlzeiten. Zum Kochen hat er interessante G\u00e4ste eingeladen. Von der Feuerwehr- und Hotelfachfrau, \u00fcber die Lehrerin, das Model und die Friseurmeisterin bis hin zum Smutje, Vertriebsleiter, Lebens", "start_date": "2026-08-29T21:00:00+00:00", "title": "Rachs 5 Euro-K\u00fcche"}, {"desc": "FOOD FACTS ist ein Ern\u00e4hrungsformat moderiert von Ern\u00e4hrungsberaterin und Model Sarah Brandner, die alle Rezepte selbst entwickelt. Im Unterschied zu klassischen Kochformaten stehen bei FOOD FACTS die N\u00e4hrstoffe der einzelnen Zutaten im Vordergrund. Zu jedem N\u00e4hrstoff werden drei Clips produziert. Darin kocht Sarah leckere Rezepte, in denen der N\u00e4hrstoff in hoher Konzentration vorhanden ist und gi", "start_date": "2026-08-29T21:45:00+00:00", "title": "Food Facts \u2013 Clever kochen mit Sarah Brandner"}, {"desc": "Das saftige Fruchtfleisch und die verf\u00fchrerischen Aromen der tropischen Fr\u00fcchte begeistern immer mehr Konsumenten. Wer in Ghana Ananas f\u00fcr den europ\u00e4ischen Markt produziert, muss sehr hohen Qualit\u00e4tsstandards gen\u00fcgen. Im internationalen Handel werden Fairtrade- und Bio-Produkte immer wichtiger. Die Forschung besch\u00e4ftigt sich neben Fragen zum N\u00e4hrwert vermehrt mit den Geheimnissen der Aromastoffe. ", "start_date": "2026-08-29T21:55:00+00:00", "title": "Exotischer Hochgenuss: Ananas & Co."}, {"desc": "Die drei\u00dfigj\u00e4hrige Orit Mohammed ist im Hochland von \u00c4thiopien aufgewachsen, der Wiege des Kaffees, der nach der hiesigen, ehemaligen Provinz \"Kaffa\" benannt wurde. Das anregende Aufgussgetr\u00e4nk lag Orit im Blut, als sie in die Arabischen Emirate zog, um dort ein Import/Export-Gesch\u00e4ft f\u00fcr Kaffee zu er\u00f6ffnen. Jetzt fiebert sie wie jedes Jahr der Erntezeit entgegen, denn dann kehrt sie zur\u00fcck in ihr", "start_date": "2026-08-29T22:30:00+00:00", "title": "Genuss Weltweit"}, {"desc": "Eisenkraut bzw. Zitronenverbene, aus der Familie der Eisenkrautgew\u00e4chse stammend, riecht stark nach Zitrone und wird in der K\u00fcche daher gern als Frischekick in Desserts, Fleischgerichten oder Salaten verwendet. Die Bl\u00e4tter enthalten viele \u00e4therische \u00d6le und wirken appetitanregend und verdauungsf\u00f6rdernd. Zironenverbene eignet sich auch f\u00fcr die Herstellung von Cocktails und frischen Sommergetr\u00e4nken.", "start_date": "2026-08-29T23:25:00+00:00", "title": "Kr\u00e4utergarten: Eisenkraut"}, {"desc": "Veggies United. Unsere Food-Korrespondenten berichten \u00fcber veggie Food-Trends und zeigen die besten Rezepte. Weltweit. S\u00fc\u00dfes aus dem Elsass: Flan P\u00e2tissier \u2013 franz\u00f6sischer Puddingkuchen. Annabel zeigt, wie das beliebte franz\u00f6sische Geb\u00e4ck in jedem Fall gelingt. In K\u00f6ln geht's mit Kaffee-Experte Michael auf eine Reise zu den einzigartigen Aromen Zentral-Amerikas: Kaffee aus Honduras, zubereitet mit", "start_date": "2026-08-29T23:30:00+00:00", "title": "Veggies United \u2013 Die Food Korrespondenten"}, {"desc": "Man nehme eine locker leichte Atmosph\u00e4re, w\u00fcrze diese mit einer ordentlichen Portion Spontaneit\u00e4t und Kochfreude und schmecke jene einzigartige Mischung mit dem n\u00f6tigen Know-how um frische Zutaten und deren Zubereitung ab. Fertig ist die Neuauflage von Meine Familie & Ich TV. Im ersten \"Gastspiel\" tischt Gourmetkoch und Publikumsliebling Nelson M\u00fcller zusammen mit K\u00fcchenchef J\u00f6rg G\u00f6tte unter ander", "start_date": "2026-08-30T00:00:00+00:00", "title": "meine Familie & ich tv Gastspiel \u2013 Classic"}], "offset": "+00:00", "timezone": "UTC", "error_code": -1, "start_date": "2026-08-29", "icon": ""}