{"end_date": "2026-08-29", "name": "Turbo 24/24", "info_url": "https://epg.pw/channels/443094/20260827.html", "country": "France", "description": null, "error_message": "", "provider": "", "source_url": "https://epg.pw/api/epg.json?channel_id=443094&date=20260827&timezone=None", "epg_list": [{"desc": "\u00c0 quoi ressemblera la voiture dans 30 ans ? Quelle \u00e9nergie utilisera-t-on ? Sur quelle route roulera-t-elle ou m\u00eame volera-t-elle ? \\n\\nVoiture autonome et connect\u00e9e, la r\u00e9volution automobile est d\u00e9j\u00e0 en marche. \\nDominique Chapatte et la r\u00e9daction de Turbo se sont projet\u00e9s dans 3 d\u00e9cennies avec des sp\u00e9cialistes pour imaginer la voiture du futur et d\u00e9terminer les grands enjeux. Savez-vous par exem", "start_date": "2026-08-28T18:20:00+00:00", "title": "Turbo"}, {"desc": "Magazine d'actualit\u00e9 automobile pr\u00e9sent\u00e9 par Dominique Chapatte.\\r\\nAu sommaire de Turbo :\\r\\n- le 60\u00e8me anniversaire de la SEAT 600\\r\\n- le match Peugeot 308 GTI vs VW Golf GTI\\r\\n- la Citro\u00ebn C3 Aircross\\r\\n- la cr\u00e8me des Ferrari\\r\\n- l'Audi A8\\r\\n- Big foot\\r\\n- la course moto la plus extr\u00eame de la plan\u00e8te\\r\\n.", "start_date": "2026-08-28T19:15:00+00:00", "title": "Turbo"}, {"desc": "Dominique Chapatte au volant d'une BMW 3.0 CLS, \u00c9tienne Bruet au volant d'une Peugeot 504 pr\u00e9par\u00e9e par l'\u00e9curie Orhez vous emm\u00e8nent sur les circuits et sp\u00e9ciales du Tour Auto Optic 2000, le rallye de voitures anciennes le plus populaire. \\nUne semaine de bagarres, de rires, de complicit\u00e9 pour vous faire vivre cette course de l'int\u00e9rieur. Engag\u00e9s en r\u00e9gularit\u00e9, ils doivent respecter une moyenne \u00e9ta", "start_date": "2026-08-28T20:15:00+00:00", "title": "Turbo"}, {"desc": "C'est au volant de l'Audi e-Tron GT que Dominique Chapatte vous emm\u00e8ne dans le Lub\u00e9ron rencontrer Beno\u00eet Treyuler, triple vainqueur des 24h du Mans avec Audi. Il testera pour Turbo, l'Audi Quattro sport ch\u00e2ssis court, voiture de sport mythique produite \u00e0 seulement 300 exemplaires ! Autre invit\u00e9 de Turbo cette semaine, Thierry Marx, chef \u00e9toil\u00e9 mais pas seulement, puisqu'il est \u00e9galement ambassadeu", "start_date": "2026-08-28T21:10:00+00:00", "title": "Turbo"}, {"desc": "Magazine des conducteurs et de leurs automobiles, Turbo pr\u00e9sente les nouvelles tendances sociologiques, \u00e9conomiques et \u00e9cologiques.", "start_date": "2026-08-28T22:05:00+00:00", "title": "Turbo"}, {"desc": "En route pour Obenheim, \u00e0 une trentaine de kilom\u00e8tres de Strasbourg, pour d\u00e9couvrir une ancienne usine remplie de tr\u00e9sors automobiles, de pi\u00e8ces d\u00e9tach\u00e9es et de morceaux d'autos.\\nAu milieu de Bugatti, d'am\u00e9ricaines, de fran\u00e7aises et de motos, Dominique Chapatte rencontre le ma\u00eetre des lieux, Cyril Gautier, un passionn\u00e9 de custom motos et collectionneur depuis son plus jeune \u00e2ge.\\n\\nReportages \\nN", "start_date": "2026-08-28T23:05:00+00:00", "title": "Turbo"}, {"desc": "Cette semaine dans Turbo, Safet Rastoder, Etienne Bruet, Simon Pot\u00e9e-Gallini, et Cyril Drevet vous invitent \u00e0 leur Cars&Coffee dans le Cotentin, l\u2019occasion pour eux de partager leur passion avec nos t\u00e9l\u00e9spectateurs.", "start_date": "2026-08-29T00:00:00+00:00", "title": "Turbo"}], "offset": "+00:00", "timezone": "UTC", "error_code": -1, "start_date": "2026-08-28", "icon": ""}