{"end_date": "2026-05-02", "name": "ATV Avrupa", "info_url": "https://epg.pw/channels/443115/20260501.html", "country": "France", "description": null, "error_message": "", "provider": "", "source_url": "https://epg.pw/api/epg.json?channel_id=443115&date=20260501&timezone=None", "epg_list": [{"desc": null, "start_date": "2026-05-01T01:00:00+00:00", "title": "Avrupa Haber"}, {"desc": null, "start_date": "2026-05-01T01:10:00+00:00", "title": "ATV Ana Haber B\u00fclteni"}, {"desc": null, "start_date": "2026-05-01T02:00:00+00:00", "title": "Can Borcu"}, {"desc": null, "start_date": "2026-05-01T04:00:00+00:00", "title": "Kahvalt\u0131 Haberleri"}, {"desc": null, "start_date": "2026-05-01T05:30:00+00:00", "title": "Nihat Hatipo\u011flu Sorular\u0131n\u0131z\u0131 Cevapl\u0131yor"}, {"desc": null, "start_date": "2026-05-01T07:00:00+00:00", "title": "M\u00fcge Anl\u0131 ile Tatl\u0131 Sert"}, {"desc": null, "start_date": "2026-05-01T10:00:00+00:00", "title": "ATV G\u00fcn Ortas\u0131"}, {"desc": null, "start_date": "2026-05-01T11:00:00+00:00", "title": "Nursel Ergin ile Mutfak Bahane"}, {"desc": null, "start_date": "2026-05-01T13:00:00+00:00", "title": "Esra Erol'da"}, {"desc": null, "start_date": "2026-05-01T16:00:00+00:00", "title": "ATV Ana Haber B\u00fclteni"}, {"desc": null, "start_date": "2026-05-01T16:50:00+00:00", "title": "Avrupa Haber"}, {"desc": "\"Tamirci \u00c7\u0131ra\u011f\u0131\"ndan \"Namus Belas\u0131\"na kadar dillerden d\u00fc\u015fmeyen eserlere imza atan Cem Karaca'n\u0131n hayat\u0131 mercek alt\u0131nda. M\u00fczik kariyerindeki b\u00fcy\u00fck ba\u015far\u0131lar\u0131, ya\u015fad\u0131\u011f\u0131 siyasi \u00e7at\u0131\u015fmalar\u0131, b\u00fcy\u00fck a\u015fklar\u0131n\u0131 ve s\u00fcrg\u00fcn y\u0131llar\u0131n\u0131 konu alan film, efsane sanat\u00e7\u0131n\u0131n ilham veren ya\u015fam \u00f6yk\u00fcs\u00fcn\u00fc t\u00fcm ger\u00e7ekli\u011fiyle g\u00f6zler \u00f6n\u00fcne seriyor.", "start_date": "2026-05-01T17:00:00+00:00", "title": "Cem Karaca"}, {"desc": null, "start_date": "2026-05-01T19:30:00+00:00", "title": "Yerli Dizi"}, {"desc": null, "start_date": "2026-05-01T21:40:00+00:00", "title": "Yerli Dizi"}, {"desc": null, "start_date": "2026-05-01T22:50:00+00:00", "title": "Yerli Dizi"}, {"desc": null, "start_date": "2026-05-02T01:00:00+00:00", "title": "Avrupa Haber"}, {"desc": null, "start_date": "2026-05-02T01:10:00+00:00", "title": "ATV Ana Haber B\u00fclteni"}, {"desc": null, "start_date": "2026-05-02T02:00:00+00:00", "title": "Can Borcu"}, {"desc": null, "start_date": "2026-05-02T03:30:00+00:00", "title": "Bir K\u00fc\u00e7\u00fck G\u00fcn I\u015f\u0131\u011f\u0131"}, {"desc": null, "start_date": "2026-05-02T04:30:00+00:00", "title": "ATV'de Hafta Sonu"}, {"desc": null, "start_date": "2026-05-02T07:00:00+00:00", "title": "Yerli Dizi"}, {"desc": null, "start_date": "2026-05-02T09:00:00+00:00", "title": "\u0130\u015f D\u00fcnyas\u0131"}, {"desc": null, "start_date": "2026-05-02T10:10:00+00:00", "title": "Yerli Dizi"}, {"desc": null, "start_date": "2026-05-02T11:50:00+00:00", "title": "Yerli Dizi"}, {"desc": null, "start_date": "2026-05-02T14:30:00+00:00", "title": "Yerli Dizi"}, {"desc": null, "start_date": "2026-05-02T16:00:00+00:00", "title": "ATV Ana Haber B\u00fclteni"}, {"desc": null, "start_date": "2026-05-02T17:00:00+00:00", "title": "Yerli Dizi"}, {"desc": null, "start_date": "2026-05-02T19:20:00+00:00", "title": "Yerli Dizi"}, {"desc": null, "start_date": "2026-05-02T21:20:00+00:00", "title": "Yat\u0131r\u0131mda F\u0131rsat Saati"}, {"desc": null, "start_date": "2026-05-02T23:00:00+00:00", "title": "Yerli Dizi"}], "offset": "+00:00", "timezone": "UTC", "error_code": -1, "start_date": "2026-05-01", "icon": ""}