{"end_date": "2026-04-27", "name": "NOVO19", "info_url": "https://epg.pw/channels/443122/20260426.html", "country": "France", "description": null, "error_message": "", "provider": "", "source_url": "https://epg.pw/api/epg.json?channel_id=443122&date=20260426&timezone=None", "epg_list": [{"desc": null, "start_date": "2026-04-26T01:10:00+00:00", "title": "Programmes de la nuit"}, {"desc": "Le 29 octobre 2019, un champ des Ardennes est retourn\u00e9, creus\u00e9, fouill\u00e9 par Victoria Gillet, qui recherche le corps d'Ana\u00efs Guillaume, la derni\u00e8re compagne de son p\u00e8re. Suspect num\u00e9ro un, il clame depuis toutes ces ann\u00e9es son innocence du fond de sa prison. Mais bient\u00f4t, son pass\u00e9 remonte \u00e0 la surface.", "start_date": "2026-04-26T04:45:00+00:00", "title": "Les visages du crime"}, {"desc": "Le 11 janvier 2002, les pompiers d'Amiens re\u00e7oivent un appel en pleine nuit. A l'autre bout du fil, des cris de terreur : Elodie Kulik hurle face \u00e0 ceux qui vont lui donner la mort. Jacky Kulik, le p\u00e8re de la jeune femme, raconte son combat pour retrouver et faire condamner le bourreau de sa fille.", "start_date": "2026-04-26T05:50:00+00:00", "title": "Les visages du crime"}, {"desc": "Le 22 avril 2007, vers trois heures du matin, \u00e0 La Grande-Motte, Paul Mistler, 60 ans, et son \u00e9pouse Diane quittent un club libertin. Sur le parking, Paul est mortellement poignard\u00e9. Les gendarmes interviennent rapidement et arr\u00eatent un homme en fuite, Franz Diguelman, serveur de 40 ans, qui reconna\u00eet les faits. Il affirme avoir agi par amour pour Diane. Reste \u00e0 savoir quel r\u00f4le cette derni\u00e8re a p", "start_date": "2026-04-26T06:55:00+00:00", "title": "Les visages du crime"}, {"desc": "Au sommaire : \"Le pr\u00e9dateur de Caluire\" : En 1999, Farida une lyc\u00e9enne de Caluire-et-Cuire au nord de Lyon explique qu'elle a \u00e9t\u00e9 viol\u00e9e. - \"Raid meurtrier \u00e0 Villeurbanne\".", "start_date": "2026-04-26T08:00:00+00:00", "title": "Les visages du crime en r\u00e9gion"}, {"desc": "En moins de vingt ans, la fr\u00e9quentation des urgences des h\u00f4pitaux a doubl\u00e9 en France. Mais pas les effectifs. Cons\u00e9quence : les personnels sont \u00e0 bout.", "start_date": "2026-04-26T09:40:00+00:00", "title": "Nos h\u00e9ros du quotidien"}, {"desc": "Plongez au c\u0153ur du quotidien de ceux qui veillent sur notre s\u00e9curit\u00e9 et notre sant\u00e9 : policiers, gendarmes, pompiers, \u00e9quipes du SAMU, etc. \u00c0 travers la r\u00e9alit\u00e9 des interventions, cette s\u00e9rie met en lumi\u00e8re leur engagement, leur sang-froid face \u00e0 l'urgence, et les d\u00e9fis humains auxquels ils sont confront\u00e9s chaque jour. Une immersion saisissante dans le quotidien de femmes et d'hommes d'exception, ", "start_date": "2026-04-26T10:55:00+00:00", "title": "Nos h\u00e9ros du quotidien"}, {"desc": "En ville, dans les bouchons ou encore sur les axes rapides, les incivilit\u00e9s au volant se multiplient. Tous les usagers se croisent, se doublent en oubliant fr\u00e9quemment les r\u00e8gles \u00e9l\u00e9mentaires du code de la route. Inconscients du danger, ces nouveaux chauffards prennent tous les risques. Les forces de l'ordre se mobilisent pour \u00e9viter les accidents.", "start_date": "2026-04-26T12:10:00+00:00", "title": "Nos h\u00e9ros du quotidien"}, {"desc": "A Marseille, les pompiers sont appel\u00e9s pour un incendie, et \u00e0 Paris, pour une femme \u00e2g\u00e9e qui n'arrive plus \u00e0 se relever ; \u00e0 Lille, c'est un braquage qui les attend.", "start_date": "2026-04-26T14:00:00+00:00", "title": "Pompiers : leur vie en direct"}, {"desc": "A Tourcoing, Paris et Marseille, trois casernes sont film\u00e9es en simultan\u00e9 pendant un mois, des femmes et des hommes au service de la soci\u00e9t\u00e9 y sont suivis 24h sur 24.", "start_date": "2026-04-26T15:00:00+00:00", "title": "Pompiers : leur vie en direct"}, {"desc": "A Marseille, Alexandra consid\u00e8re son m\u00e9tier comme une vocation. A Tourcoing, l'\u00e9quipage de David part en intervention. A Paris, les missions s'encha\u00eenent.", "start_date": "2026-04-26T16:00:00+00:00", "title": "Pompiers : leur vie en direct"}, {"desc": "A Marseille, Fr\u00e9d\u00e9ric et ses hommes luttent contre un incendie d'appartement tandis qu'\u00e0 Paris, Franck, m\u00e9decin urgentiste, prend en charge une dissection aortique.", "start_date": "2026-04-26T17:00:00+00:00", "title": "Pompiers : leur vie en direct"}, {"desc": "Un feu ravage une habitation de Tourcoing tandis qu'\u00e0 Paris, une dame menace de se jeter par la fen\u00eatre. Et \u00e0 Marseille, une femme est sur le point d'accoucher.", "start_date": "2026-04-26T18:00:00+00:00", "title": "Pompiers : leur vie en direct"}, {"desc": "Dans le Grand Mus\u00e9e \u00e9gyptien, situ\u00e9 dans la banlieue du Caire, des experts ont rassembl\u00e9 plus de 5000 tr\u00e9sors collect\u00e9s dans la tombe de Toutankhamon.", "start_date": "2026-04-26T19:10:00+00:00", "title": "Les grandes \u00e9nigmes de l'Histoire *2013"}, {"desc": "En Egypte, des arch\u00e9ologues suisses \u00e9tudient une tombe ayant \u00e9chapp\u00e9 aux pilleurs depuis 3 000 ans et contenant deux d\u00e9pouilles fort bien conserv\u00e9es.", "start_date": "2026-04-26T20:00:00+00:00", "title": "La princesse oubli\u00e9e de la vall\u00e9e des Rois"}, {"desc": "En avril 2018, des arch\u00e9ologues travaillant sur une \u00eele su\u00e9doise ont d\u00e9couvert 30 corps portant les traces d'un massacre brutal. Il s'agirait de Vikings.", "start_date": "2026-04-26T21:00:00+00:00", "title": "Les grandes \u00e9nigmes de l'Histoire *2013"}, {"desc": "Tr\u00e9sors en or, corps disparu et tombe con\u00e7ue pour le cheval d'un guerrier montrent comment une nouvelle force \u00e9crasante a remplac\u00e9 l'ancien monde pa\u00efen des Vikings.", "start_date": "2026-04-26T22:00:00+00:00", "title": "Les grandes \u00e9nigmes de l'Histoire *2013"}, {"desc": "Focus sur la v\u00e9racit\u00e9 potentielle de la carte du Vinland, une mappemonde repr\u00e9sentant le monde suppos\u00e9 au XVe si\u00e8cle avec les contours de l'Am\u00e9rique du Nord.", "start_date": "2026-04-26T23:00:00+00:00", "title": "Les grandes \u00e9nigmes de l'Histoire *2013"}, {"desc": null, "start_date": "2026-04-26T23:52:00+00:00", "title": "Programmes de la nuit"}, {"desc": "Agn\u00e8s Marin dispara\u00eet l'apr\u00e8s-midi du 16 novembre 2011 au Chambon-sur-Lignon. Mathieu, un \u00e9l\u00e8ve de 17 ans, rentre couvert de griffures au visage.", "start_date": "2026-04-27T03:59:00+00:00", "title": "Adolescents et criminels : comment ont-ils bascul\u00e9 ?"}, {"desc": "Andy, un jeune gar\u00e7on de 16 ans, vit avec sa famille \u00e0 Albitreccia, pr\u00e8s d'Ajaccio, en Corse. Le 11 ao\u00fbt 2009, il prend le fusil \u00e0 pompe de son p\u00e8re et ex\u00e9cute toute sa famille.", "start_date": "2026-04-27T05:04:00+00:00", "title": "Adolescents et criminels : comment ont-ils bascul\u00e9 ?"}, {"desc": null, "start_date": "2026-04-27T06:09:00+00:00", "title": "Les visages du crime en r\u00e9gion"}, {"desc": null, "start_date": "2026-04-27T07:49:00+00:00", "title": "Les visages du crime en r\u00e9gion"}, {"desc": null, "start_date": "2026-04-27T09:34:00+00:00", "title": "Les visages du crime en r\u00e9gion"}, {"desc": "Au sommaire : \"Double meurtre des C\u00e9vennes\". Valentin, 29 ans, employ\u00e9 d'une scierie, tue Luc, 55 ans, son patron, de deux balles dans la t\u00eate, puis un autre employ\u00e9 avant de prendre la fuite. Le p\u00e8re de Valentin livre son t\u00e9moignage. - \"Coups de feu mortels \u00e0 la Ravoire\". Sofiane, 26 ans, ancien d\u00e9linquant, \u00e0 22 ans reprend sa vie en main, se marie et devient p\u00e8re de famille. Le 2 d\u00e9cembre 2014, ", "start_date": "2026-04-27T11:19:00+00:00", "title": "Les visages du crime en r\u00e9gion"}, {"desc": "Plongez au c\u0153ur du quotidien de ceux qui veillent sur notre s\u00e9curit\u00e9 et notre sant\u00e9 : policiers, gendarmes, pompiers, \u00e9quipes du SAMU, etc. \u00c0 travers la r\u00e9alit\u00e9 des interventions, cette s\u00e9rie met en lumi\u00e8re leur engagement, leur sang-froid face \u00e0 l'urgence, et les d\u00e9fis humains auxquels ils sont confront\u00e9s chaque jour. Une immersion saisissante dans le quotidien de femmes et d'hommes d'exception, ", "start_date": "2026-04-27T13:04:00+00:00", "title": "Nos h\u00e9ros du quotidien"}, {"desc": "Le 27 octobre 2003, les automobilistes fran\u00e7ais ont vu fleurir le premier radar automatique au bord d'une nationale. Il a \u00e9t\u00e9 fracass\u00e9 \u00e0 coups de masse deux jours plus tard ! Dix ans apr\u00e8s, cela n'a pas emp\u00each\u00e9 le pays tout entier de s'\u00e9quiper en masse : \u00e0 la fin de l'ann\u00e9e 2013, la France comptera 6 000 radars sur l'ensemble de son r\u00e9seau routier.", "start_date": "2026-04-27T14:19:00+00:00", "title": "Nos h\u00e9ros du quotidien"}, {"desc": "Une plong\u00e9e au coeur du quotidien des pompiers de Compi\u00e8gne, urgentistes ou membres du SAMU qui s'organisent pour porter secours aux victimes gravement bless\u00e9es d'accidents de la route. Leur champ d'action est vari\u00e9, les profils diff\u00e9rents des victimes \u00e9galement : ces \u00e9quipes doivent intervenir lors de rixes dans des quartiers sensibles ou tentent de prot\u00e9ger les personnes alcoolis\u00e9es qui se mette", "start_date": "2026-04-27T15:19:00+00:00", "title": "Nos h\u00e9ros du quotidien"}, {"desc": "Du lundi au vendredi, pendant 15 minutes, on a de l'info pr\u00e8s de chez vous, et pour vous. Depuis Rennes, la R\u00e9daction travaille avec ses reporters partout dans nos territoires, dans l'Hexagone et en Outre-Mer. Un regard de proximit\u00e9 sur l'actualit\u00e9, o\u00f9 que vous viviez... pour savoir, agir et se rassembler ! On se donne rendez-vous \u00e0 19h10.", "start_date": "2026-04-27T17:10:00+00:00", "title": "On a de l'info"}, {"desc": null, "start_date": "2026-04-27T17:29:00+00:00", "title": "On a du nouveau"}, {"desc": "Du lundi au vendredi, pendant 15 minutes, on a de l'info pr\u00e8s de chez vous, et pour vous. Depuis Rennes, la R\u00e9daction travaille avec ses reporters partout dans nos territoires, dans l'Hexagone et en Outre-Mer. Un regard de proximit\u00e9 sur l'actualit\u00e9, o\u00f9 que vous viviez... pour savoir, agir et se rassembler ! On se donne rendez-vous \u00e0 19h10.", "start_date": "2026-04-27T18:50:00+00:00", "title": "On a de l'info"}, {"desc": "Au d\u00e9but du XIX\u1d49 si\u00e8cle, Paris conna\u00eet une profonde mutation sous l'impulsion de Napol\u00e9on Bonaparte. Ces chantiers ont durablement fa\u00e7onn\u00e9 la capitale.", "start_date": "2026-04-27T19:10:00+00:00", "title": "Paris, les secrets de construction des grands monuments"}, {"desc": "En 1853, Haussmann d\u00e9croche la mission la plus extraordinaire du si\u00e8cle : transformer Paris. C'est \u00e0 Haussmann que Paris doit sa physionomie actuelle.", "start_date": "2026-04-27T20:15:00+00:00", "title": "Paris : l'incroyable chantier de Haussmann"}, {"desc": "Avec ses 160 m\u00e8tres de fa\u00e7ades surmont\u00e9es de 800 chapiteaux sculpt\u00e9s et ses 300 chemin\u00e9es, Chambord est le ch\u00e2teau de toutes les d\u00e9mesures.", "start_date": "2026-04-27T21:25:00+00:00", "title": "Les secrets du ch\u00e2teau de Chambord"}, {"desc": "Le ch\u00e2teau de Vaux-le-Vicomte a \u00e9t\u00e9 construit et am\u00e9nag\u00e9 pour Nicolas Fouquet par deux des plus grands b\u00e2tisseurs du XVIIe : Louis Le Vau et Andr\u00e9 Le N\u00f4tre.", "start_date": "2026-04-27T22:30:00+00:00", "title": "Les secrets du ch\u00e2teau de Vaux-le-Vicomte"}, {"desc": "B\u00e2ti et remodel\u00e9 entre le Moyen Age et le XIXe si\u00e8cle, le ch\u00e2teau de Chantilly est l'un des symboles de l'excellence fran\u00e7aise en mati\u00e8re d'architecture.", "start_date": "2026-04-27T23:35:00+00:00", "title": "Les secrets du ch\u00e2teau de Chantilly"}], "offset": "+00:00", "timezone": "UTC", "error_code": -1, "start_date": "2026-04-26", "icon": ""}