{"end_date": "2026-09-04", "name": "N-TV", "info_url": "https://epg.pw/channels/443159/20260902.html", "country": "France", "description": null, "error_message": "", "provider": "", "source_url": "https://epg.pw/api/epg.json?channel_id=443159&date=20260902&timezone=None", "epg_list": [{"desc": "Six images \u00e0 couper le souffle, six myst\u00e8res insondables : d'un hypoth\u00e9tique \u00e9cran de fum\u00e9e sur la Cor\u00e9e du Nord \u00e0 deux pyramides d'Egypte oubli\u00e9es.", "start_date": "2026-09-02T00:40:00+00:00", "title": "Ph\u00e9nom\u00e8nes vus de l'espace"}, {"desc": "Vom Marketing bis zur ethischen Verantwortung - die Geschichte der Diamantenindustrie.", "start_date": "2026-09-02T01:30:00+00:00", "title": "Rohstoff-Rausch"}, {"desc": "Wasser ist der lebenswichtige Faden, der unsere Zivilisationen und Kulturen gepr\u00e4gt hat.", "start_date": "2026-09-02T02:20:00+00:00", "title": "Rohstoff-Rausch"}, {"desc": "Die Bedeutung des Holzes in der Geschichte der Menschheit und seine Rolle in der Gegenwart.", "start_date": "2026-09-02T03:10:00+00:00", "title": "Rohstoff-Rausch"}, {"desc": null, "start_date": "2026-09-02T04:00:00+00:00", "title": "Deutschland am Morgen"}, {"desc": null, "start_date": "2026-09-02T07:00:00+00:00", "title": "Nachrichten"}, {"desc": null, "start_date": "2026-09-02T07:15:00+00:00", "title": "ntv Wirtschaft"}, {"desc": null, "start_date": "2026-09-02T07:30:00+00:00", "title": "Nachrichten"}, {"desc": null, "start_date": "2026-09-02T07:40:00+00:00", "title": "ntv Wirtschaft"}, {"desc": null, "start_date": "2026-09-02T08:00:00+00:00", "title": "Nachrichten"}, {"desc": null, "start_date": "2026-09-02T08:15:00+00:00", "title": "ntv Wirtschaft"}, {"desc": null, "start_date": "2026-09-02T08:30:00+00:00", "title": "Nachrichten"}, {"desc": null, "start_date": "2026-09-02T08:40:00+00:00", "title": "ntv Wirtschaft"}, {"desc": null, "start_date": "2026-09-02T09:00:00+00:00", "title": "Nachrichten"}, {"desc": null, "start_date": "2026-09-02T09:15:00+00:00", "title": "ntv Wirtschaft"}, {"desc": null, "start_date": "2026-09-02T09:30:00+00:00", "title": "Nachrichten"}, {"desc": null, "start_date": "2026-09-02T09:40:00+00:00", "title": "ntv Wirtschaft"}, {"desc": null, "start_date": "2026-09-02T10:00:00+00:00", "title": "Nachrichten"}, {"desc": null, "start_date": "2026-09-02T10:15:00+00:00", "title": "ntv Wirtschaft"}, {"desc": null, "start_date": "2026-09-02T10:30:00+00:00", "title": "News Spezial"}, {"desc": null, "start_date": "2026-09-02T11:00:00+00:00", "title": "Nachrichten"}, {"desc": null, "start_date": "2026-09-02T11:15:00+00:00", "title": "ntv Wirtschaft"}, {"desc": null, "start_date": "2026-09-02T11:30:00+00:00", "title": "News Spezial"}, {"desc": null, "start_date": "2026-09-02T12:00:00+00:00", "title": "Nachrichten"}, {"desc": null, "start_date": "2026-09-02T12:15:00+00:00", "title": "ntv Wirtschaft"}, {"desc": null, "start_date": "2026-09-02T12:30:00+00:00", "title": "News Spezial"}, {"desc": null, "start_date": "2026-09-02T13:00:00+00:00", "title": "Nachrichten"}, {"desc": null, "start_date": "2026-09-02T13:30:00+00:00", "title": "ntv Wirtschaft"}, {"desc": "Strategien f\u00fcr den Autoverkauf werden vorgestellt, um den besten Preis zu erzielen. Zus\u00e4tzlich werden Werkzeugkoffer getestet, wobei die Auswirkungen von niedrigen Preisen auf die Qualit\u00e4t untersucht werden.", "start_date": "2026-09-02T13:40:00+00:00", "title": "ntv Service"}, {"desc": null, "start_date": "2026-09-02T14:00:00+00:00", "title": "Nachrichten"}, {"desc": null, "start_date": "2026-09-02T14:15:00+00:00", "title": "ntv Wirtschaft"}, {"desc": null, "start_date": "2026-09-02T14:30:00+00:00", "title": "News Spezial"}, {"desc": "Bereits vier Tage vor der Landtagswahl in Sachsen-Anhalt bringt ntv in Kooperation mit Radio Brocken die Spitzenkandidaten zum entscheidenden Schlagabtausch zusammen. In einer 90-min\u00fctigen Wahlarena stellen sich Sven Schulze (CDU), Armin Willingmann (SPD), Lydia H\u00fcskens (FDP), Ulrich Siegmund (AfD), Eva von Angern (Die Linke), Susan Sziborra-Seidlitz (B\u00fcndnis 90/Die Gr\u00fcnen) und Claudia Wittig (BSW", "start_date": "2026-09-02T15:00:00+00:00", "title": "Talk Spezial"}, {"desc": null, "start_date": "2026-09-02T16:30:00+00:00", "title": "News Spezial"}, {"desc": null, "start_date": "2026-09-02T17:00:00+00:00", "title": "Nachrichten"}, {"desc": null, "start_date": "2026-09-02T17:15:00+00:00", "title": "ntv Wirtschaft"}, {"desc": null, "start_date": "2026-09-02T17:30:00+00:00", "title": "News Spezial"}, {"desc": null, "start_date": "2026-09-02T18:00:00+00:00", "title": "Nachrichten"}, {"desc": "Die Kriegsf\u00fchrung hat sich zu elektronischen Technologien und autonomen Drohnen entwickelt.", "start_date": "2026-09-02T18:15:00+00:00", "title": "Die t\u00f6dlichsten Waffen"}, {"desc": null, "start_date": "2026-09-02T19:00:00+00:00", "title": "Nachrichten"}, {"desc": "Drohnen haben sich von Aufkl\u00e4rungswerkzeugen zu bewaffneten \"J\u00e4ger-Killer\"-Ger\u00e4ten entwickelt.", "start_date": "2026-09-02T19:05:00+00:00", "title": "Die t\u00f6dlichsten Waffen"}, {"desc": null, "start_date": "2026-09-02T20:00:00+00:00", "title": "Nachrichten"}, {"desc": "Einblicke in innovative Technologien wie fahrerlose Mini-Z\u00fcge, Vertical Farming und die Herstellung von Kaffee und Strandk\u00f6rben sowie ein Blick hinter die Kulissen der US-Cable Cars und die Arbeit von Tatortreinigern.", "start_date": "2026-09-02T20:05:00+00:00", "title": "Wissen"}, {"desc": null, "start_date": "2026-09-02T21:00:00+00:00", "title": "Nachrichten"}, {"desc": null, "start_date": "2026-09-02T21:15:00+00:00", "title": "ntv Wirtschaft"}, {"desc": "Bereits vier Tage vor der Landtagswahl in Sachsen-Anhalt bringt ntv in Kooperation mit Radio Brocken die Spitzenkandidaten zum entscheidenden Schlagabtausch zusammen. In einer 90-min\u00fctigen Wahlarena stellen sich Sven Schulze (CDU), Armin Willingmann (SPD), Lydia H\u00fcskens (FDP), Ulrich Siegmund (AfD), Eva von Angern (Die Linke), Susan Sziborra-Seidlitz (B\u00fcndnis 90/Die Gr\u00fcnen) und Claudia Wittig (BSW", "start_date": "2026-09-02T21:30:00+00:00", "title": "Talk Spezial"}, {"desc": "Les experts s'int\u00e9ressent \u00e0 une base militaire russe, \u00e0 un manoir situ\u00e9 au large de la Colombie et \u00e0 une structure signal\u00e9e dans les eaux d'une \u00eele japonaise.", "start_date": "2026-09-02T23:00:00+00:00", "title": "Mysterious Islands"}, {"desc": "Des squelettes d\u00e9couverts sur une \u00eele de Croatie, des objets volant au-dessus du d\u00e9troit de Puget, des fossiles de dinosaures et des objets anciens su\u00e9dois intriguent les experts.", "start_date": "2026-09-02T23:40:00+00:00", "title": "Mysterious Islands"}, {"desc": "Die Kriegsf\u00fchrung hat sich zu elektronischen Technologien und autonomen Drohnen entwickelt.", "start_date": "2026-09-03T00:25:00+00:00", "title": "Die t\u00f6dlichsten Waffen"}, {"desc": "Drohnen haben sich von Aufkl\u00e4rungswerkzeugen zu bewaffneten \"J\u00e4ger-Killer\"-Ger\u00e4ten entwickelt.", "start_date": "2026-09-03T01:05:00+00:00", "title": "Die t\u00f6dlichsten Waffen"}, {"desc": "Les experts s'int\u00e9ressent \u00e0 une base militaire russe, \u00e0 un manoir situ\u00e9 au large de la Colombie et \u00e0 une structure signal\u00e9e dans les eaux d'une \u00eele japonaise.", "start_date": "2026-09-03T01:50:00+00:00", "title": "Mysterious Islands"}, {"desc": "Les experts s'int\u00e9ressent \u00e0 une base militaire russe, \u00e0 un manoir situ\u00e9 au large de la Colombie et \u00e0 une structure signal\u00e9e dans les eaux d'une \u00eele japonaise.", "start_date": "2026-09-03T02:30:00+00:00", "title": "Mysterious Islands"}, {"desc": "Alles au\u00dfer E. Audi zeigt den neuen Q7 nur mit Verbrennertechnik. Unfassbarer Porsche 911 GT3 S/C. Wir fahren den Stra\u00dfensportler ohne Dach. Mercedes setzt mit der neuen C-Klasse alles auf Anfang. Aber kann der Elektro-Stern seine Tugenden bewahren?", "start_date": "2026-09-03T03:10:00+00:00", "title": "PS - Das Automagazin"}, {"desc": "Ein Tatort-Reiniger beseitigt Spuren eines Verbrechens, w\u00e4hrend die Reise der Kaffeebohne bis zum fertigen Getr\u00e4nk beleuchtet wird. Ein autonomer Mini-Zug ohne Lokf\u00fchrer sorgt f\u00fcr technologische Innovation.", "start_date": "2026-09-03T03:35:00+00:00", "title": "Wissen"}, {"desc": null, "start_date": "2026-09-03T04:00:00+00:00", "title": "Deutschland am Morgen"}, {"desc": null, "start_date": "2026-09-03T07:00:00+00:00", "title": "Nachrichten"}, {"desc": null, "start_date": "2026-09-03T07:15:00+00:00", "title": "ntv Wirtschaft"}, {"desc": null, "start_date": "2026-09-03T07:30:00+00:00", "title": "Nachrichten"}, {"desc": null, "start_date": "2026-09-03T07:40:00+00:00", "title": "ntv Wirtschaft"}, {"desc": null, "start_date": "2026-09-03T08:00:00+00:00", "title": "Nachrichten"}, {"desc": null, "start_date": "2026-09-03T08:15:00+00:00", "title": "ntv Wirtschaft"}, {"desc": null, "start_date": "2026-09-03T08:30:00+00:00", "title": "Nachrichten"}, {"desc": null, "start_date": "2026-09-03T08:40:00+00:00", "title": "ntv Wirtschaft"}, {"desc": null, "start_date": "2026-09-03T09:00:00+00:00", "title": "Nachrichten"}, {"desc": null, "start_date": "2026-09-03T09:15:00+00:00", "title": "ntv Wirtschaft"}, {"desc": null, "start_date": "2026-09-03T09:30:00+00:00", "title": "Nachrichten"}, {"desc": null, "start_date": "2026-09-03T09:40:00+00:00", "title": "ntv Wirtschaft"}, {"desc": null, "start_date": "2026-09-03T10:00:00+00:00", "title": "Nachrichten"}, {"desc": null, "start_date": "2026-09-03T10:15:00+00:00", "title": "ntv Wirtschaft"}, {"desc": null, "start_date": "2026-09-03T10:30:00+00:00", "title": "News Spezial"}, {"desc": null, "start_date": "2026-09-03T11:00:00+00:00", "title": "Nachrichten"}, {"desc": null, "start_date": "2026-09-03T11:15:00+00:00", "title": "ntv Wirtschaft"}, {"desc": null, "start_date": "2026-09-03T11:30:00+00:00", "title": "News Spezial"}, {"desc": null, "start_date": "2026-09-03T12:00:00+00:00", "title": "Nachrichten"}, {"desc": null, "start_date": "2026-09-03T12:15:00+00:00", "title": "ntv Wirtschaft"}, {"desc": null, "start_date": "2026-09-03T12:30:00+00:00", "title": "News Spezial"}, {"desc": null, "start_date": "2026-09-03T13:00:00+00:00", "title": "Nachrichten"}, {"desc": null, "start_date": "2026-09-03T13:30:00+00:00", "title": "ntv Wirtschaft"}, {"desc": null, "start_date": "2026-09-03T13:40:00+00:00", "title": "ntv Service"}, {"desc": null, "start_date": "2026-09-03T14:00:00+00:00", "title": "Nachrichten"}, {"desc": null, "start_date": "2026-09-03T14:15:00+00:00", "title": "ntv Wirtschaft"}, {"desc": null, "start_date": "2026-09-03T14:30:00+00:00", "title": "News Spezial"}, {"desc": null, "start_date": "2026-09-03T15:00:00+00:00", "title": "Nachrichten"}, {"desc": null, "start_date": "2026-09-03T15:15:00+00:00", "title": "ntv Wirtschaft"}, {"desc": null, "start_date": "2026-09-03T15:30:00+00:00", "title": "News Spezial"}, {"desc": null, "start_date": "2026-09-03T16:00:00+00:00", "title": "Nachrichten"}, {"desc": null, "start_date": "2026-09-03T16:30:00+00:00", "title": "ntv Wirtschaft"}, {"desc": "Zusatzdienste bei Autoabos k\u00f6nnen unerwartet hohe Kosten verursachen. Gesundes Fast Food ist tats\u00e4chlich m\u00f6glich und bietet eine Alternative zu herk\u00f6mmlichen Angeboten. Beim ersten Date stellt sich oft die Frage, wer die Rechnung \u00fcbernimmt.", "start_date": "2026-09-03T16:40:00+00:00", "title": "ntv Service"}, {"desc": null, "start_date": "2026-09-03T17:00:00+00:00", "title": "Nachrichten"}, {"desc": null, "start_date": "2026-09-03T17:15:00+00:00", "title": "ntv Wirtschaft"}, {"desc": null, "start_date": "2026-09-03T17:30:00+00:00", "title": "News Spezial"}, {"desc": null, "start_date": "2026-09-03T18:00:00+00:00", "title": "Nachrichten"}, {"desc": "Les commandos alli\u00e9s effectuent des raids en Norv\u00e8ge et \u00e9tablissent des bases d'espionnage. Hitler s'inqui\u00e8te et consacre davantage de ressources au nord.", "start_date": "2026-09-03T18:15:00+00:00", "title": "39-45 : la guerre de l'Arctique"}, {"desc": null, "start_date": "2026-09-03T19:00:00+00:00", "title": "Nachrichten"}, {"desc": "Les Alli\u00e9s augmentent la pression dans le nord en menant une importante op\u00e9ration de leurre. Hitler poursuit ses projets de construction massive.", "start_date": "2026-09-03T19:05:00+00:00", "title": "39-45 : la guerre de l'Arctique"}, {"desc": null, "start_date": "2026-09-03T20:00:00+00:00", "title": "Nachrichten"}, {"desc": "L'Union sovi\u00e9tique lance une offensive au nord et les Allemands battent en retraite. Les projets de construction d'Hitler conduisent les prisonniers \u00e0 la mort.", "start_date": "2026-09-03T20:05:00+00:00", "title": "39-45 : la guerre de l'Arctique"}, {"desc": null, "start_date": "2026-09-03T21:00:00+00:00", "title": "Nachrichten"}, {"desc": null, "start_date": "2026-09-03T21:15:00+00:00", "title": "ntv Wirtschaft"}, {"desc": "Deutschland erlitt 1943 in Stalingrad eine bedeutende Niederlage, Japan verlor bei Guadalcanal.", "start_date": "2026-09-03T21:30:00+00:00", "title": "Der zweite Weltkrieg - Globale Fronten"}, {"desc": "Der D-Day und Operation Bagration schw\u00e4chen 1944 die Wehrmacht entscheidend im Westen und Osten.", "start_date": "2026-09-03T22:20:00+00:00", "title": "Der zweite Weltkrieg - Globale Fronten"}, {"desc": "Les commandos alli\u00e9s effectuent des raids en Norv\u00e8ge et \u00e9tablissent des bases d'espionnage. Hitler s'inqui\u00e8te et consacre davantage de ressources au nord.", "start_date": "2026-09-03T23:15:00+00:00", "title": "39-45 : la guerre de l'Arctique"}, {"desc": "Les Alli\u00e9s augmentent la pression dans le nord en menant une importante op\u00e9ration de leurre. Hitler poursuit ses projets de construction massive.", "start_date": "2026-09-04T00:00:00+00:00", "title": "39-45 : la guerre de l'Arctique"}], "offset": "+00:00", "timezone": "UTC", "error_code": -1, "start_date": "2026-09-02", "icon": ""}