{"end_date": "2026-08-31", "name": "TV RENNES 35", "info_url": "https://epg.pw/channels/443206/20260830.html", "country": "France", "description": null, "error_message": "", "provider": "", "source_url": "https://epg.pw/api/epg.json?channel_id=443206&date=20260830&timezone=None", "epg_list": [{"desc": null, "start_date": "2026-08-31T18:15:00+00:00", "title": "M\u00e9t\u00e9o"}, {"desc": null, "start_date": "2026-08-31T18:21:00+00:00", "title": "Les estivales"}, {"desc": null, "start_date": "2026-08-31T18:27:00+00:00", "title": "Le Mag"}, {"desc": null, "start_date": "2026-08-31T18:30:00+00:00", "title": "TVR Info - Soir"}, {"desc": null, "start_date": "2026-08-31T18:45:00+00:00", "title": "M\u00e9t\u00e9o"}, {"desc": null, "start_date": "2026-08-31T18:51:00+00:00", "title": "C l'invit\u00e9.e"}, {"desc": null, "start_date": "2026-08-31T18:57:00+00:00", "title": "Le Mag"}, {"desc": null, "start_date": "2026-08-31T19:00:00+00:00", "title": "Pleine lucarne"}, {"desc": null, "start_date": "2026-08-31T19:48:00+00:00", "title": "Jardin des Arts"}, {"desc": null, "start_date": "2026-08-31T19:50:00+00:00", "title": "Les estivales"}, {"desc": null, "start_date": "2026-08-31T19:56:00+00:00", "title": "Le Mag"}, {"desc": null, "start_date": "2026-08-31T19:59:00+00:00", "title": "TVR Info - Soir"}, {"desc": null, "start_date": "2026-08-31T20:15:00+00:00", "title": "M\u00e9t\u00e9o"}, {"desc": null, "start_date": "2026-08-31T20:20:00+00:00", "title": "C l'invit\u00e9.e"}, {"desc": null, "start_date": "2026-08-31T20:26:00+00:00", "title": "Le Mag"}, {"desc": null, "start_date": "2026-08-31T20:29:00+00:00", "title": "TVR Info - Soir"}, {"desc": null, "start_date": "2026-08-31T20:45:00+00:00", "title": "M\u00e9t\u00e9o"}, {"desc": null, "start_date": "2026-08-31T20:51:00+00:00", "title": "Les estivales"}, {"desc": null, "start_date": "2026-08-31T20:56:00+00:00", "title": "Le Mag"}, {"desc": null, "start_date": "2026-08-31T21:00:00+00:00", "title": "Pleine lucarne"}, {"desc": null, "start_date": "2026-08-31T21:45:00+00:00", "title": "M\u00e9t\u00e9o"}, {"desc": null, "start_date": "2026-08-31T21:50:00+00:00", "title": "Drone"}, {"desc": null, "start_date": "2026-08-31T21:51:00+00:00", "title": "C l'invit\u00e9.e"}, {"desc": null, "start_date": "2026-08-31T21:57:00+00:00", "title": "Le Mag"}, {"desc": null, "start_date": "2026-08-31T22:00:00+00:00", "title": "Pleine lucarne"}, {"desc": null, "start_date": "2026-08-31T22:45:00+00:00", "title": "TVR Info - Soir"}, {"desc": null, "start_date": "2026-08-31T23:00:00+00:00", "title": "M\u00e9t\u00e9o"}, {"desc": null, "start_date": "2026-08-31T23:06:00+00:00", "title": "Drone"}, {"desc": null, "start_date": "2026-08-31T23:08:00+00:00", "title": "Les estivales"}, {"desc": null, "start_date": "2026-08-31T23:12:00+00:00", "title": "Le Mag"}, {"desc": null, "start_date": "2026-08-31T23:15:00+00:00", "title": "TVR Info - Soir"}, {"desc": null, "start_date": "2026-08-31T23:30:00+00:00", "title": "M\u00e9t\u00e9o"}, {"desc": null, "start_date": "2026-08-31T23:33:00+00:00", "title": "Jardin des Arts"}, {"desc": null, "start_date": "2026-08-31T23:35:00+00:00", "title": "Drone"}, {"desc": null, "start_date": "2026-08-31T23:36:00+00:00", "title": "C l'invit\u00e9.e"}, {"desc": null, "start_date": "2026-08-31T23:42:00+00:00", "title": "Le Mag"}, {"desc": null, "start_date": "2026-08-31T23:45:00+00:00", "title": "Pleine lucarne"}], "offset": "+00:00", "timezone": "UTC", "error_code": -1, "start_date": "2026-08-31", "icon": ""}