{"end_date": "2026-09-02", "name": "TV RENNES 35", "info_url": "https://epg.pw/channels/443206/20260831.html", "country": "France", "description": null, "error_message": "", "provider": "", "source_url": "https://epg.pw/api/epg.json?channel_id=443206&date=20260831&timezone=None", "epg_list": [{"desc": null, "start_date": "2026-08-31T00:00:00+00:00", "title": "Faites-moi lire"}, {"desc": null, "start_date": "2026-08-31T00:30:00+00:00", "title": "Le grand journal des territoires"}, {"desc": null, "start_date": "2026-08-31T00:56:00+00:00", "title": "M\u00e9t\u00e9o"}, {"desc": null, "start_date": "2026-08-31T01:00:00+00:00", "title": "Avec vous, au quotidien"}, {"desc": null, "start_date": "2026-08-31T01:27:00+00:00", "title": "Jardin des Arts"}, {"desc": null, "start_date": "2026-08-31T01:29:00+00:00", "title": "Le grand journal des territoires"}, {"desc": null, "start_date": "2026-08-31T01:56:00+00:00", "title": "M\u00e9t\u00e9o"}, {"desc": null, "start_date": "2026-08-31T02:00:00+00:00", "title": "Faites-moi lire"}, {"desc": null, "start_date": "2026-08-31T02:30:00+00:00", "title": "Le grand journal des territoires"}, {"desc": null, "start_date": "2026-08-31T02:56:00+00:00", "title": "M\u00e9t\u00e9o"}, {"desc": null, "start_date": "2026-08-31T03:00:00+00:00", "title": "Avec vous, au quotidien"}, {"desc": null, "start_date": "2026-08-31T03:27:00+00:00", "title": "Jardin des Arts"}, {"desc": null, "start_date": "2026-08-31T03:30:00+00:00", "title": "Le grand journal des territoires"}, {"desc": null, "start_date": "2026-08-31T03:56:00+00:00", "title": "M\u00e9t\u00e9o"}, {"desc": null, "start_date": "2026-08-31T04:00:00+00:00", "title": "Faites-moi lire"}, {"desc": null, "start_date": "2026-08-31T04:30:00+00:00", "title": "Le grand journal des territoires"}, {"desc": null, "start_date": "2026-08-31T04:56:00+00:00", "title": "M\u00e9t\u00e9o"}, {"desc": null, "start_date": "2026-08-31T05:00:00+00:00", "title": "Avec vous, au quotidien"}, {"desc": null, "start_date": "2026-08-31T05:30:00+00:00", "title": "Business Club de l'Ouest"}, {"desc": null, "start_date": "2026-08-31T05:56:00+00:00", "title": "M\u00e9t\u00e9o"}, {"desc": null, "start_date": "2026-08-31T06:00:00+00:00", "title": "TVR Events"}, {"desc": null, "start_date": "2026-08-31T06:30:00+00:00", "title": "Le grand journal des territoires"}, {"desc": null, "start_date": "2026-08-31T07:00:00+00:00", "title": "My First Time - Les Trans Musicales 2025"}, {"desc": null, "start_date": "2026-08-31T07:40:00+00:00", "title": "L'Invit\u00e9.e Business"}, {"desc": "Apr\u00e8s avoir constat\u00e9 la d\u00e9pendance aux importations asiatiques, l'entreprise a fait le choix strat\u00e9gique de relocaliser la production de perles de fruits en Bretagne. Elle privil\u00e9gie aujourd'hui les fournisseurs locaux, avec 33 % de ses achats effectu\u00e9s en Bretagne, et vise une ma\u00eetrise compl\u00e8te de sa cha\u00eene de production.", "start_date": "2026-08-31T07:57:00+00:00", "title": "Parole de reloc'"}, {"desc": "Omar, Bara, Lamine, Amadou ont tous un point commun : ils sont p\u00eacheurs et ils ont quitt\u00e9 leur pays, le S\u00e9n\u00e9gal, \u00e0 cause de la surp\u00eache. De la France au S\u00e9n\u00e9gal, en passant par l'Espagne, l'Odyss\u00e9e Atlantique documente l'odyss\u00e9e de ces for\u00e7ats de la mer, victimes de l'accaparement de leur oc\u00e9an.", "start_date": "2026-08-31T08:00:00+00:00", "title": "L'Odyss\u00e9e Atlantique de Joal \u00e0 Lorient : l'exil des p\u00eacheurs s\u00e9n\u00e9galais"}, {"desc": null, "start_date": "2026-08-31T08:53:00+00:00", "title": "Les estivales"}, {"desc": null, "start_date": "2026-08-31T09:00:00+00:00", "title": "TVR Events"}, {"desc": null, "start_date": "2026-08-31T09:29:00+00:00", "title": "Drone"}, {"desc": null, "start_date": "2026-08-31T09:30:00+00:00", "title": "Avec vous, au quotidien"}, {"desc": null, "start_date": "2026-08-31T09:56:00+00:00", "title": "Le Mag"}, {"desc": null, "start_date": "2026-08-31T10:00:00+00:00", "title": "Business Club de l'Ouest"}, {"desc": null, "start_date": "2026-08-31T10:29:00+00:00", "title": "Drone"}, {"desc": null, "start_date": "2026-08-31T10:30:00+00:00", "title": "TVR Info - Midi"}, {"desc": null, "start_date": "2026-08-31T10:36:00+00:00", "title": "Les estivales"}, {"desc": null, "start_date": "2026-08-31T10:41:00+00:00", "title": "Combat de coqs"}, {"desc": null, "start_date": "2026-08-31T10:57:00+00:00", "title": "Jardin des Arts"}, {"desc": null, "start_date": "2026-08-31T11:00:00+00:00", "title": "TVR Info - Midi"}, {"desc": null, "start_date": "2026-08-31T11:06:00+00:00", "title": "Les estivales"}, {"desc": null, "start_date": "2026-08-31T11:11:00+00:00", "title": "Drone"}, {"desc": null, "start_date": "2026-08-31T11:12:00+00:00", "title": "TVR Info - Midi"}, {"desc": null, "start_date": "2026-08-31T11:18:00+00:00", "title": "Les estivales"}, {"desc": null, "start_date": "2026-08-31T11:30:00+00:00", "title": "TVR Info - Midi"}, {"desc": null, "start_date": "2026-08-31T11:36:00+00:00", "title": "Les estivales"}, {"desc": null, "start_date": "2026-08-31T11:42:00+00:00", "title": "Combat de coqs"}, {"desc": null, "start_date": "2026-08-31T11:59:00+00:00", "title": "Drone"}, {"desc": null, "start_date": "2026-08-31T12:00:00+00:00", "title": "1, 2, 3 musette"}, {"desc": null, "start_date": "2026-08-31T12:30:00+00:00", "title": "1, 2, 3 dansez"}, {"desc": null, "start_date": "2026-08-31T12:57:00+00:00", "title": "Jardin des Arts"}, {"desc": null, "start_date": "2026-08-31T13:00:00+00:00", "title": "TVR Info - Midi"}, {"desc": null, "start_date": "2026-08-31T13:06:00+00:00", "title": "Les estivales"}, {"desc": null, "start_date": "2026-08-31T13:12:00+00:00", "title": "TVR Info - Midi"}, {"desc": null, "start_date": "2026-08-31T13:14:00+00:00", "title": "Drone"}, {"desc": null, "start_date": "2026-08-31T13:18:00+00:00", "title": "Les estivales"}, {"desc": null, "start_date": "2026-08-31T13:30:00+00:00", "title": "TVR Info - Midi"}, {"desc": null, "start_date": "2026-08-31T13:36:00+00:00", "title": "Les estivales"}, {"desc": null, "start_date": "2026-08-31T13:42:00+00:00", "title": "TVR Info - Midi"}, {"desc": null, "start_date": "2026-08-31T13:44:00+00:00", "title": "Drone"}, {"desc": null, "start_date": "2026-08-31T13:48:00+00:00", "title": "Les estivales"}, {"desc": null, "start_date": "2026-08-31T13:56:00+00:00", "title": "Le Mag"}, {"desc": null, "start_date": "2026-08-31T13:59:00+00:00", "title": "TVR Info - Midi"}, {"desc": null, "start_date": "2026-08-31T14:05:00+00:00", "title": "Les estivales"}, {"desc": null, "start_date": "2026-08-31T14:11:00+00:00", "title": "Drone"}, {"desc": null, "start_date": "2026-08-31T14:12:00+00:00", "title": "TVR Info - Midi"}, {"desc": null, "start_date": "2026-08-31T14:18:00+00:00", "title": "Les estivales"}, {"desc": null, "start_date": "2026-08-31T14:27:00+00:00", "title": "Jardin des Arts"}, {"desc": null, "start_date": "2026-08-31T14:30:00+00:00", "title": "TVR Info - Midi"}, {"desc": null, "start_date": "2026-08-31T14:36:00+00:00", "title": "Les estivales"}, {"desc": null, "start_date": "2026-08-31T14:42:00+00:00", "title": "TVR Info - Midi"}, {"desc": null, "start_date": "2026-08-31T14:44:00+00:00", "title": "Drone"}, {"desc": null, "start_date": "2026-08-31T14:48:00+00:00", "title": "Les estivales"}, {"desc": null, "start_date": "2026-08-31T14:55:00+00:00", "title": "Le Mag"}, {"desc": null, "start_date": "2026-08-31T15:00:00+00:00", "title": "TVR Info - Midi"}, {"desc": null, "start_date": "2026-08-31T15:06:00+00:00", "title": "Les estivales"}, {"desc": null, "start_date": "2026-08-31T15:14:00+00:00", "title": "Drone"}, {"desc": null, "start_date": "2026-08-31T15:15:00+00:00", "title": "Pleine lucarne"}, {"desc": null, "start_date": "2026-08-31T16:00:00+00:00", "title": "TVR Info - Soir"}, {"desc": null, "start_date": "2026-08-31T16:15:00+00:00", "title": "M\u00e9t\u00e9o"}, {"desc": null, "start_date": "2026-08-31T16:21:00+00:00", "title": "C l'invit\u00e9.e"}, {"desc": null, "start_date": "2026-08-31T16:27:00+00:00", "title": "Le Mag"}, {"desc": null, "start_date": "2026-08-31T16:30:00+00:00", "title": "TVR Info - Soir"}, {"desc": null, "start_date": "2026-08-31T16:45:00+00:00", "title": "M\u00e9t\u00e9o"}, {"desc": null, "start_date": "2026-08-31T16:51:00+00:00", "title": "Les estivales"}, {"desc": null, "start_date": "2026-08-31T16:56:00+00:00", "title": "Le Mag"}, {"desc": null, "start_date": "2026-08-31T17:00:00+00:00", "title": "Pleine lucarne"}, {"desc": null, "start_date": "2026-08-31T17:45:00+00:00", "title": "M\u00e9t\u00e9o"}, {"desc": null, "start_date": "2026-08-31T17:51:00+00:00", "title": "C l'invit\u00e9.e"}, {"desc": null, "start_date": "2026-08-31T17:57:00+00:00", "title": "Le Mag"}, {"desc": null, "start_date": "2026-08-31T18:00:00+00:00", "title": "TVR Info - Soir"}, {"desc": null, "start_date": "2026-08-31T18:15:00+00:00", "title": "M\u00e9t\u00e9o"}, {"desc": null, "start_date": "2026-08-31T18:21:00+00:00", "title": "Les estivales"}, {"desc": null, "start_date": "2026-08-31T18:27:00+00:00", "title": "Le Mag"}, {"desc": null, "start_date": "2026-08-31T18:30:00+00:00", "title": "TVR Info - Soir"}, {"desc": null, "start_date": "2026-08-31T18:45:00+00:00", "title": "M\u00e9t\u00e9o"}, {"desc": null, "start_date": "2026-08-31T18:51:00+00:00", "title": "C l'invit\u00e9.e"}, {"desc": null, "start_date": "2026-08-31T18:57:00+00:00", "title": "Le Mag"}, {"desc": null, "start_date": "2026-08-31T19:00:00+00:00", "title": "Pleine lucarne"}, {"desc": null, "start_date": "2026-08-31T19:48:00+00:00", "title": "Jardin des Arts"}, {"desc": null, "start_date": "2026-08-31T19:50:00+00:00", "title": "Les estivales"}, {"desc": null, "start_date": "2026-08-31T19:56:00+00:00", "title": "Le Mag"}, {"desc": null, "start_date": "2026-08-31T19:59:00+00:00", "title": "TVR Info - Soir"}, {"desc": null, "start_date": "2026-08-31T20:15:00+00:00", "title": "M\u00e9t\u00e9o"}, {"desc": null, "start_date": "2026-08-31T20:20:00+00:00", "title": "C l'invit\u00e9.e"}, {"desc": null, "start_date": "2026-08-31T20:26:00+00:00", "title": "Le Mag"}, {"desc": null, "start_date": "2026-08-31T20:29:00+00:00", "title": "TVR Info - Soir"}, {"desc": null, "start_date": "2026-08-31T20:45:00+00:00", "title": "M\u00e9t\u00e9o"}, {"desc": null, "start_date": "2026-08-31T20:51:00+00:00", "title": "Les estivales"}, {"desc": null, "start_date": "2026-08-31T20:56:00+00:00", "title": "Le Mag"}, {"desc": null, "start_date": "2026-08-31T21:00:00+00:00", "title": "Pleine lucarne"}, {"desc": null, "start_date": "2026-08-31T21:45:00+00:00", "title": "M\u00e9t\u00e9o"}, {"desc": null, "start_date": "2026-08-31T21:50:00+00:00", "title": "Drone"}, {"desc": null, "start_date": "2026-08-31T21:51:00+00:00", "title": "C l'invit\u00e9.e"}, {"desc": null, "start_date": "2026-08-31T21:57:00+00:00", "title": "Le Mag"}, {"desc": null, "start_date": "2026-08-31T22:00:00+00:00", "title": "Pleine lucarne"}, {"desc": null, "start_date": "2026-08-31T22:45:00+00:00", "title": "TVR Info - Soir"}, {"desc": null, "start_date": "2026-08-31T23:00:00+00:00", "title": "M\u00e9t\u00e9o"}, {"desc": null, "start_date": "2026-08-31T23:06:00+00:00", "title": "Drone"}, {"desc": null, "start_date": "2026-08-31T23:08:00+00:00", "title": "Les estivales"}, {"desc": null, "start_date": "2026-08-31T23:12:00+00:00", "title": "Le Mag"}, {"desc": null, "start_date": "2026-08-31T23:15:00+00:00", "title": "TVR Info - Soir"}, {"desc": null, "start_date": "2026-08-31T23:30:00+00:00", "title": "M\u00e9t\u00e9o"}, {"desc": null, "start_date": "2026-08-31T23:33:00+00:00", "title": "Jardin des Arts"}, {"desc": null, "start_date": "2026-08-31T23:35:00+00:00", "title": "Drone"}, {"desc": null, "start_date": "2026-08-31T23:36:00+00:00", "title": "C l'invit\u00e9.e"}, {"desc": null, "start_date": "2026-08-31T23:42:00+00:00", "title": "Le Mag"}, {"desc": null, "start_date": "2026-08-31T23:45:00+00:00", "title": "Pleine lucarne"}, {"desc": null, "start_date": "2026-09-01T00:30:00+00:00", "title": "TVR Info - Soir"}, {"desc": null, "start_date": "2026-09-01T00:45:00+00:00", "title": "M\u00e9t\u00e9o"}, {"desc": null, "start_date": "2026-09-01T00:51:00+00:00", "title": "Les estivales"}, {"desc": null, "start_date": "2026-09-01T00:57:00+00:00", "title": "Le Mag"}, {"desc": null, "start_date": "2026-09-01T01:00:00+00:00", "title": "TVR Info - Soir"}, {"desc": null, "start_date": "2026-09-01T01:15:00+00:00", "title": "M\u00e9t\u00e9o"}, {"desc": null, "start_date": "2026-09-01T01:18:00+00:00", "title": "Jardin des Arts"}, {"desc": null, "start_date": "2026-09-01T01:20:00+00:00", "title": "Drone"}, {"desc": null, "start_date": "2026-09-01T01:21:00+00:00", "title": "C l'invit\u00e9.e"}, {"desc": null, "start_date": "2026-09-01T01:27:00+00:00", "title": "Le Mag"}, {"desc": null, "start_date": "2026-09-01T01:30:00+00:00", "title": "Pleine lucarne"}, {"desc": null, "start_date": "2026-09-01T02:15:00+00:00", "title": "TVR Info - Soir"}, {"desc": null, "start_date": "2026-09-01T02:30:00+00:00", "title": "M\u00e9t\u00e9o"}, {"desc": null, "start_date": "2026-09-01T02:36:00+00:00", "title": "Drone"}, {"desc": null, "start_date": "2026-09-01T02:38:00+00:00", "title": "Les estivales"}, {"desc": null, "start_date": "2026-09-01T02:42:00+00:00", "title": "Le Mag"}, {"desc": null, "start_date": "2026-09-01T02:45:00+00:00", "title": "TVR Info - Soir"}, {"desc": null, "start_date": "2026-09-01T03:00:00+00:00", "title": "M\u00e9t\u00e9o"}, {"desc": null, "start_date": "2026-09-01T03:03:00+00:00", "title": "Jardin des Arts"}, {"desc": null, "start_date": "2026-09-01T03:05:00+00:00", "title": "Drone"}, {"desc": null, "start_date": "2026-09-01T03:06:00+00:00", "title": "C l'invit\u00e9.e"}, {"desc": null, "start_date": "2026-09-01T03:12:00+00:00", "title": "Le Mag"}, {"desc": null, "start_date": "2026-09-01T03:15:00+00:00", "title": "Pleine lucarne"}, {"desc": null, "start_date": "2026-09-01T04:00:00+00:00", "title": "TVR Info - Soir"}, {"desc": null, "start_date": "2026-09-01T04:15:00+00:00", "title": "M\u00e9t\u00e9o"}, {"desc": null, "start_date": "2026-09-01T04:21:00+00:00", "title": "Les estivales"}, {"desc": null, "start_date": "2026-09-01T04:27:00+00:00", "title": "Le Mag"}, {"desc": null, "start_date": "2026-09-01T04:30:00+00:00", "title": "TVR Info - Soir"}, {"desc": null, "start_date": "2026-09-01T04:45:00+00:00", "title": "M\u00e9t\u00e9o"}, {"desc": null, "start_date": "2026-09-01T04:48:00+00:00", "title": "Jardin des Arts"}, {"desc": null, "start_date": "2026-09-01T04:50:00+00:00", "title": "Drone"}, {"desc": null, "start_date": "2026-09-01T04:51:00+00:00", "title": "C l'invit\u00e9.e"}, {"desc": null, "start_date": "2026-09-01T04:57:00+00:00", "title": "Le Mag"}, {"desc": null, "start_date": "2026-09-01T05:00:00+00:00", "title": "TVR Info - Soir"}, {"desc": null, "start_date": "2026-09-01T05:15:00+00:00", "title": "M\u00e9t\u00e9o"}, {"desc": null, "start_date": "2026-09-01T05:21:00+00:00", "title": "Les estivales"}, {"desc": null, "start_date": "2026-09-01T05:25:00+00:00", "title": "Drone"}, {"desc": null, "start_date": "2026-09-01T05:27:00+00:00", "title": "Le Mag"}, {"desc": null, "start_date": "2026-09-01T05:30:00+00:00", "title": "TVR Info - Soir"}, {"desc": null, "start_date": "2026-09-01T05:45:00+00:00", "title": "M\u00e9t\u00e9o"}, {"desc": null, "start_date": "2026-09-01T05:51:00+00:00", "title": "C l'invit\u00e9.e"}, {"desc": null, "start_date": "2026-09-01T05:57:00+00:00", "title": "Le Mag"}, {"desc": null, "start_date": "2026-09-01T06:00:00+00:00", "title": "TVR Info - Soir"}, {"desc": null, "start_date": "2026-09-01T06:15:00+00:00", "title": "M\u00e9t\u00e9o"}, {"desc": null, "start_date": "2026-09-01T06:21:00+00:00", "title": "Les estivales"}, {"desc": null, "start_date": "2026-09-01T06:26:00+00:00", "title": "Le Mag"}, {"desc": null, "start_date": "2026-09-01T06:29:00+00:00", "title": "TVR Info - Soir"}, {"desc": null, "start_date": "2026-09-01T06:45:00+00:00", "title": "M\u00e9t\u00e9o"}, {"desc": null, "start_date": "2026-09-01T06:51:00+00:00", "title": "C l'invit\u00e9.e"}, {"desc": null, "start_date": "2026-09-01T06:57:00+00:00", "title": "Le Mag"}, {"desc": null, "start_date": "2026-09-01T07:00:00+00:00", "title": "Pleine lucarne"}, {"desc": null, "start_date": "2026-09-01T07:51:00+00:00", "title": "Les estivales"}, {"desc": null, "start_date": "2026-09-01T07:56:00+00:00", "title": "Le Mag"}, {"desc": null, "start_date": "2026-09-01T07:59:00+00:00", "title": "TVR Info - Soir"}, {"desc": null, "start_date": "2026-09-01T08:21:00+00:00", "title": "C l'invit\u00e9.e"}, {"desc": null, "start_date": "2026-09-01T08:27:00+00:00", "title": "Le Mag"}, {"desc": null, "start_date": "2026-09-01T08:30:00+00:00", "title": "TVR Info - Soir"}, {"desc": null, "start_date": "2026-09-01T08:51:00+00:00", "title": "Les estivales"}, {"desc": null, "start_date": "2026-09-01T08:56:00+00:00", "title": "Le Mag"}, {"desc": null, "start_date": "2026-09-01T08:59:00+00:00", "title": "Pleine lucarne"}, {"desc": null, "start_date": "2026-09-01T09:51:00+00:00", "title": "C l'invit\u00e9.e"}, {"desc": null, "start_date": "2026-09-01T09:57:00+00:00", "title": "Le Mag"}, {"desc": null, "start_date": "2026-09-01T10:00:00+00:00", "title": "TVR Info - Soir"}, {"desc": null, "start_date": "2026-09-01T10:21:00+00:00", "title": "Les estivales"}, {"desc": null, "start_date": "2026-09-01T10:26:00+00:00", "title": "Le Mag"}, {"desc": null, "start_date": "2026-09-01T10:30:00+00:00", "title": "TVR Info - Midi"}, {"desc": null, "start_date": "2026-09-01T10:36:00+00:00", "title": "C l'invit\u00e9.e"}, {"desc": null, "start_date": "2026-09-01T10:42:00+00:00", "title": "Combat de coqs"}, {"desc": null, "start_date": "2026-09-01T11:00:00+00:00", "title": "Pleine lucarne"}, {"desc": null, "start_date": "2026-09-01T11:45:00+00:00", "title": "Combat de coqs"}, {"desc": null, "start_date": "2026-09-01T12:00:00+00:00", "title": "1, 2, 3 musette"}, {"desc": null, "start_date": "2026-09-01T12:30:00+00:00", "title": "1, 2, 3 dansez"}, {"desc": null, "start_date": "2026-09-01T13:00:00+00:00", "title": "Pleine lucarne"}, {"desc": null, "start_date": "2026-09-01T13:48:00+00:00", "title": "Les estivales"}, {"desc": null, "start_date": "2026-09-01T14:00:00+00:00", "title": "TVR Info - Midi"}, {"desc": null, "start_date": "2026-09-01T14:06:00+00:00", "title": "C l'invit\u00e9.e"}, {"desc": null, "start_date": "2026-09-01T14:10:00+00:00", "title": "Drone"}, {"desc": null, "start_date": "2026-09-01T14:12:00+00:00", "title": "TVR Info - Midi"}, {"desc": null, "start_date": "2026-09-01T14:18:00+00:00", "title": "Les estivales"}, {"desc": null, "start_date": "2026-09-01T14:30:00+00:00", "title": "TVR Info - Midi"}, {"desc": null, "start_date": "2026-09-01T14:36:00+00:00", "title": "C l'invit\u00e9.e"}, {"desc": null, "start_date": "2026-09-01T14:42:00+00:00", "title": "TVR Info - Midi"}, {"desc": null, "start_date": "2026-09-01T14:44:00+00:00", "title": "Drone"}, {"desc": null, "start_date": "2026-09-01T14:48:00+00:00", "title": "Les estivales"}, {"desc": null, "start_date": "2026-09-01T14:59:00+00:00", "title": "Pleine lucarne"}, {"desc": null, "start_date": "2026-09-01T15:44:00+00:00", "title": "Combat de coqs"}, {"desc": null, "start_date": "2026-09-01T16:00:00+00:00", "title": "TVR Info - Soir"}, {"desc": null, "start_date": "2026-09-01T16:15:00+00:00", "title": "M\u00e9t\u00e9o"}, {"desc": null, "start_date": "2026-09-01T16:17:00+00:00", "title": "Combat de coqs"}, {"desc": null, "start_date": "2026-09-01T16:31:00+00:00", "title": "TVR Info - Soir"}, {"desc": null, "start_date": "2026-09-01T16:51:00+00:00", "title": "C l'invit\u00e9.e"}, {"desc": null, "start_date": "2026-09-01T16:57:00+00:00", "title": "Le Mag"}, {"desc": null, "start_date": "2026-09-01T17:00:00+00:00", "title": "TVR Info - Soir"}, {"desc": null, "start_date": "2026-09-01T17:15:00+00:00", "title": "M\u00e9t\u00e9o"}, {"desc": null, "start_date": "2026-09-01T17:17:00+00:00", "title": "Combat de coqs"}, {"desc": null, "start_date": "2026-09-01T17:31:00+00:00", "title": "TVR Info - Soir"}, {"desc": null, "start_date": "2026-09-01T17:51:00+00:00", "title": "C l'invit\u00e9.e"}, {"desc": null, "start_date": "2026-09-01T17:57:00+00:00", "title": "Le Mag"}, {"desc": null, "start_date": "2026-09-01T18:00:00+00:00", "title": "TVR Info - Soir"}, {"desc": null, "start_date": "2026-09-01T18:15:00+00:00", "title": "M\u00e9t\u00e9o"}, {"desc": null, "start_date": "2026-09-01T18:17:00+00:00", "title": "Combat de coqs"}, {"desc": null, "start_date": "2026-09-01T18:31:00+00:00", "title": "TVR Info - Soir"}, {"desc": null, "start_date": "2026-09-01T18:51:00+00:00", "title": "C l'invit\u00e9.e"}, {"desc": null, "start_date": "2026-09-01T18:57:00+00:00", "title": "Le Mag"}, {"desc": null, "start_date": "2026-09-01T19:00:00+00:00", "title": "Business Club de l'Ouest"}, {"desc": null, "start_date": "2026-09-01T19:30:00+00:00", "title": "TVR Info - Soir"}, {"desc": null, "start_date": "2026-09-01T19:45:00+00:00", "title": "M\u00e9t\u00e9o"}, {"desc": null, "start_date": "2026-09-01T19:47:00+00:00", "title": "C l'invit\u00e9.e"}, {"desc": null, "start_date": "2026-09-01T19:53:00+00:00", "title": "Le Mag"}, {"desc": null, "start_date": "2026-09-01T19:56:00+00:00", "title": "TVR Info - Soir"}, {"desc": null, "start_date": "2026-09-01T20:11:00+00:00", "title": "M\u00e9t\u00e9o"}, {"desc": null, "start_date": "2026-09-01T20:18:00+00:00", "title": "Combat de coqs"}, {"desc": null, "start_date": "2026-09-01T20:31:00+00:00", "title": "TVR Info - Soir"}, {"desc": null, "start_date": "2026-09-01T20:46:00+00:00", "title": "M\u00e9t\u00e9o"}, {"desc": null, "start_date": "2026-09-01T20:51:00+00:00", "title": "C l'invit\u00e9.e"}, {"desc": null, "start_date": "2026-09-01T20:57:00+00:00", "title": "Le Mag"}, {"desc": null, "start_date": "2026-09-01T21:00:00+00:00", "title": "Business Club de l'Ouest"}, {"desc": null, "start_date": "2026-09-01T21:28:00+00:00", "title": "TVR Info - Soir"}, {"desc": null, "start_date": "2026-09-01T21:43:00+00:00", "title": "M\u00e9t\u00e9o"}, {"desc": null, "start_date": "2026-09-01T21:46:00+00:00", "title": "Combat de coqs"}, {"desc": null, "start_date": "2026-09-01T21:59:00+00:00", "title": "Drone"}, {"desc": null, "start_date": "2026-09-01T22:55:00+00:00", "title": "Le Mag"}, {"desc": null, "start_date": "2026-09-01T22:59:00+00:00", "title": "Drone"}, {"desc": null, "start_date": "2026-09-01T23:00:00+00:00", "title": "TVR Info - Soir"}, {"desc": null, "start_date": "2026-09-01T23:15:00+00:00", "title": "M\u00e9t\u00e9o"}, {"desc": null, "start_date": "2026-09-01T23:17:00+00:00", "title": "Combat de coqs"}, {"desc": null, "start_date": "2026-09-01T23:31:00+00:00", "title": "TVR Info - Soir"}, {"desc": null, "start_date": "2026-09-01T23:46:00+00:00", "title": "M\u00e9t\u00e9o"}, {"desc": null, "start_date": "2026-09-01T23:51:00+00:00", "title": "C l'invit\u00e9.e"}, {"desc": null, "start_date": "2026-09-01T23:57:00+00:00", "title": "Le Mag"}, {"desc": null, "start_date": "2026-09-02T00:00:00+00:00", "title": "TVR Info - Soir"}], "offset": "+00:00", "timezone": "UTC", "error_code": -1, "start_date": "2026-08-31", "icon": ""}