{"end_date": "2026-05-01", "name": "Zone interdite 24/24", "info_url": "https://epg.pw/channels/443218/20260430.html", "country": "France", "description": null, "error_message": "", "provider": "", "source_url": "https://epg.pw/api/epg.json?channel_id=443218&date=20260430&timezone=None", "epg_list": [{"desc": "Apr\u00e8s deux ans d\u2019absence, c\u2019est le retour du plus grand salon de France : la tr\u00e8s populaire Foire de Paris. 1 250 exposants investissent les 200 000 m\u00b2 du parc des expositions de la porte de Versailles.", "start_date": "2026-04-30T04:00:00+00:00", "title": "Zone interdite"}, {"desc": "Au port de Marseille, 2 500 passagers dont 700 Fran\u00e7ais ont embarqu\u00e9 pour le voyage le plus incroyable de leur vie : quatre mois \u00e0 bord du Poesia pour parcourir le monde, \u00e0 la d\u00e9couverte des cinq continents ! Du Panama \u00e0 San Francisco, en passant par Hawa\u00ef et la Papouasie Nouvelle-Guin\u00e9e, le Vietnam puis le Canal de Suez, ces touristes vont d\u00e9couvrir des paysages grandioses qu\u2019ils n\u2019oublieront jam", "start_date": "2026-04-30T05:35:00+00:00", "title": "Zone interdite"}, {"desc": "Au port de Marseille, 2 500 passagers dont 700 Fran\u00e7ais ont embarqu\u00e9 pour le voyage le plus incroyable de leur vie : quatre mois \u00e0 bord du Poesia pour parcourir le monde, \u00e0 la d\u00e9couverte des cinq continents !", "start_date": "2026-04-30T07:10:00+00:00", "title": "Zone interdite"}, {"desc": "Cet \u00e9t\u00e9, cinq millions de Fran\u00e7ais partent en vacances en voiture. Des vacanciers qui vont faire face tout l\u2019\u00e9t\u00e9 \u00e0 un trafic intense, en particulier sur les autoroutes du Sud o\u00f9 il faut slalomer entre accidents, travaux et poids lourds. Pour permettre aux familles de voyager en toute s\u00e9r\u00e9nit\u00e9, les professionnels de la route seront sur le pont tout l\u2019\u00e9t\u00e9. Gendarmes, patrouilleurs, d\u00e9panneurs mais a", "start_date": "2026-04-30T08:45:00+00:00", "title": "Zone interdite"}, {"desc": "\u00c0 v\u00e9lo, en roulotte ou en p\u00e9niche, les vacances itin\u00e9rantes ont la cote ! De plus en plus de familles choisissent ces s\u00e9jours, promesse de libert\u00e9 et de d\u00e9couvertes, \u00e0 petit budget.", "start_date": "2026-04-30T10:20:00+00:00", "title": "Zone interdite"}, {"desc": "Zone Interdite est depuis trente ans le magazine qui documente et d\u00e9crypte les bouleversements de la soci\u00e9t\u00e9 fran\u00e7aise. R\u00e9alis\u00e9es sur la dur\u00e9e, les enqu\u00eates diffus\u00e9es dans l\u2019\u00e9mission r\u00e9v\u00e8lent les tabous, les passions et les combats des Fran\u00e7ais au c\u0153ur de l\u2019actualit\u00e9.", "start_date": "2026-04-30T11:50:00+00:00", "title": "Zone interdite"}, {"desc": "De la Baie de Somme aux immenses plages de Dunkerque, en passant par les pav\u00e9s lillois : le Nord s\u00e9duit chaque ann\u00e9e de plus en plus de touristes, m\u00eame en plein \u00e9t\u00e9. Dix millions de visiteurs y ont s\u00e9journ\u00e9 en 2022, un record que les Ch\u2019tis comptent bien battre cet \u00e9t\u00e9. Cette r\u00e9gion rec\u00e8le de nombreux tr\u00e9sors : des traditions bien ancr\u00e9es, une gastronomie populaire et festive, et la sympathie l\u00e9ge", "start_date": "2026-04-30T13:30:00+00:00", "title": "Zone interdite"}, {"desc": "Il a beau \u00eatre cach\u00e9 au c\u0153ur de l\u2019Auvergne, le PAL attire chaque \u00e9t\u00e9 plus de 700 000 visiteurs ! C\u2019est l\u2019un des parcs de loisirs pr\u00e9f\u00e9r\u00e9s des Fran\u00e7ais. Et voici la recette qui a fait son succ\u00e8s : associer zoo et parc d\u2019attractions.", "start_date": "2026-04-30T15:05:00+00:00", "title": "Zone interdite"}, {"desc": "\u00c9lectrom\u00e9nager, alimentation, voiture, v\u00eatements\u2026 de plus en plus de Fran\u00e7ais changent leur mani\u00e8re de consommer. Que ce soit par n\u00e9cessit\u00e9 \u00e9conomique ou par conviction environnementale, ils n'ont jamais autant achet\u00e9 d'occasion, r\u00e9par\u00e9, recycl\u00e9. Cette r\u00e9volution, qui ne fait pas de bruit, touche tous les milieux, toutes les tranches d'\u00e2ge, les urbains comme les ruraux.\\r\\n\\r\\nPendant un an, Oph\u00e9l", "start_date": "2026-04-30T16:35:00+00:00", "title": "Zone interdite"}, {"desc": "C\u2019est la p\u00e9riode la plus cruciale de l\u2019ann\u00e9e. Sur tout le littoral, les supermarch\u00e9s font face, pendant deux mois, \u00e0 la fr\u00e9n\u00e9sie des vacanciers. \u00c0 quelques minutes de Cannes (Alpes-Maritimes), Mandelieu-la-Napoule n\u2019\u00e9chappe pas \u00e0 la r\u00e8gle.", "start_date": "2026-04-30T18:10:00+00:00", "title": "Zone interdite"}, {"desc": "Chaque ann\u00e9e durant l\u2019\u00e9t\u00e9, de nombreux touristes sont victimes d\u2019arnaques. Le vacancier est la cible id\u00e9ale de professionnels aux m\u00e9thodes douteuses mais aussi des pires escrocs.", "start_date": "2026-04-30T19:45:00+00:00", "title": "Zone interdite"}, {"desc": "Apr\u00e8s la crise sanitaire, c'est une rentr\u00e9e sociale difficile qui s'annonce. Faillites et plans de licenciement massifs li\u00e9s \u00e0 l'\u00e9pid\u00e9mie commencent \u00e0 s'encha\u00eener. Comment les Fran\u00e7ais qui avaient d\u00e9j\u00e0 du mal \u00e0 boucler leurs fins de mois malgr\u00e9 un travail \u00e0 plein temps, vont-ils s'en sortir ? \\nSalari\u00e9s, commer\u00e7ants, petits patrons, Oph\u00e9lie Meunier et les \u00e9quipes de Zone Interdite suivent depuis l", "start_date": "2026-04-30T21:20:00+00:00", "title": "Zone interdite"}, {"desc": "Zone Interdite est depuis trente ans le magazine qui documente et d\u00e9crypte les bouleversements de la soci\u00e9t\u00e9 fran\u00e7aise. R\u00e9alis\u00e9es sur la dur\u00e9e, les enqu\u00eates diffus\u00e9es dans l\u2019\u00e9mission r\u00e9v\u00e8lent les tabous, les passions et les combats des Fran\u00e7ais au c\u0153ur de l\u2019actualit\u00e9.", "start_date": "2026-04-30T22:55:00+00:00", "title": "Zone interdite"}, {"desc": "Zone Interdite est depuis trente ans le magazine qui documente et d\u00e9crypte les bouleversements de la soci\u00e9t\u00e9 fran\u00e7aise. R\u00e9alis\u00e9es sur la dur\u00e9e, les enqu\u00eates diffus\u00e9es dans l\u2019\u00e9mission r\u00e9v\u00e8lent les tabous, les passions et les combats des Fran\u00e7ais au c\u0153ur de l\u2019actualit\u00e9.", "start_date": "2026-05-01T04:00:00+00:00", "title": "Zone interdite"}, {"desc": "Chaque ann\u00e9e, plus d\u2019un million de tonnes de mat\u00e9riaux de construction neufs ou en parfait \u00e9tat sont jet\u00e9s \u00e0 la benne par le secteur du BTP !", "start_date": "2026-05-01T05:35:00+00:00", "title": "Zone interdite"}, {"desc": "Alors que les carnets de commandes sont pleins, l\u2019artisanat n\u2019a jamais eu autant de difficult\u00e9s \u00e0 recruter ! Horaires \u00e0 rallonge, d\u00e9saffection pour le travail manuel, ces m\u00e9tiers n\u2019int\u00e9ressent plus les jeunes.", "start_date": "2026-05-01T07:15:00+00:00", "title": "Zone interdite"}, {"desc": "Notre syst\u00e8me hospitalier a longtemps eu une r\u00e9putation d\u2019excellence. Sur tout le territoire, il offre \u00e0 68 millions de Fran\u00e7ais des soins gratuits et de qualit\u00e9. Mais aujourd\u2019hui, l\u2019h\u00f4pital est \u00e0 bout de souffle.", "start_date": "2026-05-01T08:50:00+00:00", "title": "Zone interdite"}, {"desc": "Devenir propri\u00e9taire, tous les Fran\u00e7ais en r\u00eavent. Mais pas \u00e0 n\u2019importe quel prix ! De plus en plus de Fran\u00e7ais se retroussent les manches pour construire ou r\u00e9nover leur maison en famille, afin de limiter les frais, au moment o\u00f9 les prix des maisons neuves s\u2019envolent. Mat\u00e9riaux r\u00e9cup\u00e9r\u00e9s, achat insolite ou entraide familiale, nous avons suivi quatre familles qui ont trouv\u00e9 des solutions originale", "start_date": "2026-05-01T10:25:00+00:00", "title": "Zone interdite"}, {"desc": "C\u2019est l\u2019embl\u00e8me culinaire de la France, un morceau de notre patrimoine qui croustille sous la dent. Les Fran\u00e7ais ne peuvent pas s\u2019en passer : 95 % en consomment quotidiennement !", "start_date": "2026-05-01T12:00:00+00:00", "title": "Zone interdite"}, {"desc": "Zone Interdite est depuis trente ans le magazine qui documente et d\u00e9crypte les bouleversements de la soci\u00e9t\u00e9 fran\u00e7aise. R\u00e9alis\u00e9es sur la dur\u00e9e, les enqu\u00eates diffus\u00e9es dans l\u2019\u00e9mission r\u00e9v\u00e8lent les tabous, les passions et les combats des Fran\u00e7ais au c\u0153ur de l\u2019actualit\u00e9.", "start_date": "2026-05-01T13:40:00+00:00", "title": "Zone interdite"}, {"desc": "Zone Interdite est depuis trente ans le magazine qui documente et d\u00e9crypte les bouleversements de la soci\u00e9t\u00e9 fran\u00e7aise. R\u00e9alis\u00e9es sur la dur\u00e9e, les enqu\u00eates diffus\u00e9es dans l\u2019\u00e9mission r\u00e9v\u00e8lent les tabous, les passions et les combats des Fran\u00e7ais au c\u0153ur de l\u2019actualit\u00e9.", "start_date": "2026-05-01T15:15:00+00:00", "title": "Zone interdite"}, {"desc": "Zone Interdite est depuis trente ans le magazine qui documente et d\u00e9crypte les bouleversements de la soci\u00e9t\u00e9 fran\u00e7aise. R\u00e9alis\u00e9es sur la dur\u00e9e, les enqu\u00eates diffus\u00e9es dans l\u2019\u00e9mission r\u00e9v\u00e8lent les tabous, les passions et les combats des Fran\u00e7ais au c\u0153ur de l\u2019actualit\u00e9.", "start_date": "2026-05-01T16:55:00+00:00", "title": "Zone interdite"}, {"desc": "Zone Interdite est depuis trente ans le magazine qui documente et d\u00e9crypte les bouleversements de la soci\u00e9t\u00e9 fran\u00e7aise. R\u00e9alis\u00e9es sur la dur\u00e9e, les enqu\u00eates diffus\u00e9es dans l\u2019\u00e9mission r\u00e9v\u00e8lent les tabous, les passions et les combats des Fran\u00e7ais au c\u0153ur de l\u2019actualit\u00e9.", "start_date": "2026-05-01T18:25:00+00:00", "title": "Zone interdite"}, {"desc": "Zone Interdite est depuis trente ans le magazine qui documente et d\u00e9crypte les bouleversements de la soci\u00e9t\u00e9 fran\u00e7aise. R\u00e9alis\u00e9es sur la dur\u00e9e, les enqu\u00eates diffus\u00e9es dans l\u2019\u00e9mission r\u00e9v\u00e8lent les tabous, les passions et les combats des Fran\u00e7ais au c\u0153ur de l\u2019actualit\u00e9.", "start_date": "2026-05-01T20:00:00+00:00", "title": "Zone interdite"}], "offset": "+00:00", "timezone": "UTC", "error_code": -1, "start_date": "2026-04-30", "icon": ""}