{"end_date": "2026-04-23", "name": "France 3 - Limousin", "info_url": "https://epg.pw/channels/443231/20260422.html", "country": "France", "description": null, "error_message": "", "provider": "", "source_url": "https://epg.pw/api/epg.json?channel_id=443231&date=20260422&timezone=None", "epg_list": [{"desc": null, "start_date": "2026-04-22T18:10:00+00:00", "title": "Stade 2 Ligue 1"}, {"desc": null, "start_date": "2026-04-22T18:15:00+00:00", "title": "M\u00e9t\u00e9o - Nouvelle Aquitaine"}, {"desc": "Alors que Gary y va au culot pour obtenir ce qu'il veut, Jos\u00e9 doute de Dimitri : et s'il avait \u00e9t\u00e9 un peu trop bavard sur leur affaire ?", "start_date": "2026-04-22T18:25:00+00:00", "title": "Un si grand soleil"}, {"desc": "Bertier encourage Nathalie \u00e0 aller au-devant d'une belle rencontre. De son c\u00f4t\u00e9, In\u00e8s d\u00e9couvre ce que Gary manigance dans son dos.", "start_date": "2026-04-22T18:45:00+00:00", "title": "Un si grand soleil"}, {"desc": "Le Puy-de-D\u00f4me et le Cantal ont \u00e9t\u00e9 fa\u00e7onn\u00e9s par 80 volcans. La pierre volcanique a servi \u00e0 la construction de nombreux monuments. R\u00e9my Fromont, architecte en chef des monuments historiques, restaure la cath\u00e9drale de Clermont-Ferrand. Autre tr\u00e9sor de la r\u00e9gion, les burons, maisons en pierre du Cantal. Une tailleuse de pierre part \u00e0 la recherche des pierres pr\u00e9cieuses n\u00e9es de l'activit\u00e9 volcanique.", "start_date": "2026-04-22T19:10:00+00:00", "title": "Des racines et des ailes"}, {"desc": "Voyage au fil de l'eau \u00e0 la d\u00e9couverte des villes qui doivent leur r\u00e9putation au thermalisme : partout o\u00f9 les sources ont jailli, les hommes ont d\u00e9ploy\u00e9 un patrimoine exceptionnel.", "start_date": "2026-04-22T21:05:00+00:00", "title": "Villes thermales, le tr\u00e9sor de l'eau"}, {"desc": null, "start_date": "2026-04-22T22:00:00+00:00", "title": "Journal M\u00e9t\u00e9o Climat"}, {"desc": null, "start_date": "2026-04-22T22:05:00+00:00", "title": "Festval de Confolens - Panorama de cl\u00f4ture"}, {"desc": null, "start_date": "2026-04-22T23:40:00+00:00", "title": "NoApop"}, {"desc": "Le vendredi 14 mai 1610, les roues du carrosse du roi Henri IV mart\u00e8lent les pav\u00e9s parisiens. Arm\u00e9 d'un couteau, un inconnu se pr\u00e9cipite vers le carrosse royal, se jette sur le roi et le frappe \u00e0 trois reprises. L'assassin s'appelle Fran\u00e7ois Ravaillac. Mais pourquoi cet homme ordinaire s'en prend-il \u00e0 Henri IV au point de vouloir sa mort ? Est-il un fanatique isol\u00e9, ou l'instrument d'un complot ?", "start_date": "2026-04-22T23:50:00+00:00", "title": "Secrets d'histoire"}, {"desc": "Fran\u00e7ois Busnel propose chaque jour de d\u00e9couvrir ou red\u00e9couvrir une \u0153uvre fran\u00e7aise ou \u00e9trang\u00e8re : roman, essai, grand classique ou encore bande dessin\u00e9e.", "start_date": "2026-04-23T01:45:00+00:00", "title": "La p'tite librairie"}, {"desc": null, "start_date": "2026-04-23T01:50:00+00:00", "title": "Cosy, le mag d\u00e9co"}, {"desc": "Chaque semaine, une r\u00e9daction r\u00e9gionale propose au c\u0153ur d'un territoire une enqu\u00eate, un portrait, une r\u00e9v\u00e9lation sur la soci\u00e9t\u00e9, l'\u00e9conomie, l'environnement ou la sant\u00e9.", "start_date": "2026-04-23T02:20:00+00:00", "title": "Enqu\u00eates de r\u00e9gion le mag"}, {"desc": null, "start_date": "2026-04-23T02:35:00+00:00", "title": "Les matinales"}, {"desc": null, "start_date": "2026-04-23T02:45:00+00:00", "title": "Duels en familles"}, {"desc": null, "start_date": "2026-04-23T03:20:00+00:00", "title": "Slam"}, {"desc": "Quentin et Clara font face \u00e0 Miss Corv\u00e9es qui a d\u00e9cid\u00e9 que Clara devait tout faire \u00e0 la maison. Si Clara veut bien aider, elle a aussi besoin d'avoir du temps pour \u00e9tudier.", "start_date": "2026-04-23T04:05:00+00:00", "title": "Tu dis, tu stoppes !"}, {"desc": "Yasmine et Quentin sont confront\u00e9s \u00e0 un voyeur qui \u00e9pie Yasmine alors qu'elle est sous la douche \u00e0 la piscine. Ils font appel \u00e0 la ma\u00eetre-nageuse pour le chasser.", "start_date": "2026-04-23T04:06:00+00:00", "title": "Tu dis, tu stoppes !"}, {"desc": "A cause d'une bourde des filles, Kevin d\u00e9couvre l'existence des chim\u00e8res. C'est la catastrophe ! Heureusement, Papi Walter en conna\u00eet une qui a le pouvoir de faire perdre la m\u00e9moire sur les derni\u00e8res 24h. Le probl\u00e8me, c'est qu'il ne se souvient plus laquelle \u2026.", "start_date": "2026-04-23T04:09:00+00:00", "title": "Les gardes chim\u00e8res"}, {"desc": "La serre est envahie de moucherons, ce qui d\u00e9range P\u00e9pin. Pour les \u00e9liminer rapidement, Thelma a une id\u00e9e : utiliser les talents de gobeuse de mouches de Gren. Pour les attraper plus facilement, la chim\u00e8re a un pouvoir qui les ralentit \u00e0 l'extr\u00eame. Mais dans la pr\u00e9cipitation, Wendy se retrouve \u00e0 son tour affect\u00e9e.", "start_date": "2026-04-23T04:10:00+00:00", "title": "Les gardes chim\u00e8res"}, {"desc": null, "start_date": "2026-04-23T04:31:00+00:00", "title": "ICI Matin - Limousin"}, {"desc": "Olivier Payrat, musicien sp\u00e9cialiste des troubadours, \u00e9voque la vie de Bernat de Ventadour, grand po\u00e8te de l'amour en langue d'oc, et interpr\u00e8te deux de ses compositions.", "start_date": "2026-04-23T07:00:00+00:00", "title": "Trobadors"}, {"desc": null, "start_date": "2026-04-23T07:12:00+00:00", "title": "Vous \u00eates formidables - Nouvelle-Aquitaine"}, {"desc": "Une session de Yoga Scullpt pour activer le centre gr\u00e2ce aux torsions entre autres et renforcer ses jambes gr\u00e2ce aux postures d'ancrage . Mat\u00e9riel /halt\u00e8res maximum 1 kg et briques de Yoga Accessible \u00e0 tous.", "start_date": "2026-04-23T07:40:00+00:00", "title": "Alors on bouge en r\u00e9gion"}, {"desc": null, "start_date": "2026-04-23T08:06:00+00:00", "title": "Mediterraneo"}, {"desc": "L'\u00eele de Vivara, une \u00e9tendue de terre myst\u00e9rieuse et fascinante reli\u00e9e \u00e0 Procida par un vieux pont, est une oasis naturelle prot\u00e9g\u00e9e depuis 1974 et une r\u00e9serve naturelle de l'\u00c9tat depuis 2002. Petite, sauvage et pr\u00e9serv\u00e9e, Vivara est non seulement peupl\u00e9e de plantes rares, de lapins de garenne et de nombreux oiseaux aquatiques, mais elle abrite \u00e9galement d'importantes d\u00e9couvertes arch\u00e9ologiques.", "start_date": "2026-04-23T08:15:00+00:00", "title": "Mediterraneo"}, {"desc": "En Corse, o\u00f9 se perp\u00e9tue encore une pi\u00e9t\u00e9 catholique tr\u00e8s ancr\u00e9e, les rituels li\u00e9s \u00e0 la mort sont rest\u00e9s encore largement, jusqu'au 20\u00e8me si\u00e8cle, empreints de croyances pr\u00e9chr\u00e9tiennes. Alors que mi-f\u00e9vrier, les Romains rendaient hommage \u00e0 leurs morts avec la f\u00eate des parentalia, nous allons voir que les Corses \u00e9taient jusqu'\u00e0 peu dans les pas de leurs anc\u00eatres pa\u00efens.", "start_date": "2026-04-23T08:22:00+00:00", "title": "Mediterraneo"}, {"desc": "Pourquoi la laine de mouton peine-t-elle \u00e0 trouver sa place sur le march\u00e9 en France ? Dans ce num\u00e9ro de NOA sur Terre, il est question de la difficile construction d'une fili\u00e8re de valorisation. Alors que des tonnes de laine sont aujourd'hui d\u00e9valoris\u00e9es ou jet\u00e9es faute de d\u00e9bouch\u00e9s rentables, \u00e9leveurs, artisans et industriels cherchent des solutions pour redonner \u00e0 ce mat\u00e9riau ses lettres de nobl", "start_date": "2026-04-23T08:31:00+00:00", "title": "NoA sur terre"}, {"desc": null, "start_date": "2026-04-23T08:50:00+00:00", "title": "Homard et cordon bleu"}, {"desc": null, "start_date": "2026-04-23T09:20:00+00:00", "title": "Flavie en France"}, {"desc": null, "start_date": "2026-04-23T10:00:00+00:00", "title": "M\u00e9t\u00e9o"}, {"desc": "Pr\u00e9par\u00e9 et propos\u00e9 par la R\u00e9daction du P\u00f4le Outre-mer Une production France T\u00e9l\u00e9visions Pr\u00e9sent\u00e9 en alternance par Kessi Weishaupt et Laurence Theatin Le journal d'information qui vous emm\u00e8ne au c\u0153ur des Outre-mer et de leur actualit\u00e9.", "start_date": "2026-04-23T10:05:00+00:00", "title": "Outremer.l'info"}, {"desc": "\"Histoire d'Ici\" vous raconte la petite histoire dans l'histoire, le patrimoine de la Nouvelle- Aquitaine, sous forme ludique. Ch\u00e2teau, village, site naturel, monument, \u00c9ric Perrin vous fait partager sa passion pour la Nouvelle-Aquitaine avec malice. Deux minutes, \u00e7a peut para\u00eetre court pour partir en balade, mais pas du tout ! Laissez-vous guid...", "start_date": "2026-04-23T10:15:00+00:00", "title": "Histoire d'ICI"}, {"desc": null, "start_date": "2026-04-23T10:22:00+00:00", "title": "M\u00e9t\u00e9o - Nouvelle Aquitaine"}, {"desc": "Regarder la vid\u00e9o \u00c9mission du lundi 2 d\u00e9cembre 2024 sur france.tv.", "start_date": "2026-04-23T10:25:00+00:00", "title": "ICI 12/13 - Limousin"}, {"desc": null, "start_date": "2026-04-23T10:55:00+00:00", "title": "M\u00e9t\u00e9o \u00e0 la carte"}, {"desc": "Un homme d'affaires est retrouv\u00e9 mort dans sa maison par les huissiers venus prendre possession de la propri\u00e9t\u00e9. Il a \u00e9t\u00e9 abattu de deux balles.", "start_date": "2026-04-23T12:05:00+00:00", "title": "Les enqu\u00eates de Vera"}, {"desc": "Un jeune homme est retrouv\u00e9 mort pr\u00e8s d'un \u00e9levage de saumons. Vera d\u00e9couvre que le malheureux \u00e9tait \u00e0 la recherche de son p\u00e8re biologique, propri\u00e9taire des lieux.", "start_date": "2026-04-23T13:45:00+00:00", "title": "Les enqu\u00eates de Vera"}, {"desc": "Une \u00e9mission propos\u00e9e et \u00e9crite par Fran\u00e7ois Busnel Produite par Rosebud Productions avec la participation de France T\u00e9l\u00e9visions Fran\u00e7ois Busnel propose chaque jour de vous faire d\u00e9couvrir ou red\u00e9couvrir une \u0153uvre fran\u00e7aise ou \u00e9trang\u00e8re : roman, essai, grand classique ou encore bande dessin\u00e9e.", "start_date": "2026-04-23T15:20:00+00:00", "title": "La p'tite librairie"}, {"desc": null, "start_date": "2026-04-23T15:25:00+00:00", "title": "Duels en familles"}, {"desc": null, "start_date": "2026-04-23T16:00:00+00:00", "title": "Slam"}, {"desc": null, "start_date": "2026-04-23T16:50:00+00:00", "title": "Journal M\u00e9t\u00e9o Climat"}, {"desc": "Aujourd'hui on va parler de batellerie, de monstres marins et de riviera.", "start_date": "2026-04-23T17:00:00+00:00", "title": "Histoire d'ICI"}, {"desc": null, "start_date": "2026-04-23T17:04:00+00:00", "title": "Qualit\u00e9 de l'air - Nouvelle Aquitaine"}, {"desc": null, "start_date": "2026-04-23T17:06:00+00:00", "title": "M\u00e9t\u00e9o - Nouvelle Aquitaine"}, {"desc": null, "start_date": "2026-04-23T17:07:00+00:00", "title": "ICI 19/20 - Pays de Corr\u00e8ze"}, {"desc": null, "start_date": "2026-04-23T17:14:00+00:00", "title": "ICI 19/20 - Limousin"}, {"desc": null, "start_date": "2026-04-23T17:50:00+00:00", "title": "On vous emm\u00e8ne ici"}, {"desc": "Le magazine qui va au-del\u00e0 du seul r\u00e9sultat sportif : histoires humaines, enjeux soci\u00e9taux, innovations, culture sport, inclusion, environnement\u2026 Un regard moderne et ouvert sur le sport d'aujourd'hui.", "start_date": "2026-04-23T18:00:00+00:00", "title": "Stade 2 la quotidienne"}, {"desc": null, "start_date": "2026-04-23T18:10:00+00:00", "title": "Stade 2 Ligue 1"}, {"desc": null, "start_date": "2026-04-23T18:20:00+00:00", "title": "M\u00e9t\u00e9o - Nouvelle Aquitaine"}, {"desc": "Bertier encourage Nathalie \u00e0 aller au-devant d'une belle rencontre. De son c\u00f4t\u00e9, In\u00e8s d\u00e9couvre ce que Gary manigance dans son dos.", "start_date": "2026-04-23T18:25:00+00:00", "title": "Un si grand soleil"}, {"desc": "Tandis que Charles s'ouvre \u00e0 Flore sur les raisons de son mal-\u00eatre, les pr\u00e9dictions de Jeanne semblent malheureusement se r\u00e9aliser.", "start_date": "2026-04-23T18:45:00+00:00", "title": "Un si grand soleil"}, {"desc": "De jeunes \u00e9l\u00e8ves de l'Ecole des espions voient leur cursus boulevers\u00e9 quand l'\u00e9tablissement fait l'objet de l'intrusion violente d'un service \u00e9tranger.", "start_date": "2026-04-23T19:10:00+00:00", "title": "L'\u00e9cole des espions"}, {"desc": null, "start_date": "2026-04-23T20:50:00+00:00", "title": "Journal M\u00e9t\u00e9o Climat"}, {"desc": "La campagne, dans une \u00e9poque d'incertitude \u00e9conomique, suscite un nouvel int\u00e9r\u00eat. Ce retour soul\u00e8ve autant d'espoirs que de d\u00e9fis, sociaux et \u00e9cologiques.", "start_date": "2026-04-23T20:55:00+00:00", "title": "Habiter le paysage"}, {"desc": "Bruno David, pal\u00e9ontologue et ancien pr\u00e9sident du Mus\u00e9um national d'Histoire naturelle, s'interroge sur l'avenir de la plan\u00e8te \u00e0 l'heure o\u00f9 il s'appr\u00eate \u00e0 devenir grand-p\u00e8re.", "start_date": "2026-04-23T21:47:00+00:00", "title": "Le monde (presque) apr\u00e8s"}, {"desc": "Depuis deux d\u00e9cennies, cette \u00e9mission c\u00e9l\u00e8bre la richesse et la diversit\u00e9 du patrimoine musical francophone. Artistes incontournables et jeunes talents se retrouvent sur sc\u00e8ne pour partager l'amour des mots et des m\u00e9lodies qui ont fait et font encore vibrer la France. Pour ses 20 ans, \"La F\u00eate de la chanson fran\u00e7aise\" promet une \u00e9dition pleine d'\u00e9motion et de surprises, avec de nombreuses reprises", "start_date": "2026-04-23T22:40:00+00:00", "title": "La f\u00eate de la chanson fran\u00e7aise - 20 ans d'\u00e9motions"}], "offset": "+00:00", "timezone": "UTC", "error_code": -1, "start_date": "2026-04-22", "icon": ""}