{"end_date": "2026-08-29", "name": "Top Sant\u00e9 TV", "info_url": "https://epg.pw/channels/448575/20260828.html", "country": "France", "description": null, "error_message": "", "provider": "", "source_url": "https://epg.pw/api/epg.json?channel_id=448575&date=20260828&timezone=None", "epg_list": [{"desc": "Sabrina Perquis nous raconte son combat face \u00e0 la mucoviscidose, dont elle est victime depuis l'enfance. Retour sur ce t\u00e9moignage poignant dans cet \u00e9pisode de Star Sant\u00e9.", "start_date": "2026-08-29T18:08:00+00:00", "title": "Star Sant\u00e9"}, {"desc": "Dans cette s\u00e9rie documentaire pr\u00e9sent\u00e9e par G\u00e9rald Kierzek, nos \u00e9quipes enqu\u00eatent pour mieux comprendre le cancer et les risques qui y sont associ\u00e9s. Cette semaine, on explore comment la maladie se forme, comment elle progresse, comment elle affecte le corps\u2026 et surtout, comment les \u00e9quipes m\u00e9dicales unissent leurs forces pour la traiter. Car face au cancer, rien ne se fait seul : c'est la relatio", "start_date": "2026-08-29T18:21:00+00:00", "title": "Sant\u00e9 en confiance : Le cancer"}, {"desc": null, "start_date": "2026-08-29T18:32:00+00:00", "title": "Talk Doctissimo"}, {"desc": null, "start_date": "2026-08-29T19:05:00+00:00", "title": "Tais-toi et fume !"}, {"desc": "Dans cette \u00e9mission, le docteur G\u00e9rald Kierzek donne la parole \u00e0 ceux qui r\u00e9ussit leur sevrage tabagique gr\u00e2ce \u00e0 la vape. Cette semaine, il re\u00e7oit Alice Moreau, \u00e9tudiante en communication.", "start_date": "2026-08-29T19:38:00+00:00", "title": "Docteur, j'ai arr\u00eat\u00e9 !"}, {"desc": "Vous aimez prendre soin de votre sant\u00e9 et vous faites attention \u00e0 votre alimentation ? Cette \u00e9mission vous donne les cl\u00e9s pour vous sentir mieux dans votre corps et votre esprit.", "start_date": "2026-08-29T19:52:00+00:00", "title": "Bien dans mon corps"}, {"desc": "Maxime Brami pr\u00e9sentera l'\u00e9mission Sport-sant\u00e9-Technologie avec de nombreux invit\u00e9s : le mal du si\u00e8cle et la nouvelle innovation massante.", "start_date": "2026-08-29T20:01:00+00:00", "title": "Sport sant\u00e9"}, {"desc": "Jean-Claude Durousseaud pr\u00e9sente l'\u00e9mission pour comprendre en 2min un sujet de Sant\u00e9.", "start_date": "2026-08-29T20:28:00+00:00", "title": "2 min pour comprendre"}, {"desc": "Comment r\u00e9aliser un kin\u00e9sio tape pour une inflammation du tendon d'Achille \u00e0 l'arri\u00e8re du pied ?", "start_date": "2026-08-29T20:31:00+00:00", "title": "Dr Sport"}, {"desc": "Un focus est fait sur quatre psychiatres qui ont combattu le r\u00e9gime de Vichy, le nazisme et la surmortalit\u00e9 des malades mentaux dans les asiles fran\u00e7ais.", "start_date": "2026-08-29T20:36:00+00:00", "title": "Saint Alban, une r\u00e9volution psychiatrique"}, {"desc": "D\u00e9couvrez les programmes d'hypnose de Kevin Finel.", "start_date": "2026-08-29T21:37:00+00:00", "title": "Hypnose Cabinet Public"}], "offset": "+00:00", "timezone": "UTC", "error_code": -1, "start_date": "2026-08-29", "icon": ""}