{"end_date": "2026-09-04", "name": "Top Sant\u00e9 TV", "info_url": "https://epg.pw/channels/448575/20260903.html", "country": "France", "description": null, "error_message": "", "provider": "", "source_url": "https://epg.pw/api/epg.json?channel_id=448575&date=20260903&timezone=None", "epg_list": [{"desc": "Votre programme fitness Top Sant\u00e9 TV : Power Yoga pour les abdominaux et fessiers.", "start_date": "2026-09-03T00:59:00+00:00", "title": "Fitness"}, {"desc": "26 minutes de fun, de sports et de d\u00e9couvertes en compagnie de vos personnalit\u00e9s favorites. Malika M\u00e9nard, ancienne miss France 2010 ouvre le bal. Cette \u00e9mission est d\u00e9di\u00e9e au hit cardio.", "start_date": "2026-09-03T01:59:00+00:00", "title": "Fitness stars"}, {"desc": "Et si on remusclait ses fessiers depuis son canap\u00e9 en regardant sa s\u00e9rie pr\u00e9f\u00e9r\u00e9e ? Retrouvez notre s\u00e9rie \"Gym \u00e0 la maison\" o\u00f9 notre coach sportive Lorele\u00ef vous a concoct\u00e9 4 petits exercices pour muscler ses fessiers sans se prendre la t\u00eate.", "start_date": "2026-09-03T02:25:00+00:00", "title": "Ma gym \u00e0 la maison"}, {"desc": "L'\u00e9mission consacr\u00e9e au bien-\u00eatre de vos oreilles, pr\u00e9sent\u00e9e par Aida Touihri et son \u00e9quipe d'experts en plateau.", "start_date": "2026-09-03T03:00:00+00:00", "title": "Mieux entendre pour mieux vivre"}, {"desc": "D\u00e9couvrons le parcours d'Isabelle et sa d\u00e9finition d'un substitut de repas. Nous mettrons en lumi\u00e8re la m\u00e9thode Catlion, un programme dans l'air du temps, qui allie substitut de repas et coaching.", "start_date": "2026-09-03T03:13:00+00:00", "title": "Objectif minceur"}, {"desc": "Dans cette \u00e9mission, Danielle Moreau perce les secrets pour bien vieillir. Cette semaine, elle part \u00e0 la rencontre de Nelson Monfort qui va nous raconter son secret.", "start_date": "2026-09-03T03:28:00+00:00", "title": "Vieillir heureux"}, {"desc": "Dans cet \u00e9pisode, le football est \u00e0 l'honneur. Cette s\u00e9ance est intensive avec un \u00e9chauffement tr\u00e8s cardio qui vous mettra \u00e0 la place d'un footballeur au quotidien. Aucun accessoire n'est n\u00e9cessaire mais il faut se pr\u00e9parer \u00e0 transpirer avec des exercices en mouvement constant.", "start_date": "2026-09-03T03:55:00+00:00", "title": "Fais ton sport \u00e0 la maison !"}, {"desc": "Chaque semaine, Marina et son \u00e9quipe accompagnent les jeunes parents dans leur quotidien avec b\u00e9b\u00e9, en partageant conseils, astuces et t\u00e9moignages. Au programme aujourd'hui : l'alimentation bio.", "start_date": "2026-09-03T04:42:00+00:00", "title": "Super parents"}, {"desc": null, "start_date": "2026-09-03T04:52:00+00:00", "title": "Sant\u00e9 en confiance : Le cancer"}, {"desc": null, "start_date": "2026-09-03T05:02:00+00:00", "title": "Talk Doctissimo"}, {"desc": "Cette enqu\u00eate met en lumi\u00e8re l'histoire et l'influence du sachet de nicotine, une alternative sans combustion \u00e0 la cigarette classique, tr\u00e8s populaire en Su\u00e8de.", "start_date": "2026-09-03T05:41:00+00:00", "title": "Tais-toi et fume !"}, {"desc": "Jean-Claude Durousseaud pr\u00e9sente l'\u00e9mission de Sant\u00e9 Capital Sant\u00e9 : Comprendre le dysfonctionnement \u00e9rectile.", "start_date": "2026-09-03T06:18:00+00:00", "title": "Capital Sant\u00e9"}, {"desc": "Quels sont les impacts du changement d'heure sur notre sant\u00e9 ? D'o\u00f9 vient-il ? Virginie Hilssone d\u00e9crypte les \u00e9v\u00e9nements m\u00e9t\u00e9orologiques et leurs effets sur notre organisme.", "start_date": "2026-09-03T06:44:00+00:00", "title": "M\u00e9t\u00e9o sant\u00e9"}, {"desc": "Jean-Claude Durousseaud pr\u00e9sente l'\u00e9mission pour comprendre en 2min un sujet de Sant\u00e9.", "start_date": "2026-09-03T06:48:00+00:00", "title": "2 min pour comprendre"}, {"desc": "Claudia vous donne des astuces et conseils pour rester motiv\u00e9 tout l'\u00e9t\u00e9, suivez toutes les \u00e9tapes pour obtenir une motivation sans faille.", "start_date": "2026-09-03T06:50:00+00:00", "title": "Claudia coach"}, {"desc": "Dans ce nouvel \u00e9pisode de la saison 4, retrouvez Sabrina SImard et Guillaume Pernic pour un entra\u00eenement de cardio intense compos\u00e9s d'exercices travaillant la totalit\u00e9 du corps.", "start_date": "2026-09-03T07:10:00+00:00", "title": "Fais ton sport \u00e0 la maison !"}, {"desc": "Jean-Claude Durousseaud pr\u00e9sente l'\u00e9mission pour comprendre en 2min un sujet de Sant\u00e9.", "start_date": "2026-09-03T08:36:00+00:00", "title": "2 min pour comprendre"}, {"desc": "Intox Detox, le service de d\u00e9codage de vos questions sant\u00e9 : la pleine lune entraine-t-elle une diminution de 30 % du sommeil profond ?", "start_date": "2026-09-03T08:38:00+00:00", "title": "Intox Detox"}, {"desc": "Fr\u00e9d\u00e9rique Courtadon et Serge Hefez r\u00e9pondent \u00e0 vos questions de Sant\u00e9 : l'hypnose a quoi ca sert.", "start_date": "2026-09-03T08:42:00+00:00", "title": "Bien dans ma t\u00eate"}, {"desc": "Quelles sont les id\u00e9es re\u00e7ues, addiction, probl\u00e8me ou solution sur la nicotine ? Pour r\u00e9pondre \u00e0 ces questions David Hanin re\u00e7oit le Dr William Lowenstein addictologue et le Dr Philippe Presles tabacologue.", "start_date": "2026-09-03T09:15:00+00:00", "title": "Docteur, j'ai arr\u00eat\u00e9 !"}, {"desc": "Isabelle, co-fondatrice de Catlion, un programme minceur efficace, nous explique comment g\u00e9rer la frustration au quotidien. Elle nous montre et prouve, que la pens\u00e9e positive et la motivation sont au c\u0153ur de la r\u00e9ussite d'un r\u00e9gime durable.", "start_date": "2026-09-03T09:30:00+00:00", "title": "Vieillir heureux"}, {"desc": "Quels sont les impacts de la chaleur sur notre sant\u00e9 ? Virginie Hilssone d\u00e9crypte les \u00e9v\u00e9nements m\u00e9t\u00e9orologiques et leurs effets sur notre organisme.", "start_date": "2026-09-03T10:04:00+00:00", "title": "M\u00e9t\u00e9o sant\u00e9"}, {"desc": "Le chef Cl\u00e9ment le Morcy vous accueille dans son restaurant \" le Joy \" \u00e0 Paris. Il allie le plaisir gustatif tout en respectant le bon \u00e9quilibre des lipides gr\u00e2ce aux conseils de Mich\u00e8le Rolland.", "start_date": "2026-09-03T10:10:00+00:00", "title": "Les chefs vous mettent \u00e0 table"}, {"desc": "Le chef Marc Meurin vous accueille dans son restaurant \"L'atelier de Marc Meurin\" \u00e0 Lens. Il allie le plaisir gustatif tout en respectant le bon \u00e9quilibre des lipides gr\u00e2ce aux conseils du Pr Michel Pinget.", "start_date": "2026-09-03T10:23:00+00:00", "title": "Les chefs vous mettent \u00e0 table"}, {"desc": "Cette semaine, Sabrina Perquis re\u00e7oit Sandrine Arcizet victime d'une insuffisance cardiaque et d'une rupture d'an\u00e9vrisme, elle nous raconte son parcours.", "start_date": "2026-09-03T10:37:00+00:00", "title": "Star Sant\u00e9"}, {"desc": "Chaque semaine, Marina et son \u00e9quipe accompagnent les jeunes parents dans leur quotidien avec b\u00e9b\u00e9, en partageant conseils, astuces et t\u00e9moignages. Au programme aujourd'hui : la DME.", "start_date": "2026-09-03T11:02:00+00:00", "title": "Super parents"}, {"desc": "Eddy Arlaud propose aujourd'hui une tarte aux courgettes, \u00e0 la burrata et \u00e0 la coppa.", "start_date": "2026-09-03T11:16:00+00:00", "title": "A table *2026"}, {"desc": "D\u00e9couvrons ce nouveau programme minceur qui fait fureur, alliant substitut de repas et coaching sportif, toutes les cl\u00e9s pour une perte de poids efficace et durable.", "start_date": "2026-09-03T11:21:00+00:00", "title": "Objectif minceur"}, {"desc": "Dans cette s\u00e9rie documentaire pr\u00e9sent\u00e9e par G\u00e9rald Kierzek, nos \u00e9quipes enqu\u00eatent pour mieux comprendre le cancer et les risques qui y sont associ\u00e9s. Cette semaine, on explore comment la maladie se forme, comment elle progresse, comment elle affecte le corps\u2026 et surtout, comment les \u00e9quipes m\u00e9dicales unissent leurs forces pour la traiter. Car face au cancer, rien ne se fait seul : c'est la relatio", "start_date": "2026-09-03T11:35:00+00:00", "title": "Sant\u00e9 en confiance : Le cancer"}, {"desc": "Faut-il vraiment prendre 20 minutes pour manger. Justine Corre nous r\u00e9pond.", "start_date": "2026-09-03T11:46:00+00:00", "title": "Info ou Intox"}, {"desc": null, "start_date": "2026-09-03T11:49:00+00:00", "title": "Talk Doctissimo"}, {"desc": null, "start_date": "2026-09-03T12:22:00+00:00", "title": "Tais-toi et fume !"}, {"desc": "Vous aimez prendre soin de votre sant\u00e9 et vous faites attention \u00e0 votre alimentation ? Cette \u00e9mission vous donne les cl\u00e9s pour vous sentir mieux dans votre corps et votre esprit.", "start_date": "2026-09-03T12:53:00+00:00", "title": "Bien dans mon corps"}, {"desc": "Maxime Brami pr\u00e9sentera l'\u00e9mission Sport-sant\u00e9-Technologie avec de nombreux invit\u00e9s : La pr\u00e9paration mentale des athl\u00e8tes.", "start_date": "2026-09-03T13:23:00+00:00", "title": "Sport sant\u00e9"}, {"desc": "Dans cette \u00e9mission, le docteur G\u00e9rald Kierzek donne la parole \u00e0 ceux qui r\u00e9ussit leur sevrage tabagique gr\u00e2ce \u00e0 la vape. Cette semaine, il re\u00e7oit Alice Moreau, \u00e9tudiante en communication.", "start_date": "2026-09-03T13:50:00+00:00", "title": "Docteur, j'ai arr\u00eat\u00e9 !"}, {"desc": "La cigarette traditionnelle est r\u00e9put\u00e9e pour endommager s\u00e9v\u00e8rement la peau et les dents mais qu'en est-il de la cigarette \u00e9lectronique ? On fait le point avec le Dr Philippe Presles tabacologue.", "start_date": "2026-09-03T14:04:00+00:00", "title": "La vape, et vous ?"}, {"desc": "La schizophr\u00e9nie est une maladie mentale chronique. Elle est souvent stigmatis\u00e9e pourtant elle touche 1 % de la population mondiale. On fait le point sur Top Sant\u00e9 TV.", "start_date": "2026-09-03T14:16:00+00:00", "title": "Zoom sur..."}, {"desc": "Annabelle se rend \u00e0 YUJ YOGA STUDIO et y rencontre H\u00e9l\u00e8ne pour tester le yoga sous lumi\u00e8re infrarouge : le yoga infrath\u00e9rapie.", "start_date": "2026-09-03T14:40:00+00:00", "title": "Parlons bien-\u00eatre"}, {"desc": "Intox Detox, le service de d\u00e9codage de vos questions sant\u00e9 : existe-t-il vraiment des super-aliments ?", "start_date": "2026-09-03T15:06:00+00:00", "title": "Intox Detox"}, {"desc": "Comment r\u00e9aliser un kin\u00e9sio tape pour une inflammation du tendon d'Achille \u00e0 l'arri\u00e8re du pied ?", "start_date": "2026-09-03T15:10:00+00:00", "title": "Dr Sport"}, {"desc": "Et si la crise avait un impact sur la consommation de tabac ?", "start_date": "2026-09-03T15:12:00+00:00", "title": "Tous pour la sant\u00e9"}, {"desc": "Jean-Claude Durousseaud pr\u00e9sente l'\u00e9mission pour comprendre en 2min un sujet de Sant\u00e9.", "start_date": "2026-09-03T15:22:00+00:00", "title": "2 min pour comprendre"}, {"desc": "Dans ce nouvel \u00e9pisode de la saison 5, retrouvez Sabrina Simard et Guillaume Pernic pour un entrainement Multisports.", "start_date": "2026-09-03T15:25:00+00:00", "title": "Fais ton sport \u00e0 la maison !"}, {"desc": "Chaque semaine, Jessyca Falour, entour\u00e9e de son \u00e9quipe de m\u00e9decins, r\u00e9pond \u00e0 toutes vos questions sant\u00e9 et vous apporte des conseils avis\u00e9s.", "start_date": "2026-09-03T16:12:00+00:00", "title": "La sant\u00e9 surtout"}, {"desc": "Chaque semaine, Marc, accompagn\u00e9 par son \u00e9quipe, d\u00e9crypte les derni\u00e8res actualit\u00e9s et propose des solutions pour am\u00e9liorer la sant\u00e9 mentale. Dans cette \u00e9mission, focus sur les arr\u00eats de travail.", "start_date": "2026-09-03T16:42:00+00:00", "title": "Synapse TV"}, {"desc": "Quels sont les impacts de l'ensoleillement sur notre sant\u00e9 ? Virginie Hilssone d\u00e9crypte les \u00e9v\u00e9nements m\u00e9t\u00e9orologiques et leurs effets sur notre organisme.", "start_date": "2026-09-03T17:40:00+00:00", "title": "M\u00e9t\u00e9o sant\u00e9"}, {"desc": "Jean-Claude durousseaud pr\u00e9sente l'\u00e9mission de Sant\u00e9 Capital Sant\u00e9 : Faire peau jeune.", "start_date": "2026-09-03T17:46:00+00:00", "title": "Capital Sant\u00e9"}, {"desc": "Frederique Courtadon et Serge Hefez repondent \u00e0 vos questions de Sant\u00e9 : et si on lachait prise.", "start_date": "2026-09-03T18:12:00+00:00", "title": "Bien dans ma t\u00eate"}, {"desc": "Cette semaine, Sabrina Perquis re\u00e7oit Virgilia Hess victime d'un cancer du sein durant sa grossesse.", "start_date": "2026-09-03T18:46:00+00:00", "title": "Star Sant\u00e9"}, {"desc": "Dans cette s\u00e9rie documentaire pr\u00e9sent\u00e9e par G\u00e9rald Kierzek, nos \u00e9quipes enqu\u00eatent pour mieux comprendre le cancer et les risques qui y sont associ\u00e9s. Cet \u00e9pisode met en lumi\u00e8re la pr\u00e9vention, un pilier essentiel dans la lutte contre la maladie. Adopter un mode de vie plus sain, faciliter l'acc\u00e8s aux soins et au d\u00e9pistage : ce sont des leviers essentiels pour r\u00e9duire l'incidence des cancers et am\u00e9l", "start_date": "2026-09-03T19:06:00+00:00", "title": "Sant\u00e9 en confiance : Le cancer"}, {"desc": "Dans cette \u00e9mission, le docteur G\u00e9rald Kierzek donne la parole \u00e0 ceux qui r\u00e9ussit leur sevrage tabagique gr\u00e2ce \u00e0 la vape. Cette semaine, il re\u00e7oit Hamza Abid, coach sportif.", "start_date": "2026-09-03T19:16:00+00:00", "title": "Talk Doctissimo"}, {"desc": null, "start_date": "2026-09-03T19:46:00+00:00", "title": "Tais-toi et fume !"}, {"desc": "Dans cette \u00e9mission, le docteur G\u00e9rald Kierzek donne la parole \u00e0 ceux qui r\u00e9ussit leur sevrage tabagique gr\u00e2ce \u00e0 la vape. Cette semaine, il re\u00e7oit Daria Levannier, une m\u00e8re de famille et com\u00e9dienne de doublage.", "start_date": "2026-09-03T20:19:00+00:00", "title": "Docteur, j'ai arr\u00eat\u00e9 !"}, {"desc": "Vous aimez prendre soin de votre sant\u00e9 et vous faites attention \u00e0 votre alimentation ? Cette \u00e9mission vous donne les cl\u00e9s pour vous sentir mieux dans votre corps et votre esprit.", "start_date": "2026-09-03T20:33:00+00:00", "title": "Bien dans mon corps"}, {"desc": "Maxime Brami pr\u00e9sentera l'\u00e9mission Sport-sant\u00e9-Technologie avec de nombreux invit\u00e9s : La technologie et le sport.", "start_date": "2026-09-03T20:48:00+00:00", "title": "Sport sant\u00e9"}, {"desc": "Jean-Claude Durousseaud pr\u00e9sente l'\u00e9mission pour comprendre en 2min un sujet de Sant\u00e9.", "start_date": "2026-09-03T21:17:00+00:00", "title": "2 min pour comprendre"}, {"desc": "Comment r\u00e9aliser un strapping pour une entorse du pouce ?", "start_date": "2026-09-03T21:19:00+00:00", "title": "Dr Sport"}, {"desc": "Ce documentaire d\u00e9voile les coulisses du fonctionnement du plus haut h\u00f4pital du monde et montre ses patients qui tentent tant bien que mal d'y arriver.", "start_date": "2026-09-03T21:22:00+00:00", "title": "Les porteurs de l'espoir de l'Himalaya"}, {"desc": "Comment r\u00e9aliser un strapping pour une entorse du pouce ?", "start_date": "2026-09-03T21:23:00+00:00", "title": "Dr Sport"}, {"desc": "Ce documentaire d\u00e9voile les coulisses du fonctionnement du plus haut h\u00f4pital du monde et montre ses patients qui tentent tant bien que mal d'y arriver.", "start_date": "2026-09-03T21:29:00+00:00", "title": "Les porteurs de l'espoir de l'Himalaya"}, {"desc": "Votre programme fitness Top Sant\u00e9 TV : Quand le Bodywork rencontre le Yoga.", "start_date": "2026-09-04T00:59:00+00:00", "title": "Fitness"}, {"desc": "Votre programme fitness Top Sant\u00e9 TV : Cours de Yoga d\u00e9butant.", "start_date": "2026-09-04T02:06:00+00:00", "title": "Fitness"}, {"desc": "26 minutes de fun, de sports et de d\u00e9couvertes en compagnie de vos personnalit\u00e9s favorites. Malika M\u00e9nard, ancienne miss France 2010 ouvre le bal. Cette \u00e9mission est d\u00e9di\u00e9e au hit cardio.", "start_date": "2026-09-04T02:52:00+00:00", "title": "Fitness stars"}, {"desc": "Il n'est pas si difficile de retendre un peu son ventre pour qu'il paraisse visiblement plus plat. Notre coach sportive Lorele\u00ef vous propose un petit circuit training de 4 exercices sp\u00e9cial abdos \u00e0 faire depuis son canap\u00e9 sans prise de t\u00eate.", "start_date": "2026-09-04T03:19:00+00:00", "title": "Ma gym \u00e0 la maison"}, {"desc": "L'\u00e9mission consacr\u00e9e au bien-\u00eatre de vos oreilles, pr\u00e9sent\u00e9e par Aida Touihri et son \u00e9quipe d'experts en plateau.", "start_date": "2026-09-04T03:59:00+00:00", "title": "Mieux entendre pour mieux vivre"}, {"desc": "Caroline Costa, nous parle de sa perte de poids spectaculaire, 20kg en 3 mois. Un programme minceur efficace et valid\u00e9, con\u00e7ut pour tout le monde et pour tous les go\u00fbts.", "start_date": "2026-09-04T04:13:00+00:00", "title": "Objectif minceur"}, {"desc": "Dans cette \u00e9mission, Danielle Moreau perce les cl\u00e9s pour bien vieillir. Cette semaine, elle part \u00e0 la rencontre de Dani\u00e8le Evenou qui va nous d\u00e9voiler son secret pour vieillir heureux.", "start_date": "2026-09-04T04:27:00+00:00", "title": "Vieillir heureux"}, {"desc": "Dans ce nouvel \u00e9pisode de la saison 4, retrouvez Sabrina Simard et Guillaume Pernic pour un entra\u00eenement \u00e0 ex\u00e9cuter en duo.", "start_date": "2026-09-04T04:49:00+00:00", "title": "Fais ton sport \u00e0 la maison !"}, {"desc": "Chaque semaine, Marina et son \u00e9quipe accompagnent les jeunes parents dans leur quotidien avec b\u00e9b\u00e9, en partageant conseils, astuces et t\u00e9moignages. Au programme aujourd'hui : le fait maison.", "start_date": "2026-09-04T05:36:00+00:00", "title": "Super parents"}, {"desc": "Dans cette s\u00e9rie documentaire pr\u00e9sent\u00e9e par G\u00e9rald Kierzek, nos \u00e9quipes enqu\u00eatent pour mieux comprendre le cancer et les risques qui y sont associ\u00e9s. Cette semaine, on explore comment la maladie se forme, comment elle progresse, comment elle affecte le corps\u2026 et surtout, comment les \u00e9quipes m\u00e9dicales unissent leurs forces pour la traiter. Car face au cancer, rien ne se fait seul : c'est la relatio", "start_date": "2026-09-04T05:48:00+00:00", "title": "Sant\u00e9 en confiance : Le cancer"}, {"desc": null, "start_date": "2026-09-04T05:59:00+00:00", "title": "Talk Doctissimo"}, {"desc": "Cette enqu\u00eate met en lumi\u00e8re l'histoire et l'influence du sachet de nicotine, une alternative sans combustion \u00e0 la cigarette classique, tr\u00e8s populaire en Su\u00e8de.", "start_date": "2026-09-04T06:33:00+00:00", "title": "Tais-toi et fume !"}, {"desc": "Jean-Claude Durousseaud pr\u00e9sente l'\u00e9mission de Sant\u00e9 Capital Sant\u00e9 : Comment vivre avec un diab\u00e8te de type 1.", "start_date": "2026-09-04T07:17:00+00:00", "title": "Capital Sant\u00e9"}, {"desc": "Quels sont les impacts de la pollution, en \u00e9t\u00e9, sur notre sant\u00e9 ? D'o\u00f9 vient-elle ? Virginie Hilssone d\u00e9crypte les \u00e9v\u00e9nements m\u00e9t\u00e9orologiques et leurs effets sur notre organisme.", "start_date": "2026-09-04T07:44:00+00:00", "title": "M\u00e9t\u00e9o sant\u00e9"}, {"desc": "Jean-Claude Durousseaud pr\u00e9sente l'\u00e9mission pour comprendre en 2min un sujet de Sant\u00e9.", "start_date": "2026-09-04T07:48:00+00:00", "title": "2 min pour comprendre"}, {"desc": "Claudia vous donne des astuces et conseils pour rester motiv\u00e9 tout l'\u00e9t\u00e9, suivez toutes les \u00e9tapes pour obtenir une motivation sans faille.", "start_date": "2026-09-04T07:50:00+00:00", "title": "Claudia coach"}, {"desc": "Aujourd'hui, c'est un entra\u00eenement con\u00e7u autour d'une corde fictive qui vous attend ! Nous travaillerons le cardio, les abdominaux, les \u00e9paules et le bas du corps. Corde \u00e0 sauter, squats et fentes vous attendent. Maeva propose ensuite une session de stretching pour bien r\u00e9cup\u00e9rer, tout en vous relaxant.", "start_date": "2026-09-04T08:10:00+00:00", "title": "Fais ton sport \u00e0 la maison !"}, {"desc": "Jean-Claude Durousseaud pr\u00e9sente l'\u00e9mission pour comprendre en 2min un sujet de Sant\u00e9.", "start_date": "2026-09-04T09:41:00+00:00", "title": "2 min pour comprendre"}, {"desc": "Intox Detox, le service de d\u00e9codage de vos questions sant\u00e9 : Covid-19 : les repas en famille ou entre amis sont-ils sources de risque ?", "start_date": "2026-09-04T09:43:00+00:00", "title": "Intox Detox"}, {"desc": "Frederique Courtadon et Serge Hefez repondent \u00e0 vos questions de Sant\u00e9 : comment atteindre le plaisir sexuel.", "start_date": "2026-09-04T09:47:00+00:00", "title": "Bien dans ma t\u00eate"}, {"desc": "Dans cette \u00e9mission, le docteur G\u00e9rald Kierzek donne la parole \u00e0 ceux qui r\u00e9ussit leur sevrage tabagique gr\u00e2ce \u00e0 la vape. Cette semaine, il re\u00e7oit l'influenceuse Sandra Sisley.", "start_date": "2026-09-04T10:17:00+00:00", "title": "Docteur, j'ai arr\u00eat\u00e9 !"}, {"desc": "Dans cette \u00e9mission, Danielle Moreau perce les cl\u00e9s pour bien vieillir. Cette semaine, elle part \u00e0 la rencontre de Macha M\u00e9ril qui va nous d\u00e9voiler le secret pour rester en forme.", "start_date": "2026-09-04T10:30:00+00:00", "title": "Vieillir heureux"}, {"desc": "Eddy Arlaud propose aujourd'hui une tarte aux courgettes, \u00e0 la burrata et \u00e0 la coppa.", "start_date": "2026-09-04T10:52:00+00:00", "title": "A table *2026"}, {"desc": "Quels sont les impacts du vent sur notre sant\u00e9 ? D'o\u00f9 vient-il ? Virginie Hilssone d\u00e9crypte les \u00e9v\u00e9nements m\u00e9t\u00e9orologiques et leurs effets sur notre organisme.", "start_date": "2026-09-04T10:58:00+00:00", "title": "M\u00e9t\u00e9o sant\u00e9"}, {"desc": "Le chef Marc Meurin, vous accueille dans son restaurant Monsieur Jean \u00e0 Lille. Il allie le plaisir gustatif tout en respectant le bon \u00e9quilibre des glucides gr\u00e2ce aux conseils du Pr Michel Pinget.", "start_date": "2026-09-04T11:02:00+00:00", "title": "Les chefs vous mettent \u00e0 table"}, {"desc": "Le chef Emmanuel Sibileau, vous accueille dans son restaurant le Fouquets \u00e0 Paris. Il allie le plaisir gustatif tout en respectant le bon \u00e9quilibre des lipides gr\u00e2ce aux conseils de Mich\u00e8le Rolland.", "start_date": "2026-09-04T11:15:00+00:00", "title": "Les chefs vous mettent \u00e0 table"}, {"desc": "Boire un jus de fruit \u00e9quivaut-il \u00e0 manger un fruit entier ? Laura Larlet nous r\u00e9pond.", "start_date": "2026-09-04T11:29:00+00:00", "title": "Info ou Intox"}, {"desc": "Cette semaine, Sabrina Perquis re\u00e7oit Paul El Kharrat pour revenir sur son exp\u00e9rience de la prise en charge du syndrome d'Asperger en France.", "start_date": "2026-09-04T11:32:00+00:00", "title": "Star Sant\u00e9"}, {"desc": "Chaque semaine, Marina et son \u00e9quipe accompagnent les jeunes parents dans leur quotidien avec b\u00e9b\u00e9, en partageant conseils, astuces et t\u00e9moignages. Au programme aujourd'hui : la DME.", "start_date": "2026-09-04T11:50:00+00:00", "title": "Super parents"}, {"desc": "C\u00e9cile Houdart, di\u00e9t\u00e9ticienne, nous conseille et nous d\u00e9conseille sur certaines m\u00e9thodes de prise de poids adopt\u00e9es par des stars. Tout n'est pas bon \u00e0 prendre et \u00e0 suivre, elle nous dit tout.", "start_date": "2026-09-04T12:05:00+00:00", "title": "Objectif minceur"}, {"desc": "Dans cette s\u00e9rie documentaire pr\u00e9sent\u00e9e par G\u00e9rald Kierzek, nos \u00e9quipes enqu\u00eatent pour mieux comprendre le cancer et les risques qui y sont associ\u00e9s. Cet \u00e9pisode met en lumi\u00e8re la pr\u00e9vention, un pilier essentiel dans la lutte contre la maladie. Adopter un mode de vie plus sain, faciliter l'acc\u00e8s aux soins et au d\u00e9pistage : ce sont des leviers essentiels pour r\u00e9duire l'incidence des cancers et am\u00e9l", "start_date": "2026-09-04T12:16:00+00:00", "title": "Sant\u00e9 en confiance : Le cancer"}, {"desc": null, "start_date": "2026-09-04T12:26:00+00:00", "title": "Talk Doctissimo"}, {"desc": null, "start_date": "2026-09-04T13:05:00+00:00", "title": "Tais toi et fume !"}, {"desc": "Vous aimez prendre soin de votre sant\u00e9 et vous faites attention \u00e0 votre alimentation ? Cette \u00e9mission vous donne les cl\u00e9s pour vous sentir mieux dans votre corps et votre esprit.", "start_date": "2026-09-04T13:36:00+00:00", "title": "Bien dans mon corps"}, {"desc": "Claudia vous propose un coaching pour renforcer tout votre corps, aucune partie ne sera \u00e9viter ! Vous apprendrez \u00e9galement \u00e0 faire des \u00e9tirements dynamiques afin de vous pr\u00e9parer \u00e0 l'effort.", "start_date": "2026-09-04T13:48:00+00:00", "title": "Claudia coach"}, {"desc": "Maxime Brami pr\u00e9sentera l'\u00e9mission Sport-sant\u00e9-Technologie avec de nombreux invit\u00e9s : La pr\u00e9paration mentale des athl\u00e8tes.", "start_date": "2026-09-04T14:02:00+00:00", "title": "Sport sant\u00e9"}, {"desc": "Dans cette \u00e9mission, le docteur G\u00e9rald Kierzek donne la parole \u00e0 ceux qui r\u00e9ussit leur sevrage tabagique gr\u00e2ce \u00e0 la vape. Cette semaine, il re\u00e7oit Hamza Abid, coach sportif.", "start_date": "2026-09-04T14:28:00+00:00", "title": "Docteur, j'ai arr\u00eat\u00e9 !"}, {"desc": "En France, environ 16 % des femmes continuent de fumer au troisi\u00e8me trimestre de la grossesse. Faut-il privil\u00e9gier la e-cigarette plut\u00f4t qu'une cigarette classique ? Pour r\u00e9pondre \u00e0 cette question David Hanin re\u00e7oit le Dr Philippe Presles tabacologue et psychoth\u00e9rapeute.", "start_date": "2026-09-04T14:40:00+00:00", "title": "La vape, et vous ?"}, {"desc": "Cette mol\u00e9cule, utilis\u00e9e \u00e0 des fins m\u00e9dicales, a progressivement \u00e9t\u00e9 d\u00e9tourn\u00e9e \u00e0 des fins r\u00e9cr\u00e9atives. Cette substance aussi appel\u00e9e la drogue du violeur circule et ne cesse de faire des victimes, le plus souvent des jeunes femmes drogu\u00e9es \u00e0 leur insu.", "start_date": "2026-09-04T14:52:00+00:00", "title": "Zoom sur..."}, {"desc": "Cette semaine, notre \u00e9quipe est partie \u00e0 la d\u00e9couverte de la photobiomodulation au sein de Sanamente, un lieu d\u00e9di\u00e9 au bien-\u00eatre. Gr\u00e2ce \u00e0 cette technologie bas\u00e9e sur l'action cibl\u00e9e de la lumi\u00e8re, nous testons un dispositif innovant pens\u00e9 pour favoriser la r\u00e9cup\u00e9ration, apaiser le stress et soutenir l'\u00e9quilibre du corps. Immersion dans une nouvelle approche du bien-\u00eatre.", "start_date": "2026-09-04T15:38:00+00:00", "title": "Parlons bien-\u00eatre"}, {"desc": "Intox Detox, le service de d\u00e9codage de vos questions sant\u00e9 : quels rituels adopter pour un bon sommeil ?", "start_date": "2026-09-04T15:57:00+00:00", "title": "Intox Detox"}, {"desc": "Comment r\u00e9aliser un kin\u00e9sio tape pour une inflammation du tendon d'Achille \u00e0 l'arri\u00e8re du pied ?", "start_date": "2026-09-04T16:00:00+00:00", "title": "Dr Sport"}, {"desc": "Et si la sant\u00e9 des Fran\u00e7ais \u00e9tait impact\u00e9e pour plusieurs ann\u00e9es ?", "start_date": "2026-09-04T16:04:00+00:00", "title": "Tous pour la sant\u00e9"}, {"desc": "Chaque semaine, Jessyca Falour, entour\u00e9e de son \u00e9quipe de m\u00e9decins, r\u00e9pond \u00e0 toutes vos questions sant\u00e9 et vous apporte des conseils avis\u00e9s.", "start_date": "2026-09-04T16:14:00+00:00", "title": "La sant\u00e9 surtout"}, {"desc": "Jean-Claude Durousseaud pr\u00e9sente l'\u00e9mission pour comprendre en 2min un sujet de Sant\u00e9.", "start_date": "2026-09-04T16:42:00+00:00", "title": "2 min pour comprendre"}, {"desc": "Aujourd'hui, on se retrouve pour une s\u00e9ance d'entra\u00eenement sp\u00e9ciale boxe pour travailler l'ensemble du haut du corps et les abdominaux. N'ayez crainte, vous n'aurez besoin d'aucun mat\u00e9riel, exclusivement de votre motivation. Une s\u00e9ance dynamique d\u00e9compos\u00e9e en plusieurs s\u00e9ries qui mixe \u00e0 la fois du cardio et des mouvements de boxe.", "start_date": "2026-09-04T16:45:00+00:00", "title": "Fais ton sport \u00e0 la maison !"}, {"desc": "Quels sont les impacts de la chaleur sur notre sant\u00e9 ? Virginie Hilssone d\u00e9crypte les \u00e9v\u00e9nements m\u00e9t\u00e9orologiques et leurs effets sur notre organisme.", "start_date": "2026-09-04T17:31:00+00:00", "title": "M\u00e9t\u00e9o sant\u00e9"}, {"desc": "Jean-Claude Durousseaud pr\u00e9sente l'\u00e9mission de Sant\u00e9 Capital Sant\u00e9 : mieux comprendre les hyperactifs.", "start_date": "2026-09-04T17:37:00+00:00", "title": "Capital Sant\u00e9"}, {"desc": "Cette semaine, Sabrina Perquis re\u00e7oit Paul El Kharrat pour revenir sur son exp\u00e9rience de la prise en charge du syndrome d'Asperger en France.", "start_date": "2026-09-04T18:03:00+00:00", "title": "Star Sant\u00e9"}, {"desc": null, "start_date": "2026-09-04T18:22:00+00:00", "title": "Sant\u00e9 en confiance : Le cancer"}, {"desc": null, "start_date": "2026-09-04T18:32:00+00:00", "title": "Talk Doctissimo"}, {"desc": null, "start_date": "2026-09-04T19:05:00+00:00", "title": "Tais-toi et fume !"}, {"desc": "Dans cette \u00e9mission, le docteur G\u00e9rald Kierzek donne la parole \u00e0 ceux qui r\u00e9ussit leur sevrage tabagique gr\u00e2ce \u00e0 la vape. Cette semaine, il re\u00e7oit Daria Levannier, une m\u00e8re de famille et com\u00e9dienne de doublage.", "start_date": "2026-09-04T19:37:00+00:00", "title": "Docteur, j'ai arr\u00eat\u00e9 !"}, {"desc": "Vous aimez prendre soin de votre sant\u00e9 et vous faites attention \u00e0 votre alimentation ? Cette \u00e9mission vous donne les cl\u00e9s pour vous sentir mieux dans votre corps et votre esprit.", "start_date": "2026-09-04T19:50:00+00:00", "title": "Bien dans mon corps"}, {"desc": "Maxime Brami pr\u00e9sentera l'\u00e9mission Sport-sant\u00e9-Technologie avec de nombreux invit\u00e9s : L'aviron : un sport b\u00e9n\u00e9fique pour la Sant\u00e9.", "start_date": "2026-09-04T20:05:00+00:00", "title": "Sport sant\u00e9"}, {"desc": "Jean-Claude Durousseaud pr\u00e9sente l'\u00e9mission pour comprendre en 2min un sujet de Sant\u00e9.", "start_date": "2026-09-04T20:31:00+00:00", "title": "2 min pour comprendre"}, {"desc": "Comment r\u00e9aliser un strapping pour une entorse externe du genou ?", "start_date": "2026-09-04T20:33:00+00:00", "title": "Dr Sport"}, {"desc": "Laurent Chiche et Fr\u00e9d\u00e9rique Retornaz sont m\u00e9decins internistes \u00e0 l'h\u00f4pital Europ\u00e9en de Marseille et oeuvrent pour \u00e9tablir au mieux le diagnostic qui sauvera une vie.", "start_date": "2026-09-04T20:37:00+00:00", "title": "M\u00e9decins internistes, dans l'ombre du Dr House"}, {"desc": "D\u00e9couvrez les programmes d'hypnose de Kevin Finel.", "start_date": "2026-09-04T21:30:00+00:00", "title": "Hypnose Cabinet Public"}], "offset": "+00:00", "timezone": "UTC", "error_code": -1, "start_date": "2026-09-03", "icon": ""}