{"end_date": "2026-08-30", "name": "LCP-AN-PS", "info_url": "https://epg.pw/channels/448577/20260828.html", "country": "France", "description": null, "error_message": "", "provider": "", "source_url": "https://epg.pw/api/epg.json?channel_id=448577&date=20260828&timezone=None", "epg_list": [{"desc": "Dans son nouvel album r\u00e9alis\u00e9 avec Benjamin Biolay, Jeanne Cherhal retrouve ses th\u00e8mes de pr\u00e9dilection : sa f\u00e9minit\u00e9 et ses relations amoureuses. Ses huit albums regorgent de textes li\u00e9s \u00e0 l'amour qu'elle porte aux hommes. Si elle \"a toujours senti que le f\u00e9minisme et l'amour des hommes pouvaient cohabiter\", elle reconna\u00eet que c'est un enjeu majeur de l'\u00e9poque.", "start_date": "2026-08-28T18:32:00+00:00", "title": "Quai n\u00b08"}, {"desc": "De 1972 \u00e0 1975, des math\u00e9maticiens regroup\u00e9s autour de Laurent Schwartz ont men\u00e9 campagne \u00e0 l'Ouest pour faire lib\u00e9rer un confr\u00e8re ukrainien, L\u00e9onid Pliouchtch.", "start_date": "2026-08-28T19:01:00+00:00", "title": "Ces math\u00e9maticiens qui firent plier le Kremlin"}, {"desc": "Plus qu'aucun autre corps de m\u00e9tier, les cheminots ont \u00e9t\u00e9 un des rouages essentiels de la R\u00e9sistance int\u00e9rieure contre les nazis et paieront un lourd tribut.", "start_date": "2026-08-28T20:00:00+00:00", "title": "39-45 : les cheminots dans la r\u00e9sistance"}, {"desc": "Cette semaine, le plateau accueille Bartabas, l'homme de sc\u00e8ne et de chevaux qu'on ne pr\u00e9sente plus, pour un \u00e9tonnant r\u00e9cit intitul\u00e9 \"Les Cogne-Trottoirs\", publi\u00e9 chez Gallimard, et la jeune Pauline Peyrade, elle-m\u00eame autrice de th\u00e9\u00e2tre, qui publie son second roman, \"Les Habitantes\", aux Editions de Minuit.", "start_date": "2026-08-28T20:55:00+00:00", "title": "Au bonheur des livres"}, {"desc": "La vie num\u00e9rique promettait le meilleur mais, entre addiction, troubles de l'attention et exposition continue, a-t-elle ouvert les portes de l'enfer ? Anna Cabana et Christophe Ono-dit-Biot se retrouvent pour parler d'un objet qui donne l'illusion de tenir l'univers entre ses mains, mais qui semble beaucoup plus manipuler celui qui le manipule.", "start_date": "2026-08-28T21:31:00+00:00", "title": "Le banquet"}, {"desc": "Un d\u00e9jeuner partag\u00e9 avec le chef Alan Geaam, propri\u00e9taire des restaurants Alan Geaam, pour parler du zaatar, un m\u00e9lange d'herbes orientales, d'\u00e9pices du levant.", "start_date": "2026-08-28T22:27:00+00:00", "title": "Politiques, \u00e0 table !"}, {"desc": "Nano-habitats: des logements respectueux de l'environnement. Conservation du b\u00e2ti existant, mat\u00e9riaux recycl\u00e9s, espaces modulables et r\u00e9utilisables... quand le b\u00e2timent se met \u00e0 l'heure du d\u00e9veloppement durable.", "start_date": "2026-08-28T23:23:00+00:00", "title": "Construire pour l'avenir"}, {"desc": "La commission des affaires culturelles auditionne Christophe Leribault, pr\u00e9sident-directeur du mus\u00e9e du Louvre depuis f\u00e9vrier 2026, succ\u00e9dant \u00e0 Laurence des Cars.", "start_date": "2026-08-28T23:27:00+00:00", "title": "La s\u00e9ance est ouverte !"}, {"desc": "Le 23 juin, d\u00e9put\u00e9s et s\u00e9nateurs sont parvenus \u00e0 un accord sur le projet de loi actualisant la programmation militaire de 2023. Le texte pr\u00e9voit 36 milliards d'euros suppl\u00e9mentaires, portant \u00e0 436 milliards d'euros le budget consacr\u00e9 aux arm\u00e9es pour la p\u00e9riode 2024 \u00e0 2030.", "start_date": "2026-08-29T00:01:00+00:00", "title": "La s\u00e9ance est ouverte !"}, {"desc": null, "start_date": "2026-08-29T00:51:00+00:00", "title": "Questions au gouvernement"}, {"desc": "La r\u00e9daction de LCP vous propose les morceaux choisis des s\u00e9ances publiques dans l'h\u00e9micycle et des s\u00e9ances de travaux ou des auditions en commissions.", "start_date": "2026-08-29T01:00:00+00:00", "title": "La s\u00e9ance est ouverte !"}, {"desc": "Mercredi 1er juillet, les d\u00e9put\u00e9s ont d\u00e9finitivement adopt\u00e9 une proposition de loi pour garantir un avocat aux enfants plac\u00e9s ou prot\u00e9g\u00e9s par l'aide sociale \u00e0 l'enfance (ASE).", "start_date": "2026-08-29T01:25:00+00:00", "title": "La s\u00e9ance est ouverte !"}, {"desc": null, "start_date": "2026-08-29T02:19:00+00:00", "title": "Histoires de timbres"}, {"desc": null, "start_date": "2026-08-29T02:30:00+00:00", "title": "100% S\u00e9nat"}, {"desc": "Les d\u00e9put\u00e9s de la commission des lois auditionnent Fran\u00e7ois-No\u00ebl Buffet, dont la nomination au poste de D\u00e9fenseur des droits a \u00e9t\u00e9 propos\u00e9e par Emmanuel Macron.", "start_date": "2026-08-29T02:50:00+00:00", "title": "La s\u00e9ance est ouverte !"}, {"desc": "Au XIXe si\u00e8cle, une riche communaut\u00e9 britannique s'installe \u00e0 Pau. L'aristocratie et les fortunes de toute de l'Europe venaient se soigner \u00e0 Arcachon.", "start_date": "2026-08-29T04:01:00+00:00", "title": "Patrimoines de France"}, {"desc": "En France, 523 communes sont confront\u00e9es \u00e0 l'\u00e9rosion c\u00f4ti\u00e8re mais c'est en Camargue que le ph\u00e9nom\u00e8ne est le plus inqui\u00e9tant. Le niveau de la mer y augmente de pr\u00e8s de 4 mm par an.", "start_date": "2026-08-29T04:18:00+00:00", "title": "Dans ma ville"}, {"desc": "Au XVIIe si\u00e8cle, la vall\u00e9e de Bar\u00e9tous a vu na\u00eetre les mousquetaires. A partir du XIIe si\u00e8cle, l'Aveyron abrite les Templiers, puis l'ordre des Hospitaliers.", "start_date": "2026-08-29T04:28:00+00:00", "title": "Patrimoines de France"}, {"desc": "Tous les deux jours un agriculteur se suicide. Le risque est 30% sup\u00e9rieur \u00e0 la moyenne nationale. Et pourtant l'omerta r\u00e8gne encore sur ce ph\u00e9nom\u00e8ne.", "start_date": "2026-08-29T04:32:00+00:00", "title": "Circo"}, {"desc": "Tous les deux ans, le d\u00e9put\u00e9 Modem du Calvados Christophe Blanchet fait le tour de sa circonscription en v\u00e9lo, \u00e0 la rencontre des \u00e9lus et des citoyens. Un p\u00e9riple ambitieux de 900 km en 12 jours, avec pas moins de 117 \u00e9tapes programm\u00e9es.", "start_date": "2026-08-29T04:46:00+00:00", "title": "Circo"}, {"desc": "En France, 523 communes sont confront\u00e9es \u00e0 l'\u00e9rosion c\u00f4ti\u00e8re mais c'est en Camargue que le ph\u00e9nom\u00e8ne est le plus inqui\u00e9tant. Le niveau de la mer y augmente de pr\u00e8s de 4 mm par an.", "start_date": "2026-08-29T04:49:00+00:00", "title": "Dans ma ville"}, {"desc": null, "start_date": "2026-08-29T05:29:00+00:00", "title": "Mediterraneo"}, {"desc": "Dans les coulisses de la tr\u00e8s m\u00e9diatique commission d'enqu\u00eate parlementaire sur l'audiovisuel public dont Charles Alloncle a assur\u00e9 la fonction de rapporteur.", "start_date": "2026-08-29T06:01:00+00:00", "title": "Audiovisuel public : les secrets d'une commission"}, {"desc": "Madeleine Braun, d\u00e9put\u00e9e communiste de 1945 \u00e0 1951, s'engage contre la guerre d'Espagne, puis dans la R\u00e9sistance fran\u00e7aise contre l'occupation nazie, et devient la premi\u00e8re femme \u00e0 pr\u00e9sider une s\u00e9ance \u00e0 l'Assembl\u00e9e nationale, le 30 juillet 1946.", "start_date": "2026-08-29T06:53:00+00:00", "title": "Visages des assembl\u00e9es"}, {"desc": "La vie num\u00e9rique promettait le meilleur mais, entre addiction, troubles de l'attention et exposition continue, a-t-elle ouvert les portes de l'enfer ? Anna Cabana et Christophe Ono-dit-Biot se retrouvent pour parler d'un objet qui donne l'illusion de tenir l'univers entre ses mains, mais qui semble beaucoup plus manipuler celui qui le manipule.", "start_date": "2026-08-29T06:58:00+00:00", "title": "Le banquet"}, {"desc": "C'est l'histoire d'une passion, celle d'un jeune couple pour la f\u00e8ve de cacao. Install\u00e9e pr\u00e8s de Lille, leur manufacture baptis\u00e9e Encuentro r\u00e9gale avec des chocolats pr\u00e9par\u00e9s \u00e0 partir de f\u00e8ves d'une quinzaine de vari\u00e9t\u00e9s de cacao diff\u00e9rentes. Une visite ultra gourmande dans cette ancienne filature o\u00f9 coulent des litres de chocolat.", "start_date": "2026-08-29T07:53:00+00:00", "title": "A table *2026"}, {"desc": "A la d\u00e9couverte de la Seine-Saint-Denis, aux cot\u00e9s de Maxime, Charles, Nicolas, Anne, St\u00e9phane et Fanny qui s'engagent pour am\u00e9liorer le quotidien des habitants.", "start_date": "2026-08-29T07:57:00+00:00", "title": "Notre futur a de l'avenir"}, {"desc": "Proche d'Eric Ciotti, Bartolom\u00e9 Lenoir si\u00e8ge au groupe \"Union des droites pour la R\u00e9publique\" (UDR) \u00e0 l'Assembl\u00e9e.", "start_date": "2026-08-29T08:22:00+00:00", "title": "La politique et moi"}, {"desc": "Il a \u00e9t\u00e9 entrepreneur, patron de start up et consultant chez McKinsey. Devenu d\u00e9put\u00e9 en 2022, Paul Midy se bat aujourd'hui pour mieux r\u00e9guler Internet.", "start_date": "2026-08-29T08:35:00+00:00", "title": "La politique et moi"}, {"desc": "\"Orion 26\" est un exercice d'engagement majeur qui a mobilis\u00e9 jusqu'\u00e0 12 500 militaires, 1 800 v\u00e9hicules tactiques, 140 a\u00e9ronefs ainsi que 1200 drones.", "start_date": "2026-08-29T08:49:00+00:00", "title": "Le journal de la D\u00e9fense"}, {"desc": "En op\u00e9ration comme en entra\u00eenement, le soldat emporte avec lui l'\u00e9quipement le plus adapt\u00e9 \u00e0 chaque milieu. La ration de combat, cette bo\u00eete de moins de 2kg qui permet aux soldats de s'alimenter pendant 24 heures, n'est pas un simple repas. Des entreprises agro-alimentaires qui fournissent les arm\u00e9es aux cuisines d'un chef \u00e9toil\u00e9, zoom sur les secrets de ces rations.", "start_date": "2026-08-29T09:17:00+00:00", "title": "Le journal de la D\u00e9fense"}, {"desc": "\"La tomate, star des beaux jours\": La tomate : c'est la star de l'\u00e9t\u00e9 et le fruit pr\u00e9f\u00e9r\u00e9 des Fran\u00e7ais. Mais c'est aussi un produit sous le feu des critiques.", "start_date": "2026-08-29T09:46:00+00:00", "title": "VIP Very Important Paysans"}, {"desc": "Un d\u00e9jeuner partag\u00e9 avec le d\u00e9put\u00e9 \"Les D\u00e9mocrates\" de Saint-Barth\u00e9lemy et Saint-Martin, Frantz Gumbs pour parler des syst\u00e8mes de production en aquaponie.", "start_date": "2026-08-29T10:44:00+00:00", "title": "Politiques, \u00e0 table !"}, {"desc": null, "start_date": "2026-08-29T11:42:00+00:00", "title": "QE, l'\u00e9mission qui augmente votre Quotient \u00e9conomique"}, {"desc": "Poursuivis \u00e0 la fois par Jacques, monsieur Gaillard et la police, Gabriel et Christine tentent de d\u00e9voiler les atroces pratiques du cruel marquis.", "start_date": "2026-08-29T12:12:00+00:00", "title": "La poup\u00e9e sanglante"}, {"desc": "Aid\u00e9 de B\u00e9n\u00e9dict, Jacques et monsieur Gaillard parviennent \u00e0 d\u00e9livrer Christine des griffes du marquis, membre d'une secte de buveurs de sang.", "start_date": "2026-08-29T13:07:00+00:00", "title": "La poup\u00e9e sanglante"}, {"desc": "Vivre dans les communes aux alentours de Roissy, c'est subir des nuisances sonores au quotidien, de jour comme de nuit. Avec ses 470 000 d\u00e9collages ou atterrissages en 2024, dont 17 000 la nuit, l'a\u00e9roport n'offre pas de r\u00e9pit \u00e0 ses riverains. Or les nuisances sonores repr\u00e9sentent un vrai danger pour la sant\u00e9. Mais comment les r\u00e9duire ?", "start_date": "2026-08-29T14:03:00+00:00", "title": "Circo"}, {"desc": "Partout en France, les villes touristiques sont confront\u00e9es \u00e0 la crise du logement : de plus en plus de touristes en centre-ville et de moins en moins d'habitants.", "start_date": "2026-08-29T14:16:00+00:00", "title": "Circo"}, {"desc": null, "start_date": "2026-08-29T14:31:00+00:00", "title": "Un monde, un regard"}, {"desc": "Un voyage dans la seule province officiellement bilingue anglais/fran\u00e7ais du Canada et o\u00f9 les Acadien(ne)s ont la langue fran\u00e7aise chevill\u00e9e au coeur.", "start_date": "2026-08-29T14:59:00+00:00", "title": "Destination francophonie"}, {"desc": "En Corse, \u00e0 bord de son c\u00e9l\u00e8bre combi, Nathalie Schraen-Guirma emprunte la route qui relie les beaux plus villages de la Balagne en compagnie de Michel Fugain.", "start_date": "2026-08-29T15:30:00+00:00", "title": "Sur les routes mythiques de France"}, {"desc": "Dans la capitale fran\u00e7aise, au XIXe si\u00e8cle, le luxe c\u00f4toie la mis\u00e8re, et la soci\u00e9t\u00e9 bourgeoise croise dans ses rues le Paris des marges, \u00e0 commencer par les prostitu\u00e9es.", "start_date": "2026-08-29T16:22:00+00:00", "title": "Patrimoines de France"}, {"desc": "Immigr\u00e9 italien fascin\u00e9 par l'Am\u00e9rique, le jeune Ivo Livi r\u00eavait d'\u00eatre Fred Astaire ou Gary Cooper. Il deviendra Yves Montand : portrait d'un acteur et chanteur engag\u00e9.", "start_date": "2026-08-29T17:17:00+00:00", "title": "Montand est \u00e0 nous"}, {"desc": "Ce sont de futurs gymnastes, nageurs, patineurs, joueurs de hockey, de tennis ou de football mais leur enfance est sacrifi\u00e9e sur l'autel du sport de haut niveau.", "start_date": "2026-08-29T18:58:00+00:00", "title": "Futurs champions, le prix de la gloire"}, {"desc": "Nadia Comaneci, prodige de la gymnastique, m\u00e9daill\u00e9e aux JO de Montr\u00e9al 1976, a affront\u00e9 \u00e0 la fois le regard des juges et celui de la dictature de Ceausescu.", "start_date": "2026-08-29T20:31:00+00:00", "title": "Nadia Comaneci, la gymnaste et le dictateur"}, {"desc": "Le proc\u00e8s pour espionnage des Rosenberg, une couple de juifs am\u00e9ricains, fut un pr\u00e9lude de la guerre froide avant de devenir le symbole d'une parodie de justice.", "start_date": "2026-08-29T21:30:00+00:00", "title": "Les Rosenberg, des espions au coeur de l'Am\u00e9rique"}, {"desc": "En Corse, \u00e0 bord de son c\u00e9l\u00e8bre combi, Nathalie Schraen-Guirma emprunte la route qui relie les beaux plus villages de la Balagne en compagnie de Michel Fugain.", "start_date": "2026-08-29T22:32:00+00:00", "title": "Sur les routes mythiques de France"}, {"desc": "Cette semaine, le plateau accueille Bartabas, l'homme de sc\u00e8ne et de chevaux qu'on ne pr\u00e9sente plus, pour un \u00e9tonnant r\u00e9cit intitul\u00e9 \"Les Cogne-Trottoirs\", publi\u00e9 chez Gallimard, et la jeune Pauline Peyrade, elle-m\u00eame autrice de th\u00e9\u00e2tre, qui publie son second roman, \"Les Habitantes\", aux Editions de Minuit.", "start_date": "2026-08-29T23:31:00+00:00", "title": "Au bonheur des livres"}, {"desc": "Retour sur la lutte qui opposa Edouard Balladur \u00e0 Jacques Chirac lors de l'\u00e9lection pr\u00e9sidentielle de 1995, tenant les \u00e9lecteurs en haleine.", "start_date": "2026-08-30T00:00:00+00:00", "title": "Balladur - Chirac : mensonges et trahisons"}], "offset": "+00:00", "timezone": "UTC", "error_code": -1, "start_date": "2026-08-28", "icon": ""}